{"id":5302,"date":"2020-08-23T00:22:46","date_gmt":"2020-08-22T21:22:46","guid":{"rendered":"https:\/\/by-tv.co.uk\/?p=5302"},"modified":"2020-08-23T00:23:26","modified_gmt":"2020-08-22T21:23:26","slug":"ingilterede-haziran-ayinda-koronavirus-nedeniyle-depresyona-girenlerin-sayisi-ikiye-katlandi","status":"publish","type":"post","link":"https:\/\/by-tv.co.uk\/en\/ingilterede-haziran-ayinda-koronavirus-nedeniyle-depresyona-girenlerin-sayisi-ikiye-katlandi\/","title":{"rendered":"\u0130ngiltere&#8217;de Haziran ay\u0131nda koronavir\u00fcs nedeniyle depresyona girenlerin say\u0131s\u0131 ikiye katland\u0131"},"content":{"rendered":"<p>Ulusal \u0130statistik B\u00fcrosu verilerine g\u00f6re Britanya\u2019da koronavir\u00fcs nedeniyle depresyona girenlerin say\u0131s\u0131 ikiye katland\u0131.<\/p>\n<p>BBC T\u00fcrk\u00e7e&#8217;nin aktard\u0131\u011f\u0131na g\u00f6re Ankete kat\u0131lan 3.500 ki\u015finin %19,2\u2019si (her be\u015f ki\u015fiden biri) Haziran ay\u0131nda depresyona girdiklerini s\u00f6yledi. Bu oran Mart ay\u0131 \u00f6ncesindeki dokuz ayl\u0131k d\u00f6neme k\u0131yasla iki kat fazla. Koronavir\u00fcs \u00f6ncesi d\u00f6nemde depresyonda olduklar\u0131n\u0131 s\u00f6yleyenlerin oran\u0131 %9,7\u2019ydi.<br \/>\n<iframe loading=\"lazy\" src=\"https:\/\/www.youtube.com\/embed\/Lv3eb2BcLCw\" width=\"1280\" height=\"720\" frameborder=\"0\" allowfullscreen=\"allowfullscreen\"><\/iframe><\/p>\n<p>Pandemi d\u00f6neminde depresyon en \u00e7ok gen\u00e7 yeti\u015fkinler, kad\u0131nlar ve engelliler ile beklenmedik harcamalar\u0131 kar\u015f\u0131lamakta zorlananlarda g\u00f6r\u00fcld\u00fc.<\/p><div id=\"briti-617498959\" class=\"briti-icerik\" style=\"margin-top: 5px;margin-bottom: 5px;\"><a href=\"https:\/\/piaryum.com\/services\/\" aria-label=\"piaryum banner\"><img loading=\"lazy\" decoding=\"async\" src=\"https:\/\/by-tv.co.uk\/wp-content\/uploads\/2025\/12\/Gemini_Generated_Image_g5yqr1g5yqr1g5yq.jpg\" alt=\"\"  width=\"2064\" height=\"1152\"   \/><\/a><\/div>\n<p>Her sekiz yeti\u015fken birinde \u2018\u0131l\u0131ml\u0131 ile ciddi\u2019 seviyeleri aras\u0131nda depresyon belirtileri g\u00f6r\u00fcl\u00fcrken %3,5 oran\u0131nda kat\u0131l\u0131mc\u0131da ise ayn\u0131 d\u00f6nemde iyile\u015fme belirtileri g\u00f6r\u00fcld\u00fc.<\/p>\n<p>Toplumun hemen hemen her kesimi Covid-19 sonras\u0131 depresyona girse de, en \u00e7ok art\u0131\u015f 16-39 ya\u015f aras\u0131nda ya\u015fand\u0131.<\/p>\n<p>Temmuz 2019 ve Mart 2020 aras\u0131nda, bu ya\u015f grubunun %11\u2019i depresyona girerken, Haziran ay\u0131nda bu oran %31\u2019e \u00e7\u0131kt\u0131.<\/p>\n<div id=\"briti-2773943598\" class=\"briti-icerikten-sonra_2\" style=\"margin-top: 25px;margin-bottom: 25px;\"><a href=\"https:\/\/wa.me\/message\/NDZLLIOQT4H3O1\" aria-label=\"bytv reklam banner\"><img loading=\"lazy\" decoding=\"async\" src=\"https:\/\/by-tv.co.uk\/wp-content\/uploads\/2025\/12\/bytv-reklam-banner.jpg\" alt=\"\"  width=\"2376\" height=\"1008\"   \/><\/a><\/div>","protected":false},"excerpt":{"rendered":"<p>Ulusal \u0130statistik B\u00fcrosu verilerine g\u00f6re Britanya\u2019da koronavir\u00fcs nedeniyle depresyona girenlerin say\u0131s\u0131 ikiye katland\u0131. BBC T\u00fcrk\u00e7e&#8217;nin aktard\u0131\u011f\u0131na g\u00f6re Ankete kat\u0131lan 3.500 ki\u015finin %19,2\u2019si (her be\u015f ki\u015fiden biri) Haziran ay\u0131nda depresyona girdiklerini s\u00f6yledi. Bu oran Mart ay\u0131 \u00f6ncesindeki dokuz ayl\u0131k d\u00f6neme k\u0131yasla iki kat fazla. Koronavir\u00fcs \u00f6ncesi d\u00f6nemde depresyonda olduklar\u0131n\u0131 s\u00f6yleyenlerin oran\u0131 %9,7\u2019ydi. Pandemi d\u00f6neminde depresyon en \u00e7ok gen\u00e7 yeti\u015fkinler, kad\u0131nlar ve engelliler ile beklenmedik harcamalar\u0131 kar\u015f\u0131lamakta zorlananlarda g\u00f6r\u00fcld\u00fc. Her sekiz yeti\u015fken birinde \u2018\u0131l\u0131ml\u0131 ile ciddi\u2019 seviyeleri aras\u0131nda depresyon belirtileri g\u00f6r\u00fcl\u00fcrken %3,5 oran\u0131nda kat\u0131l\u0131mc\u0131da ise ayn\u0131 d\u00f6nemde iyile\u015fme belirtileri g\u00f6r\u00fcld\u00fc. Toplumun hemen hemen her kesimi Covid-19 sonras\u0131 depresyona girse de, en \u00e7ok [&hellip;]<\/p>\n","protected":false},"author":1,"featured_media":4123,"comment_status":"open","ping_status":"open","sticky":false,"template":"","format":"standard","meta":{"ngg_post_thumbnail":0,"footnotes":""},"categories":[1],"tags":[808,1549,1550],"class_list":["post-5302","post","type-post","status-publish","format-standard","has-post-thumbnail","hentry","category-genel","tag-covid-19","tag-depresyon","tag-pandemi"],"_links":{"self":[{"href":"https:\/\/by-tv.co.uk\/en\/wp-json\/wp\/v2\/posts\/5302","targetHints":{"allow":["GET"]}}],"collection":[{"href":"https:\/\/by-tv.co.uk\/en\/wp-json\/wp\/v2\/posts"}],"about":[{"href":"https:\/\/by-tv.co.uk\/en\/wp-json\/wp\/v2\/types\/post"}],"author":[{"embeddable":true,"href":"https:\/\/by-tv.co.uk\/en\/wp-json\/wp\/v2\/users\/1"}],"replies":[{"embeddable":true,"href":"https:\/\/by-tv.co.uk\/en\/wp-json\/wp\/v2\/comments?post=5302"}],"version-history":[{"count":0,"href":"https:\/\/by-tv.co.uk\/en\/wp-json\/wp\/v2\/posts\/5302\/revisions"}],"wp:featuredmedia":[{"embeddable":true,"href":"https:\/\/by-tv.co.uk\/en\/wp-json\/wp\/v2\/media\/4123"}],"wp:attachment":[{"href":"https:\/\/by-tv.co.uk\/en\/wp-json\/wp\/v2\/media?parent=5302"}],"wp:term":[{"taxonomy":"category","embeddable":true,"href":"https:\/\/by-tv.co.uk\/en\/wp-json\/wp\/v2\/categories?post=5302"},{"taxonomy":"post_tag","embeddable":true,"href":"https:\/\/by-tv.co.uk\/en\/wp-json\/wp\/v2\/tags?post=5302"}],"curies":[{"name":"wp","href":"https:\/\/api.w.org\/{rel}","templated":true}]}}