{"id":5223,"date":"2020-08-17T14:11:10","date_gmt":"2020-08-17T11:11:10","guid":{"rendered":"https:\/\/by-tv.co.uk\/?p=5223"},"modified":"2020-08-17T14:11:10","modified_gmt":"2020-08-17T11:11:10","slug":"asrin-felaketinin-uzerinden-21-yil-gecti-17-agustos-1999-depremi","status":"publish","type":"post","link":"https:\/\/by-tv.co.uk\/en\/asrin-felaketinin-uzerinden-21-yil-gecti-17-agustos-1999-depremi\/","title":{"rendered":"&#8220;Asr\u0131n felaketi&#8221;nin \u00fczerinden 21 y\u0131l ge\u00e7ti :17 A\u011fustos 1999 Depremi"},"content":{"rendered":"<p>Merkez \u00fcss\u00fc Kocaeli&#8217;nin G\u00f6lc\u00fck il\u00e7esi olan ve &#8220;asr\u0131n felaketi&#8221; olarak tan\u0131mlanan Marmara Depremi&#8217;nin ard\u0131ndan ge\u00e7en 21 y\u0131l ge\u00e7ti.<\/p>\n<p><img loading=\"lazy\" decoding=\"async\" class=\"alignleft size-full wp-image-5224\" src=\"https:\/\/by-tv.co.uk\/wp-content\/uploads\/2020\/08\/20200817_5_43922466_57472339_RASTER-scaled.jpg\" alt=\"\" width=\"2324\" height=\"2560\" title=\"\"><\/p>\n<div id=\"briti-2342545257\" class=\"briti-icerikten-sonra_2\" style=\"margin-top: 25px;margin-bottom: 25px;\"><a href=\"https:\/\/wa.me\/message\/NDZLLIOQT4H3O1\" aria-label=\"bytv reklam banner\"><img loading=\"lazy\" decoding=\"async\" src=\"https:\/\/by-tv.co.uk\/wp-content\/uploads\/2025\/12\/bytv-reklam-banner.jpg\" alt=\"\"  width=\"2376\" height=\"1008\"   \/><\/a><\/div>","protected":false},"excerpt":{"rendered":"<p>Merkez \u00fcss\u00fc Kocaeli&#8217;nin G\u00f6lc\u00fck il\u00e7esi olan ve &#8220;asr\u0131n felaketi&#8221; olarak tan\u0131mlanan Marmara Depremi&#8217;nin ard\u0131ndan ge\u00e7en 21 y\u0131l ge\u00e7ti.<\/p>","protected":false},"author":1,"featured_media":0,"comment_status":"open","ping_status":"open","sticky":false,"template":"","format":"standard","meta":{"ngg_post_thumbnail":0,"footnotes":""},"categories":[1],"tags":[1485,1484],"class_list":["post-5223","post","type-post","status-publish","format-standard","hentry","category-genel","tag-kocaeli","tag-marmara-depremi"],"_links":{"self":[{"href":"https:\/\/by-tv.co.uk\/en\/wp-json\/wp\/v2\/posts\/5223","targetHints":{"allow":["GET"]}}],"collection":[{"href":"https:\/\/by-tv.co.uk\/en\/wp-json\/wp\/v2\/posts"}],"about":[{"href":"https:\/\/by-tv.co.uk\/en\/wp-json\/wp\/v2\/types\/post"}],"author":[{"embeddable":true,"href":"https:\/\/by-tv.co.uk\/en\/wp-json\/wp\/v2\/users\/1"}],"replies":[{"embeddable":true,"href":"https:\/\/by-tv.co.uk\/en\/wp-json\/wp\/v2\/comments?post=5223"}],"version-history":[{"count":0,"href":"https:\/\/by-tv.co.uk\/en\/wp-json\/wp\/v2\/posts\/5223\/revisions"}],"wp:attachment":[{"href":"https:\/\/by-tv.co.uk\/en\/wp-json\/wp\/v2\/media?parent=5223"}],"wp:term":[{"taxonomy":"category","embeddable":true,"href":"https:\/\/by-tv.co.uk\/en\/wp-json\/wp\/v2\/categories?post=5223"},{"taxonomy":"post_tag","embeddable":true,"href":"https:\/\/by-tv.co.uk\/en\/wp-json\/wp\/v2\/tags?post=5223"}],"curies":[{"name":"wp","href":"https:\/\/api.w.org\/{rel}","templated":true}]}}