{"id":5194,"date":"2020-08-16T18:54:50","date_gmt":"2020-08-16T15:54:50","guid":{"rendered":"https:\/\/by-tv.co.uk\/?p=5194"},"modified":"2024-08-13T18:02:13","modified_gmt":"2024-08-13T17:02:13","slug":"ingilterede-siyahlarin-hayati-onemlidir-gosterileriyle-asiri-sag-daha-da-radikallesti","status":"publish","type":"post","link":"https:\/\/by-tv.co.uk\/en\/ingilterede-siyahlarin-hayati-onemlidir-gosterileriyle-asiri-sag-daha-da-radikallesti\/","title":{"rendered":"\u0130ngiltere&#8217;de &#8216;Siyahlar\u0131n hayat\u0131 \u00f6nemlidir&#8217; g\u00f6sterileriyle a\u015f\u0131r\u0131 sa\u011f daha da radikalle\u015fti"},"content":{"rendered":"<p>LONDRA (AA) &#8211; ABD&#8217;de siyahi George Floyd\u2019un polisler taraf\u0131ndan \u00f6ld\u00fcr\u00fclmesinin ard\u0131ndan \u0130ngiltere\u2019de d\u00fczenlenen &#8220;Siyahlar\u0131n hayat\u0131 \u00f6nemlidir&#8221; (Black lives matter) g\u00f6sterileriyle, \u0130ngiliz a\u015f\u0131r\u0131 sa\u011f\u0131n\u0131n daha da radikalle\u015fti\u011fi belirtildi.<\/p>\n<p>Independent gazetesinin haberine g\u00f6re, \u0130ngiltere&#8217;de \u0131rk\u00e7\u0131l\u0131k kar\u015f\u0131t\u0131 kampanyalar y\u00fcr\u00fcten Nefret Etme Umut Et (Hope Not Hate) hareketinin yay\u0131mlad\u0131\u011f\u0131 raporda, a\u015f\u0131r\u0131 sa\u011f Yurtsever Alternatif (Patriotic Alternative) grubuna \u0130ngilizlerin deste\u011finin artt\u0131\u011f\u0131 ve bunun &#8220;daha a\u00e7\u0131k \u0131rk\u00e7\u0131 politikaya ge\u00e7i\u015fe&#8221; i\u015faret etti\u011fi de\u011ferlendirmesi yer ald\u0131.<\/p>\n<p>Raporun yazar\u0131 Simon Murdoch, beyaz olmayanlar\u0131n \u0130ngiltere&#8217;den s\u0131n\u0131r d\u0131\u015f\u0131 edilmeleri \u00e7a\u011fr\u0131s\u0131 yapan yeni Yurtsever Alternatif grubuna, Neo-Nazi ve baz\u0131 \u0131l\u0131ml\u0131 hareketlerde faaliyet y\u00fcr\u00fctenlerin destek verdi\u011fine dikkati \u00e7ekerek, grubun b\u00fcy\u00fck bir tehdit oldu\u011fu uyar\u0131s\u0131nda bulundu.<\/p><div id=\"briti-1728113273\" class=\"briti-icerik\" style=\"margin-top: 5px;margin-bottom: 5px;\"><a href=\"https:\/\/piaryum.com\/services\/\" aria-label=\"piaryum banner\"><img loading=\"lazy\" decoding=\"async\" src=\"https:\/\/by-tv.co.uk\/wp-content\/uploads\/2025\/12\/Gemini_Generated_Image_g5yqr1g5yqr1g5yq.jpg\" alt=\"\"  width=\"2064\" height=\"1152\"   \/><\/a><\/div>\n<p>Grubun \u0130ngiliz a\u015f\u0131r\u0131 sa\u011f\u0131n\u0131, gen\u00e7 aktivistlerle birle\u015ftirme \u00e7abas\u0131 i\u00e7erisinde oldu\u011fu de\u011ferlendirmesinde bulunan Murdoch&#8217;a g\u00f6re, &#8220;Bat\u0131 medeniyeti beyaz medeniyettir&#8221; ve &#8220;G\u00f6\u00e7\u00fc durdur, \u00fclkesine geri d\u00f6n\u00fc\u015f\u00fc ba\u015flat&#8221; gibi sloganlarla sosyal medyada \u0131rk\u00e7\u0131 etiketleri d\u00fcnyaya yaymaya \u00e7al\u0131\u015fan \u0130ngiltere merkezli Hundred Handers grubuyla yeni Yurtsever Alternatif grubu aras\u0131nda ba\u011flant\u0131 bulunuyor.<\/p>\n<p>Murdoch, \u0130ngiltere&#8217;de a\u015f\u0131r\u0131 sa\u011fc\u0131 aktivistlerin ideolojik olarak \u00e7ok daha a\u015f\u0131r\u0131 hale geldi\u011fine i\u015faret ederek, &#8220;ABD&#8217;de siyahi George Floyd\u2019un polisler taraf\u0131ndan \u00f6ld\u00fcr\u00fclmesinin ard\u0131ndan \u0130ngiltere\u2019de d\u00fczenlenen &#8216;Siyahlar\u0131n hayat\u0131 \u00f6nemlidir&#8217; g\u00f6sterileri ve d\u00fczensiz g\u00f6\u00e7men say\u0131lar\u0131ndaki art\u0131\u015f a\u015f\u0131r\u0131 sa\u011fc\u0131lar\u0131n tutumlar\u0131n\u0131 etkiledi.&#8221; ifadesini kulland\u0131.<\/p>\n<p>Rapor, a\u015f\u0131r\u0131 sa\u011fc\u0131 gruplar\u0131n \u00fcyeleri aras\u0131ndaki \u00e7evrim i\u00e7i sohbetlerde a\u015f\u0131r\u0131 \u0131rk\u00e7\u0131l\u0131k, Holokost&#8217;un inkar\u0131 ve fa\u015fizme sayg\u0131 dolu s\u00f6zlerin s\u0131k\u00e7a kullan\u0131ld\u0131\u011f\u0131n\u0131 da ortaya koydu.<\/p>\n<div id=\"briti-2382393472\" class=\"briti-icerikten-sonra_2\" style=\"margin-top: 25px;margin-bottom: 25px;\"><a href=\"https:\/\/wa.me\/message\/NDZLLIOQT4H3O1\" aria-label=\"bytv reklam banner\"><img loading=\"lazy\" decoding=\"async\" src=\"https:\/\/by-tv.co.uk\/wp-content\/uploads\/2025\/12\/bytv-reklam-banner.jpg\" alt=\"\"  width=\"2376\" height=\"1008\"   \/><\/a><\/div>","protected":false},"excerpt":{"rendered":"<p>LONDRA (AA) &#8211; ABD&#8217;de siyahi George Floyd\u2019un polisler taraf\u0131ndan \u00f6ld\u00fcr\u00fclmesinin ard\u0131ndan \u0130ngiltere\u2019de d\u00fczenlenen &#8220;Siyahlar\u0131n hayat\u0131 \u00f6nemlidir&#8221; (Black lives matter) g\u00f6sterileriyle, \u0130ngiliz a\u015f\u0131r\u0131 sa\u011f\u0131n\u0131n daha da radikalle\u015fti\u011fi belirtildi. Independent gazetesinin haberine g\u00f6re, \u0130ngiltere&#8217;de \u0131rk\u00e7\u0131l\u0131k kar\u015f\u0131t\u0131 kampanyalar y\u00fcr\u00fcten Nefret Etme Umut Et (Hope Not Hate) hareketinin yay\u0131mlad\u0131\u011f\u0131 raporda, a\u015f\u0131r\u0131 sa\u011f Yurtsever Alternatif (Patriotic Alternative) grubuna \u0130ngilizlerin deste\u011finin artt\u0131\u011f\u0131 ve bunun &#8220;daha a\u00e7\u0131k \u0131rk\u00e7\u0131 politikaya ge\u00e7i\u015fe&#8221; i\u015faret etti\u011fi de\u011ferlendirmesi yer ald\u0131. Raporun yazar\u0131 Simon Murdoch, beyaz olmayanlar\u0131n \u0130ngiltere&#8217;den s\u0131n\u0131r d\u0131\u015f\u0131 edilmeleri \u00e7a\u011fr\u0131s\u0131 yapan yeni Yurtsever Alternatif grubuna, Neo-Nazi ve baz\u0131 \u0131l\u0131ml\u0131 hareketlerde faaliyet y\u00fcr\u00fctenlerin destek verdi\u011fine dikkati \u00e7ekerek, grubun b\u00fcy\u00fck bir tehdit oldu\u011fu [&hellip;]<\/p>\n","protected":false},"author":1,"featured_media":0,"comment_status":"open","ping_status":"open","sticky":false,"template":"","format":"standard","meta":{"ngg_post_thumbnail":0,"footnotes":""},"categories":[15],"tags":[1461,1460],"class_list":["post-5194","post","type-post","status-publish","format-standard","hentry","category-ingiltere","tag-black-lives-matter","tag-hope-not-hate"],"_links":{"self":[{"href":"https:\/\/by-tv.co.uk\/en\/wp-json\/wp\/v2\/posts\/5194","targetHints":{"allow":["GET"]}}],"collection":[{"href":"https:\/\/by-tv.co.uk\/en\/wp-json\/wp\/v2\/posts"}],"about":[{"href":"https:\/\/by-tv.co.uk\/en\/wp-json\/wp\/v2\/types\/post"}],"author":[{"embeddable":true,"href":"https:\/\/by-tv.co.uk\/en\/wp-json\/wp\/v2\/users\/1"}],"replies":[{"embeddable":true,"href":"https:\/\/by-tv.co.uk\/en\/wp-json\/wp\/v2\/comments?post=5194"}],"version-history":[{"count":0,"href":"https:\/\/by-tv.co.uk\/en\/wp-json\/wp\/v2\/posts\/5194\/revisions"}],"wp:attachment":[{"href":"https:\/\/by-tv.co.uk\/en\/wp-json\/wp\/v2\/media?parent=5194"}],"wp:term":[{"taxonomy":"category","embeddable":true,"href":"https:\/\/by-tv.co.uk\/en\/wp-json\/wp\/v2\/categories?post=5194"},{"taxonomy":"post_tag","embeddable":true,"href":"https:\/\/by-tv.co.uk\/en\/wp-json\/wp\/v2\/tags?post=5194"}],"curies":[{"name":"wp","href":"https:\/\/api.w.org\/{rel}","templated":true}]}}