{"id":5072,"date":"2020-08-09T18:42:45","date_gmt":"2020-08-09T15:42:45","guid":{"rendered":"https:\/\/by-tv.co.uk\/?p=5072"},"modified":"2020-08-09T21:29:31","modified_gmt":"2020-08-09T18:29:31","slug":"antik-cagdan-gunumuze-yasayan-kent-assos","status":"publish","type":"post","link":"https:\/\/by-tv.co.uk\/en\/antik-cagdan-gunumuze-yasayan-kent-assos\/","title":{"rendered":"Antik \u00c7a\u011f&#8217;dan g\u00fcn\u00fcm\u00fcze ya\u015fayan kent: Assos"},"content":{"rendered":"<div style=\"width: 640px;\" class=\"wp-video\"><video class=\"wp-video-shortcode\" id=\"video-5072-1\" width=\"640\" height=\"360\" preload=\"metadata\" controls=\"controls\"><source type=\"video\/mp4\" src=\"https:\/\/by-tv.co.uk\/wp-content\/uploads\/2020\/08\/20200809_3_43812075_57313205_Web-1.mp4?_=1\" \/><a href=\"https:\/\/by-tv.co.uk\/wp-content\/uploads\/2020\/08\/20200809_3_43812075_57313205_Web-1.mp4\">https:\/\/by-tv.co.uk\/wp-content\/uploads\/2020\/08\/20200809_3_43812075_57313205_Web-1.mp4<\/a><\/video><\/div>\n<p>&nbsp;<\/p>\n<p>&nbsp;<\/p>\n<p><strong>\u00c7ANAKKALE(AA) &#8211; Antik \u00c7a\u011f&#8217;\u0131n en \u00f6nemli liman kentlerinden biri <\/strong>olan, \u00c7anakkale&#8217;nin Ayvac\u0131k il\u00e7esine ba\u011fl\u0131 Behramkale k\u00f6y\u00fc s\u0131n\u0131rlar\u0131 i\u00e7indeki Assos, 1800&#8217;l\u00fc y\u0131llardan bu yana aral\u0131klarla, 1981&#8217;den sonra da 39 y\u0131ld\u0131r aral\u0131ks\u0131z kaz\u0131 \u00e7al\u0131\u015fmas\u0131 y\u00fcr\u00fct\u00fclen, d\u00fcnyan\u0131n say\u0131l\u0131 antik kentleri aras\u0131nda yer al\u0131yor.<\/p>\n<p>Antik \u00c7a\u011f&#8217;da &#8220;Troas&#8221; olarak adland\u0131r\u0131lan b\u00f6lgenin g\u00fcney ucunda volkanik bir tepenin zirvesi ve yama\u00e7lar\u0131nda, Yunanistan&#8217;\u0131n Midilli Adas\u0131&#8217;n\u0131n kar\u015f\u0131s\u0131nda kurulan kent, as\u0131rlar boyunca bir\u00e7ok medeniyete ev sahipli\u011fi yapt\u0131.<\/p>\n<p><strong>Assos Antik Kenti&#8217;n<\/strong>de ilk kez ABD&#8217;li arkeologlar\u0131n 1800&#8217;l\u00fc y\u0131llarda ger\u00e7ekle\u015ftirdi\u011fi kaz\u0131lara, uzun bir aran\u0131n ard\u0131ndan 1981&#8217;de yeniden ba\u015fland\u0131. B\u00f6lgede T\u00fcrk bilim insanlar\u0131nca 39 y\u0131ld\u0131r kaz\u0131 \u00e7al\u0131\u015fmas\u0131 y\u00fcr\u00fct\u00fcl\u00fcyor.<\/p><div id=\"briti-2130672216\" class=\"briti-icerik\" style=\"margin-top: 5px;margin-bottom: 5px;\"><a href=\"https:\/\/piaryum.com\/services\/\" aria-label=\"piaryum banner\"><img loading=\"lazy\" decoding=\"async\" src=\"https:\/\/by-tv.co.uk\/wp-content\/uploads\/2025\/12\/Gemini_Generated_Image_g5yqr1g5yqr1g5yq.jpg\" alt=\"\"  width=\"2064\" height=\"1152\"   \/><\/a><\/div>\n<p><strong>\u00c7anakkale Onsekiz Mart \u00dcniversitesi (\u00c7OM\u00dc) Fen Edebiyat Fak\u00fcltesi Arkeoloji B\u00f6l\u00fcm\u00fc \u00d6\u011fretim \u00dcyesi ve Assos Antik Kenti Kaz\u0131 Heyeti Ba\u015fkan\u0131 Prof. Dr. Nurettin Arslan<\/strong>, AA muhabirine, kaz\u0131 \u00e7al\u0131\u015fmalar\u0131 hakk\u0131nda bilgi verdi.<\/p>\n<p>Kaz\u0131 ve restorasyon \u00e7al\u0131\u015fmalar\u0131n\u0131n K\u00fclt\u00fcr ve Turizm Bakanl\u0131\u011f\u0131 ile T\u00fcrk Tarih Kurumunun deste\u011fi, \u0130\u00c7DA\u015e&#8217;\u0131n ana sponsorlu\u011funda s\u00fcrd\u00fc\u011f\u00fcn\u00fc belirten Arslan, bakanl\u0131\u011f\u0131n ald\u0131\u011f\u0131 karar kapsam\u0131nda T\u00fcrkiye&#8217;de 12 ay boyunca s\u00fcrd\u00fcr\u00fclen kaz\u0131lar i\u00e7inde Assos&#8217;un da bulundu\u011funu hat\u0131rlatt\u0131.<\/p>\n<p>Bu y\u0131l t\u00fcm d\u00fcnyay\u0131 etkileyen yeni tip koronavir\u00fcs (Kovid-19) pandemisi nedeniyle kaz\u0131 program\u0131ndaki baz\u0131 k\u0131s\u0131mlar\u0131 yeniden g\u00f6zden ge\u00e7irdiklerini anlatan Prof. Dr. Arslan, &#8220;\u00c7\u00fcnk\u00fc pandemi nedeniyle daha dikkatli olmam\u0131z gerekiyor. O y\u00fczden de ekibi k\u00fc\u00e7\u00fck tuttuk. \u0130\u015f\u00e7ilerimizi de daha k\u00fc\u00e7\u00fck bir grup halinde tuttuk. \u00c7al\u0131\u015fma program\u0131m\u0131z\u0131 da buna g\u00f6re y\u00f6nlendirdik.&#8221; dedi.<\/p>\n<p>Arslan, bu y\u0131l a\u011f\u0131rl\u0131kl\u0131 olarak yakla\u015f\u0131k 3 aydan beri akropolde \u00e7al\u0131\u015fmalara devam ettiklerini belirterek, s\u00f6zlerini \u015f\u00f6yle s\u00fcrd\u00fcrd\u00fc:<\/p>\n<p>&#8220;Akropol ziyaret\u00e7ilerin en fazla u\u011frad\u0131\u011f\u0131 yerlerden bir tanesi asl\u0131nda. Bu y\u00fczden orada ge\u00e7mi\u015f y\u0131llardan belki y\u00fczy\u0131llarca \u00f6nce yap\u0131lm\u0131\u015f kaz\u0131lar\u0131n topraklar\u0131 y\u0131\u011f\u0131nlar halinde durmaktayd\u0131 ve ziyaret\u00e7iler dolay\u0131s\u0131yla kazmak zordu. Ziyaret\u00e7ilerin say\u0131s\u0131n\u0131n azald\u0131\u011f\u0131 bu d\u00f6nemde bu alandaki topraklar\u0131 atarak tap\u0131na\u011f\u0131n en az\u0131ndan ana kaya \u00fczerindeki daha ihti\u015faml\u0131 bir g\u00f6r\u00fcn\u00fcm\u00fcn\u00fc elde etmeye \u00e7al\u0131\u015ft\u0131k. Yine akropolisteki Bizans d\u00f6nemi sarn\u0131\u00e7lar\u0131m\u0131z vard\u0131. Bunlar\u0131n \u00f6n\u00fcnde kaz\u0131lar s\u00fcrd\u00fcr\u00fcld\u00fc. Burada bu sarn\u0131\u00e7lar\u0131 besleyen kanallar\u0131 ortaya \u00e7\u0131kard\u0131k.&#8221;<\/p>\n<h4>Pandemi nedeniyle depo \u00e7al\u0131\u015fmalar\u0131na a\u011f\u0131rl\u0131k verdik<\/h4>\n<p>Prof. Dr. Arslan, pandemi nedeniyle akropoldeki kaz\u0131lara paralel olarak, kaz\u0131lar\u0131n yap\u0131lmas\u0131 gereken i\u015flerden bir tanesi olan depo \u00e7al\u0131\u015fmalar\u0131na a\u011f\u0131rl\u0131k vereceklerini belirtti.<\/p>\n<p>Daha \u00f6nceki kaz\u0131larda bulunmu\u015f olan malzemelerin restorasyonunu ve onar\u0131m\u0131n\u0131 yapacaklar\u0131n\u0131 dile getiren Arslan, &#8220;Bunlar\u0131n yay\u0131na d\u00f6n\u00fc\u015ft\u00fcr\u00fclmesi konusunda da \u00e7al\u0131\u015fmalar\u0131m\u0131z devam ediyor. Bu kapsamda \u00f6zellikle burada g\u00f6revli olan arkeologlar\u0131m\u0131z, T\u00fcrk Tarih Kurumunun istihdam etti\u011fi arkeologlar g\u00f6revlerini yerine getirmekte. Bu kaz\u0131 ocak ay\u0131na kadar kesintisiz devam edecek.&#8221; \u015feklinde konu\u015ftu.<\/p>\n<h4>Assos en \u00e7ok ziyaret edilen 10 \u00f6ren yeri aras\u0131nda<\/h4>\n<p>Assos&#8217;un her zaman ilgi \u00e7eken bir antik kent oldu\u011funu bu y\u0131l koronavir\u00fcs d\u00f6neminde de bu ilginin azalmad\u0131\u011f\u0131n\u0131 vurgulayan Nurettin Arslan, \u015funlar\u0131 kaydetti:<\/p>\n<p>&#8220;Bu d\u00f6nem bizi \u015fa\u015f\u0131rtan konulardan bir tanesi pandemi d\u00f6nemine ra\u011fmen T\u00fcrkiye&#8217;deki en \u00e7ok ziyaret\u00e7i gelen \u00f6ren yerleri aras\u0131nda Assos&#8217;un 10&#8217;uncu s\u0131raya y\u00fckseldi\u011fini \u00f6\u011frendik. Bu da \u015funu g\u00f6steriyor. Assos yerli turistlerin daha \u00e7ok ziyaret etti\u011fi bir yer. O y\u00fczden de her d\u00f6nem her y\u0131l asl\u0131nda ziyaret\u00e7i say\u0131s\u0131 hi\u00e7bir zaman azalm\u0131yor. Ekonomik kriz ya da bu t\u00fcr pandemik olaylar\u0131n bunu etkilemedi\u011fini g\u00f6r\u00fcyoruz. Hala bu b\u00f6lgeye insanlar\u0131n b\u00fcy\u00fck bir ilgisi var. O y\u00fczden de bizim \u00e7evre d\u00fczenlemesi projemiz maalesef hala tamamlanamad\u0131. 3 y\u0131ldan beri devam ediyor. \u00c7\u00fcnk\u00fc insanlar\u0131n tiyatro ve kentin di\u011fer yerlerine girmelerinde s\u0131k\u0131nt\u0131lar ya\u015fanabiliyor. Ayn\u0131 zamanda bir in\u015faat havas\u0131 var maalesef. O y\u00fczden bizim temennimiz \u00e7evre d\u00fczenlemesi \u00e7al\u0131\u015fmalar\u0131n\u0131n bir an \u00f6nce bitirilip, gelen ziyaret\u00e7ilerin rahat bir \u015fekilde kenti gezmelerini arzu ediyoruz.&#8221;<\/p>\n<h4>B\u00f6lge ya\u015fayan bir kent olarak varl\u0131\u011f\u0131n\u0131 s\u00fcrd\u00fcr\u00fcyor<\/h4>\n<p>Nurettin Arslan, Assos ve \u00e7evresinin kendine \u00f6zg\u00fc \u00f6zelliklerini bar\u0131nd\u0131ran bir b\u00f6lge oldu\u011funu anlatt\u0131.<\/p>\n<p>Her antik kentin kendine \u00f6zg\u00fc \u00f6zellikleri bulundu\u011funu ancak Assos&#8217;un birden fazla \u00f6zelli\u011fi oldu\u011funu aktaran Prof. Dr. Arslan, \u015funlar\u0131 s\u00f6yledi:<\/p>\n<p>&#8220;Buras\u0131 ya\u015fayan bir kent. Yani antik d\u00f6nemden bug\u00fcne kadar hi\u00e7bir zaman terk edilmemi\u015f hala \u00fczerinde ya\u015fam\u0131n devam etti\u011fi bir kent. Bunun d\u0131\u015f\u0131nda yine denizi insanlar taraf\u0131ndan olduk\u00e7a tercih edilen bir merkez. Onun d\u0131\u015f\u0131nda kamp yapmak isteyen, otellerde kalmak isteyen, denize girmek isteyen insanlar i\u00e7inde limanda ya da Kad\u0131rga Koyu&#8217;nda bu t\u00fcr hizmetleri verebilen, onlar\u0131n ihtiya\u00e7lar\u0131n\u0131 kar\u015f\u0131layabilen kentlerden bir tanesi. Bir ba\u015fkas\u0131, iklimi belki de. Akdeniz&#8217;deki kentlere nazaran buran\u0131n iklimi daha serin. Burada nem biraz daha az oldu\u011fu i\u00e7in s\u0131cak havada insanlar burada daha iyi vakit ge\u00e7irebiliyor.<\/p>\n<p>Onun d\u0131\u015f\u0131nda yine k\u00f6y k\u00fclt\u00fcr\u00fc. Antik kentin i\u00e7inde eski bir k\u00f6y var. Burada oteller, pansiyonlar, kafeler var. \u0130nsanlarda denize girmek, dinlenmek, bir antik kenti g\u00f6rmek, s\u00f6rf yapmak, kamp yapmak ya da y\u00fcr\u00fcy\u00fc\u015f yapmak gibi bir s\u00fcr\u00fc farkl\u0131 ihtiya\u00e7lar\u0131n\u0131 ya da isteklerini, arzular\u0131n\u0131 bu kentte bulabilmekte, yerine getirmekte. Bunun d\u0131\u015f\u0131nda bu kentin bir ba\u015fka \u00f6zelli\u011fi etraf\u0131n\u0131n, do\u011fas\u0131n\u0131n bozulmam\u0131\u015f olmas\u0131 da \u00f6nemli. Gelen insanlara sordu\u011fumuz zaman akropole \u00e7\u0131k\u0131p \u00e7evreye bakt\u0131\u011f\u0131m\u0131z zaman u\u00e7suz bucaks\u0131z deniz ve onu ku\u015fatan makileri, a\u011fa\u00e7lar\u0131 g\u00f6r\u00fcyorsunuz.&#8221;<\/p>\n<div id=\"briti-4256848945\" class=\"briti-icerikten-sonra_2\" style=\"margin-top: 25px;margin-bottom: 25px;\"><a href=\"https:\/\/wa.me\/message\/NDZLLIOQT4H3O1\" aria-label=\"bytv reklam banner\"><img loading=\"lazy\" decoding=\"async\" src=\"https:\/\/by-tv.co.uk\/wp-content\/uploads\/2025\/12\/bytv-reklam-banner.jpg\" alt=\"\"  width=\"2376\" height=\"1008\"   \/><\/a><\/div>","protected":false},"excerpt":{"rendered":"<p>&nbsp; &nbsp; \u00c7ANAKKALE(AA) &#8211; Antik \u00c7a\u011f&#8217;\u0131n en \u00f6nemli liman kentlerinden biri olan, \u00c7anakkale&#8217;nin Ayvac\u0131k il\u00e7esine ba\u011fl\u0131 Behramkale k\u00f6y\u00fc s\u0131n\u0131rlar\u0131 i\u00e7indeki Assos, 1800&#8217;l\u00fc y\u0131llardan bu yana aral\u0131klarla, 1981&#8217;den sonra da 39 y\u0131ld\u0131r aral\u0131ks\u0131z kaz\u0131 \u00e7al\u0131\u015fmas\u0131 y\u00fcr\u00fct\u00fclen, d\u00fcnyan\u0131n say\u0131l\u0131 antik kentleri aras\u0131nda yer al\u0131yor. Antik \u00c7a\u011f&#8217;da &#8220;Troas&#8221; olarak adland\u0131r\u0131lan b\u00f6lgenin g\u00fcney ucunda volkanik bir tepenin zirvesi ve yama\u00e7lar\u0131nda, Yunanistan&#8217;\u0131n Midilli Adas\u0131&#8217;n\u0131n kar\u015f\u0131s\u0131nda kurulan kent, as\u0131rlar boyunca bir\u00e7ok medeniyete ev sahipli\u011fi yapt\u0131. Assos Antik Kenti&#8217;nde ilk kez ABD&#8217;li arkeologlar\u0131n 1800&#8217;l\u00fc y\u0131llarda ger\u00e7ekle\u015ftirdi\u011fi kaz\u0131lara, uzun bir aran\u0131n ard\u0131ndan 1981&#8217;de yeniden ba\u015fland\u0131. B\u00f6lgede T\u00fcrk bilim insanlar\u0131nca 39 y\u0131ld\u0131r kaz\u0131 \u00e7al\u0131\u015fmas\u0131 y\u00fcr\u00fct\u00fcl\u00fcyor. \u00c7anakkale Onsekiz Mart \u00dcniversitesi [&hellip;]<\/p>\n","protected":false},"author":1,"featured_media":5075,"comment_status":"open","ping_status":"open","sticky":false,"template":"","format":"standard","meta":{"ngg_post_thumbnail":0,"footnotes":""},"categories":[1292],"tags":[1319,1320,1321,641],"class_list":["post-5072","post","type-post","status-publish","format-standard","has-post-thumbnail","hentry","category-turkiye","tag-antik-cag","tag-kazi-calismalari","tag-kultur-turizmi","tag-kultur-ve-turizm-bakanligi"],"_links":{"self":[{"href":"https:\/\/by-tv.co.uk\/en\/wp-json\/wp\/v2\/posts\/5072","targetHints":{"allow":["GET"]}}],"collection":[{"href":"https:\/\/by-tv.co.uk\/en\/wp-json\/wp\/v2\/posts"}],"about":[{"href":"https:\/\/by-tv.co.uk\/en\/wp-json\/wp\/v2\/types\/post"}],"author":[{"embeddable":true,"href":"https:\/\/by-tv.co.uk\/en\/wp-json\/wp\/v2\/users\/1"}],"replies":[{"embeddable":true,"href":"https:\/\/by-tv.co.uk\/en\/wp-json\/wp\/v2\/comments?post=5072"}],"version-history":[{"count":0,"href":"https:\/\/by-tv.co.uk\/en\/wp-json\/wp\/v2\/posts\/5072\/revisions"}],"wp:featuredmedia":[{"embeddable":true,"href":"https:\/\/by-tv.co.uk\/en\/wp-json\/wp\/v2\/media\/5075"}],"wp:attachment":[{"href":"https:\/\/by-tv.co.uk\/en\/wp-json\/wp\/v2\/media?parent=5072"}],"wp:term":[{"taxonomy":"category","embeddable":true,"href":"https:\/\/by-tv.co.uk\/en\/wp-json\/wp\/v2\/categories?post=5072"},{"taxonomy":"post_tag","embeddable":true,"href":"https:\/\/by-tv.co.uk\/en\/wp-json\/wp\/v2\/tags?post=5072"}],"curies":[{"name":"wp","href":"https:\/\/api.w.org\/{rel}","templated":true}]}}