{"id":5035,"date":"2020-08-08T21:16:22","date_gmt":"2020-08-08T18:16:22","guid":{"rendered":"https:\/\/by-tv.co.uk\/?p=5035"},"modified":"2020-08-08T21:17:44","modified_gmt":"2020-08-08T18:17:44","slug":"deva-partisinden-doviz-kurlarinda-yasanan-gelismeler-karsisinda-hukumete-10-maddelik-cozum-oneri-paketi","status":"publish","type":"post","link":"https:\/\/by-tv.co.uk\/en\/deva-partisinden-doviz-kurlarinda-yasanan-gelismeler-karsisinda-hukumete-10-maddelik-cozum-oneri-paketi\/","title":{"rendered":"DEVA Partisi&#8217;nden d\u00f6viz kurlar\u0131nda ya\u015fanan geli\u015fmeler kar\u015f\u0131s\u0131nda h\u00fckumete 10 maddelik \u00e7\u00f6z\u00fcm \u00f6neri paketi"},"content":{"rendered":"<p>DEVA Partisi d\u00f6viz kurlar\u0131nda ya\u015fanan geli\u015fmeler kar\u015f\u0131s\u0131nda h\u00fckumete 10 maddelik \u00e7\u00f6z\u00fcm \u00f6neri paketi sundu. Yap\u0131lan a\u00e7\u0131klamada &#8220;g\u00fcn\u00fc kurtarmaya y\u00f6nelik uygulamalar \u00fclkemizin i\u00e7inde bulundu\u011fu ekonomik sorunlara sebep olmu\u015f ve TL k\u00f6t\u00fc y\u00f6netimin elinde de\u011fersizle\u015fmi\u015ftir&#8221; denildi.<\/p>\n<p>Ali Babacan&#8217;\u0131n ba\u015fkanl\u0131\u011f\u0131n\u0131 yapt\u0131\u011f\u0131 DEVA Partisi&#8217;nin d\u00f6viz kurlar\u0131ndaki art\u0131\u015f\u0131n sebeplerini ve \u00e7\u00f6z\u00fcm \u00f6nerilerini sundu\u011fu bas\u0131n a\u00e7\u0131klamas\u0131 a\u015fa\u011f\u0131daki yer al\u0131yor.<\/p>\n<h4>T\u00dcRK L\u0130RASI\u2018NIN DE\u011eER KAYBININ NEDENLER\u0130 VE \u00c7\u00d6Z\u00dcM \u00d6NER\u0130LER\u0130NE \u0130L\u0130\u015eK\u0130N BASIN A\u00c7IKLAMASI<\/h4>\n<p><em>Son g\u00fcnlerde d\u00f6viz kurlar\u0131nda ya\u015fanan geli\u015fmeler neticesinde T\u00fcrk Liras\u0131, ge\u00e7en y\u0131l sonuna g\u00f6re, Amerikan Dolar\u0131 kar\u015f\u0131s\u0131nda y\u00fczde 23, Avro kar\u015f\u0131s\u0131nda ise y\u00fczde 29 oran\u0131nda de\u011fer kaybetmi\u015ftir. T\u00fcrk Liras\u0131 bahsedilen d\u00f6nemde geli\u015fmekte olan \u00fclkeler aras\u0131nda en k\u00f6t\u00fc performans g\u00f6steren para birimlerinden birisi olmu\u015ftur.<\/em><\/p><div id=\"briti-3489042363\" class=\"briti-icerik\" style=\"margin-top: 5px;margin-bottom: 5px;\"><a href=\"https:\/\/piaryum.com\/services\/\" aria-label=\"piaryum banner\"><img loading=\"lazy\" decoding=\"async\" src=\"https:\/\/by-tv.co.uk\/wp-content\/uploads\/2025\/12\/Gemini_Generated_Image_g5yqr1g5yqr1g5yq.jpg\" alt=\"\"  width=\"2064\" height=\"1152\"   \/><\/a><\/div>\n<p><em>T\u00fcrk Liras\u0131\u2019n\u0131n y\u00fcksek de\u011fer kayb\u0131 ya\u015fad\u0131\u011f\u0131 ve istikrars\u0131z oldu\u011fu d\u00f6nemlerde yat\u0131r\u0131mc\u0131lar risk almak istememektedir. Bu durum, ekonomiyi yava\u015flatmakta, yeni i\u015flerin do\u011fmas\u0131na engel olmakta ve hatta mevcut i\u015fleri azaltmaktad\u0131r. COVID-19 ile artan istihdam ve gelir kay\u0131plar\u0131 bu ortamda daha da derinle\u015fmektedir.<\/em><\/p>\n<p><em>T\u00fcrk Liras\u0131\u2019ndaki de\u011fer kayb\u0131 toplumun sat\u0131n al\u0131m g\u00fcc\u00fcn\u00fc azaltmaktad\u0131r. \u00d6zellikle \u00fccretli kesimin geliri enflasyon kar\u015f\u0131s\u0131nda erimekte ve yoksulluk yayg\u0131nla\u015fmaktad\u0131r.<\/em><br \/>\n<em>T\u00fcrk Liras\u0131\u2019na g\u00fcvenin kayboldu\u011fu b\u00f6yle d\u00f6nemlerde vatanda\u015flar tasarruflar\u0131n\u0131 alternatif para birimlerine y\u00f6nlendirmekte, bunun sonucunda T\u00fcrk Liras\u0131\u2019ndaki de\u011fer kayb\u0131 daha da derinle\u015fti\u011fi gibi, ekonomi i\u00e7erisinden \u00e7\u0131k\u0131lmaz bir k\u0131s\u0131r d\u00f6ng\u00fcye girmektedir.<\/em><\/p>\n<p><em>\u00dclkemizin pek \u00e7ok alanda oldu\u011fu gibi, ekonomi alan\u0131nda da ya\u015fad\u0131\u011f\u0131 sorunlar\u0131n temel sebebi k\u00f6t\u00fc y\u00f6netimdir.G\u00fcvenilir olmaktan uzak ve sadece g\u00fcn\u00fc kurtarmay\u0131 hedefleyen ekonomi<\/em><br \/>\n<em>uygulamalar\u0131, T\u00fcrk Liras\u0131\u2019n\u0131n son y\u0131llarda g\u00f6sterdi\u011fi k\u00f6t\u00fc performansta b\u00fcy\u00fck rol oynam\u0131\u015ft\u0131r. Merkez Bankas\u0131 ve ekonomideki kilit kurumlar\u0131n ba\u011f\u0131ms\u0131z ve objektif bir anlay\u0131\u015fla \u00e7al\u0131\u015fmas\u0131n\u0131n engellenmesi ve bu kurumlar\u0131n kapasitelerindeki zay\u0131flama da bu geli\u015fmelerde etkili olmu\u015ftur.<\/em><\/p>\n<p><em>Para politikalar\u0131 kurals\u0131z ve enflasyon hedeflemesinden uzak bir \u015fekilde uygulanmaya ba\u015flanm\u0131\u015f, Merkez Bankas\u0131 rezervleri \u015feffafl\u0131ktan yoksun bir \u015fekilde d\u00f6viz piyasalar\u0131na m\u00fcdahale amac\u0131yla kullan\u0131lm\u0131\u015ft\u0131r.T\u00fcrk Liras\u0131\u2019n\u0131n dola\u015f\u0131m\u0131na y\u00f6nelik getirilen s\u0131n\u0131rlamalar ve i\u00e7e kapat\u0131c\u0131 politikalar, T\u00fcrk Liras\u0131\u2019n\u0131n kredibilitesini ve konvertibilitesini olumsuz etkilemektedir. Ranta ve verimsiz sekt\u00f6rlere dayal\u0131 b\u00fcy\u00fcme modelini s\u00fcrd\u00fcrebilmek i\u00e7in kamu bankalar\u0131 arac\u0131l\u0131\u011f\u0131yla da\u011f\u0131t\u0131lan krediler, dola\u015f\u0131mdaki para miktar\u0131n\u0131 \u00f6l\u00e7\u00fcs\u00fczce art\u0131rmaktad\u0131r.<\/em><\/p>\n<blockquote class=\"twitter-tweet\">\n<p dir=\"ltr\" lang=\"tr\">Son d\u00f6nemde ekonomimizde ve finansal piyasalarda ya\u015fanan geli\u015fmelerin kapsaml\u0131 bir analizini ve sorunlar\u0131n \u00e7\u00f6z\u00fcm\u00fc i\u00e7in yap\u0131lmas\u0131 gerekenleri bu programda izleyebilirsiniz. <a href=\"https:\/\/t.co\/z1qMYwyhW5\">https:\/\/t.co\/z1qMYwyhW5<\/a><\/p>\n<p>\u2014 Ali Babacan (@alibabacan) <a href=\"https:\/\/twitter.com\/alibabacan\/status\/1292043117399552001?ref_src=twsrc%5Etfw\" target=\"_blank\" rel=\"noopener\">August 8, 2020<\/a><\/p><\/blockquote>\n<p><script async src=\"https:\/\/platform.twitter.com\/widgets.js\" charset=\"utf-8\"><\/script><\/p>\n<p><em>Kontrolden \u00e7\u0131kan kamu harcamalar\u0131 ve ekonomideki yava\u015flama sonucunda azalan vergi gelirleri, b\u00fct\u00e7e disiplininden ciddi bi\u00e7imde uzakla\u015f\u0131lmas\u0131na sebep olmu\u015ftur. Y\u0131llar \u00f6nce terkedilen d\u00f6vize dayal\u0131 i\u00e7 bor\u00e7lanma uygulamas\u0131na geri d\u00f6n\u00fclmesi, kamu finansman\u0131 \u00fczerindeki yap\u0131sal riskleri daha da kal\u0131c\u0131 hale getirmektedir. Sa\u011flam paras\u0131 olmayan devletlerin m\u00fcreffeh toplumlar\u0131 olamaz. T\u00fcrk Liras\u0131\u2019n\u0131n yitirdi\u011fi de\u011fer ve itibar\u0131n yeniden kazan\u0131lmas\u0131 i\u00e7in DEVA Partisi olarak a\u015fa\u011f\u0131daki politikalar\u0131 \u00f6nermekteyiz:<\/em><\/p>\n<blockquote><p><em>1. \u0130\u00e7sel tutarl\u0131l\u0131\u011fa sahip, teknik kalitesi y\u00fcksek ve g\u00fcven veren orta vadeli bir program kat\u0131l\u0131mc\u0131 bir anlay\u0131\u015fla haz\u0131rlanmal\u0131 ve kararl\u0131l\u0131kla uygulanmal\u0131d\u0131r. \u0130\u00e7 ve d\u0131\u015f finansman dengelerine ili\u015fkin ger\u00e7ek\u00e7i ve tutarl\u0131 bir \u00e7er\u00e7eve ortaya konulmal\u0131d\u0131r. Ola\u011fan\u00fcst\u00fc mali ve parasal \u00f6nlemlerin orta vadede nas\u0131l normalle\u015ftirilece\u011fine ili\u015fkin yol haritas\u0131na yer verilmelidir.<\/em><\/p>\n<p><em>2. Merkez Bankas\u0131, elindeki t\u00fcm ara\u00e7lar\u0131 enflasyon hedeflemesi, dalgal\u0131 kur ve serbest sermaye hareketleri anlay\u0131\u015f\u0131na uygun, ba\u011f\u0131ms\u0131z ve etkin bir bi\u00e7imde kullanmal\u0131d\u0131r.<\/em><\/p>\n<p><em>3. Merkez Bankas\u0131 rezervlerini g\u00fc\u00e7lendirecek her t\u00fcrl\u00fc d\u0131\u015f finansman imkan\u0131n\u0131 de\u011ferlendirme konusunda azami \u00e7aba g\u00f6sterilmelidir.<\/em><\/p>\n<p><em>4. Kamu bankalar\u0131 vas\u0131tas\u0131yla \u015feffafl\u0131ktan uzak ve hedeflenen etkileri sa\u011flamakta ba\u015far\u0131s\u0131z olan d\u00f6viz m\u00fcdahaleleri ivedilikle sonland\u0131r\u0131lmal\u0131d\u0131r<\/em><\/p>\n<p><em>5. Ba\u015fta kamu bankalar\u0131 olmak \u00fczere t\u00fcm bankalar\u0131, fayda ve risk analizlerine dayanmadan ucuz ve kolay kredi vermeye zorlamaktan vazge\u00e7ilmelidir. Bu do\u011frultuda aktif rasyosu uygulamas\u0131na son verilmelidir.<\/em><\/p>\n<p><em>6. B\u00fct\u00e7e disiplinini sa\u011flayacak mali kural hayata ge\u00e7irilmelidir. Varl\u0131k Fonu gibi \u015feffafl\u0131ktan uzak uygulamalara son verilmelidir. B\u00fct\u00e7e a\u00e7\u0131\u011f\u0131n\u0131n kontrol\u00fcnde verimsiz kamu harcamalar\u0131n\u0131n ve israf\u0131n kontrol alt\u0131na al\u0131nmas\u0131 \u00f6ncelikli olmal\u0131d\u0131r.<\/em><\/p>\n<p><em>7. Merkez Bankas\u0131 bilan\u00e7osunda y\u0131llard\u0131r biriktirilen ihtiyati yedek ak\u00e7e kalemi b\u00fct\u00e7e a\u00e7\u0131\u011f\u0131n\u0131n finansman\u0131nda \u015feffafl\u0131ktan uzak bir bi\u00e7imde kullan\u0131lm\u0131\u015ft\u0131r. COVID-19 gibi ortaya \u00e7\u0131kabilecek ani risklere kalkan olabilecek bu tarz tasarruflara y\u00f6nelik keyfi uygulamalara bir daha ba\u015fvurulmamal\u0131d\u0131r.<\/em><\/p>\n<p><em>8. Kamu yat\u0131r\u0131mlar\u0131 ve Kamu \u00d6zel Sekt\u00f6r \u0130\u015fbirli\u011fi uygulamalar\u0131 \u015feffafl\u0131\u011f\u0131, kat\u0131l\u0131mc\u0131l\u0131\u011f\u0131, yerindeli\u011fi ve etkinli\u011fi esas alan bir anlay\u0131\u015fla y\u00fcr\u00fct\u00fclmelidir.<\/em><\/p>\n<p><em>9. T\u00dc\u0130K&#8217;e g\u00fc\u00e7l\u00fc bir ba\u011f\u0131ms\u0131zl\u0131k kazand\u0131r\u0131lmal\u0131 ve yay\u0131nlad\u0131\u011f\u0131 istatistiklerin kalite ve g\u00fcvenilirli\u011fi en \u00fcst d\u00fczeye \u00e7\u0131kart\u0131lmal\u0131d\u0131r.<\/em><\/p>\n<p><em>10. Pop\u00fclist politikalar bir kenara b\u0131rak\u0131larak, kural ve kurum bazl\u0131 ekonomi y\u00f6netimine ge\u00e7i\u015fi sa\u011flayacak ve ekonomi y\u00f6netiminin kurumsal kapasitesini g\u00fc\u00e7lendirecek d\u00fczenlemeler s\u00fcratla hayata ge\u00e7irilmelidir.<\/em><\/p><\/blockquote>\n<p>Son olarak, ekonomideki sorunlar\u0131n sebebinin sadece ekonomi politikalar\u0131yla ilgili olmad\u0131\u011f\u0131n\u0131n alt\u0131n\u0131 \u00e7izmekte fayda g\u00f6r\u00fcyoruz. Cumhurba\u015fkanl\u0131\u011f\u0131 H\u00fck\u00fcmet sistemi<br \/>\nya\u015fanmakta olan sorunlar\u0131 daha da a\u011f\u0131rla\u015ft\u0131rm\u0131\u015ft\u0131r. Hukukun \u00fcst\u00fcnl\u00fc\u011f\u00fc ilkesinin yok say\u0131lmas\u0131 ba\u015fta olmak \u00fczere, kurum ve kurallar\u0131n zay\u0131flamas\u0131, ki\u015fisel yakla\u015f\u0131mlar\u0131n bask\u0131n hale gelmesi yat\u0131r\u0131mc\u0131lar\u0131n ve i\u015f d\u00fcnyas\u0131n\u0131n gelece\u011fe g\u00fcvenle bakmas\u0131n\u0131 engellemektedir.<br \/>\nBu sorunlar\u0131n \u00fcstesinden gelinmesi, ancak topyek\u00fbn bir siyasi revizyon ile m\u00fcmk\u00fcn olacakt\u0131r. T\u00fcrkiye\u2019nin \u00e7\u00f6z\u00fclemeyecek hi\u00e7bir sorunu yoktur. Biz, DEVA Partisi olarak, T\u00fcrkiye\u2019yi gelece\u011fe ta\u015f\u0131yacak ak\u0131lc\u0131 ad\u0131mlarla bu sorunlar\u0131n \u00fcstesinden rahat\u00e7a gelinebilece\u011fine inan\u0131yoruz.<\/p>\n<p>Kamuoyuna sayg\u0131 ile duyurulur.<\/p>\n<div id=\"briti-787943295\" class=\"briti-icerikten-sonra_2\" style=\"margin-top: 25px;margin-bottom: 25px;\"><a href=\"https:\/\/wa.me\/message\/NDZLLIOQT4H3O1\" aria-label=\"bytv reklam banner\"><img loading=\"lazy\" decoding=\"async\" src=\"https:\/\/by-tv.co.uk\/wp-content\/uploads\/2025\/12\/bytv-reklam-banner.jpg\" alt=\"\"  width=\"2376\" height=\"1008\"   \/><\/a><\/div>","protected":false},"excerpt":{"rendered":"<p>DEVA Partisi d\u00f6viz kurlar\u0131nda ya\u015fanan geli\u015fmeler kar\u015f\u0131s\u0131nda h\u00fckumete 10 maddelik \u00e7\u00f6z\u00fcm \u00f6neri paketi sundu. Yap\u0131lan a\u00e7\u0131klamada &#8220;g\u00fcn\u00fc kurtarmaya y\u00f6nelik uygulamalar \u00fclkemizin i\u00e7inde bulundu\u011fu ekonomik sorunlara sebep olmu\u015f ve TL k\u00f6t\u00fc y\u00f6netimin elinde de\u011fersizle\u015fmi\u015ftir&#8221; denildi. Ali Babacan&#8217;\u0131n ba\u015fkanl\u0131\u011f\u0131n\u0131 yapt\u0131\u011f\u0131 DEVA Partisi&#8217;nin d\u00f6viz kurlar\u0131ndaki art\u0131\u015f\u0131n sebeplerini ve \u00e7\u00f6z\u00fcm \u00f6nerilerini sundu\u011fu bas\u0131n a\u00e7\u0131klamas\u0131 a\u015fa\u011f\u0131daki yer al\u0131yor. T\u00dcRK L\u0130RASI\u2018NIN DE\u011eER KAYBININ NEDENLER\u0130 VE \u00c7\u00d6Z\u00dcM \u00d6NER\u0130LER\u0130NE \u0130L\u0130\u015eK\u0130N BASIN A\u00c7IKLAMASI Son g\u00fcnlerde d\u00f6viz kurlar\u0131nda ya\u015fanan geli\u015fmeler neticesinde T\u00fcrk Liras\u0131, ge\u00e7en y\u0131l sonuna g\u00f6re, Amerikan Dolar\u0131 kar\u015f\u0131s\u0131nda y\u00fczde 23, Avro kar\u015f\u0131s\u0131nda ise y\u00fczde 29 oran\u0131nda de\u011fer kaybetmi\u015ftir. T\u00fcrk Liras\u0131 bahsedilen d\u00f6nemde geli\u015fmekte olan \u00fclkeler aras\u0131nda en k\u00f6t\u00fc [&hellip;]<\/p>\n","protected":false},"author":1,"featured_media":5036,"comment_status":"open","ping_status":"open","sticky":false,"template":"","format":"standard","meta":{"ngg_post_thumbnail":0,"footnotes":""},"categories":[1],"tags":[1275,1288,1278,1202,1279,1289],"class_list":["post-5035","post","type-post","status-publish","format-standard","has-post-thumbnail","hentry","category-genel","tag-deva-partisi","tag-deva-partisi-10-maddelik-cozum-paketi","tag-dolar","tag-doviz","tag-euro","tag-kur-artisi"],"_links":{"self":[{"href":"https:\/\/by-tv.co.uk\/en\/wp-json\/wp\/v2\/posts\/5035","targetHints":{"allow":["GET"]}}],"collection":[{"href":"https:\/\/by-tv.co.uk\/en\/wp-json\/wp\/v2\/posts"}],"about":[{"href":"https:\/\/by-tv.co.uk\/en\/wp-json\/wp\/v2\/types\/post"}],"author":[{"embeddable":true,"href":"https:\/\/by-tv.co.uk\/en\/wp-json\/wp\/v2\/users\/1"}],"replies":[{"embeddable":true,"href":"https:\/\/by-tv.co.uk\/en\/wp-json\/wp\/v2\/comments?post=5035"}],"version-history":[{"count":0,"href":"https:\/\/by-tv.co.uk\/en\/wp-json\/wp\/v2\/posts\/5035\/revisions"}],"wp:featuredmedia":[{"embeddable":true,"href":"https:\/\/by-tv.co.uk\/en\/wp-json\/wp\/v2\/media\/5036"}],"wp:attachment":[{"href":"https:\/\/by-tv.co.uk\/en\/wp-json\/wp\/v2\/media?parent=5035"}],"wp:term":[{"taxonomy":"category","embeddable":true,"href":"https:\/\/by-tv.co.uk\/en\/wp-json\/wp\/v2\/categories?post=5035"},{"taxonomy":"post_tag","embeddable":true,"href":"https:\/\/by-tv.co.uk\/en\/wp-json\/wp\/v2\/tags?post=5035"}],"curies":[{"name":"wp","href":"https:\/\/api.w.org\/{rel}","templated":true}]}}