{"id":5006,"date":"2020-08-07T20:28:49","date_gmt":"2020-08-07T17:28:49","guid":{"rendered":"https:\/\/by-tv.co.uk\/?p=5006"},"modified":"2020-08-07T20:30:02","modified_gmt":"2020-08-07T17:30:02","slug":"dovizin-yukselisi-durdurulamiyor-deva-partisi-kurucular-kurulu-uyesi-olan-omer-rifat-gencal-degerlendirdi","status":"publish","type":"post","link":"https:\/\/by-tv.co.uk\/en\/dovizin-yukselisi-durdurulamiyor-deva-partisi-kurucular-kurulu-uyesi-olan-omer-rifat-gencal-degerlendirdi\/","title":{"rendered":"D\u00f6vizin y\u00fckseli\u015fi durdurulam\u0131yor. DEVA Partisi Kurucular Kurulu \u00dcyesi \u00d6mer R\u0131fat Gencal de\u011ferlendirdi"},"content":{"rendered":"<p>D\u00f6vizde rekor art\u0131\u015f sonras\u0131 ekonomist, eski bankac\u0131 ve hazineci ve ayn\u0131 zamanda DEVA Partisi kurucular kurulu \u00fcyesi olan \u00d6mer R\u0131fat Gencal T\u00fcrk ekonomisinin son durumunu de\u011ferlendirdi.<br \/>\n<iframe loading=\"lazy\" src=\"https:\/\/www.youtube.com\/embed\/RAfyguujZFg\" width=\"1280\" height=\"720\" frameborder=\"0\" allowfullscreen=\"allowfullscreen\"><\/iframe><\/p>\n<h4><\/h4>\n<h4>\u00d6mer R\u0131fat Gencal Kimdir?<\/h4>\n<p>\u00d6zellikle yat\u0131r\u0131m \u00e7evrelerinde yapt\u0131\u011f\u0131 programlar ve analizler ile dikkat \u00e7eken isimlerden biri olan Gencal \u0130T\u00dc \u0130\u015fletme M\u00fchendisli\u011fi&#8217;nden mezun olduktan sonra Bo\u011fazi\u00e7i \u00dcniversitesi&#8217;nde Ekonomi y\u00fcksek lisans\u0131 yapt\u0131. \u00c7al\u0131\u015fma hayat\u0131na D\u0131\u015fbank&#8217;ta ba\u015flad\u0131. Daha sonra Impexbank&#8217;ta bir s\u00fcre \u00e7al\u0131\u015ft\u0131. The Chase Manhattan&#8217;da Hazine uzman yard\u0131mc\u0131s\u0131 olarak ba\u015flayan Gencal, Westdeutsche Landesbank T\u00fcrkiye&#8217;de Sabit Getirili Menkul K\u0131ymetler M\u00fcd\u00fcr\u00fc, Alternatifbank&#8217;ta Hazine M\u00fcd\u00fcr\u00fc, HSBC&#8217;de CIO, Fibabanka&#8217;da ise Hazine&#8217;den sorumlu Genel M\u00fcd\u00fcr Yard\u0131mc\u0131s\u0131 olarak \u00e7al\u0131\u015ft\u0131. Eski D\u0131\u015fi\u015fleri Bakan\u0131 ve Ekonomi Bakan\u0131 Ali Babacan&#8217;\u0131n kurdu\u011fu Demokrasi ve At\u0131l\u0131m Partisi&#8217;nde kurucular kurulu \u00fcyesi olarak yer ald\u0131.<\/p>\n<div id=\"briti-517611882\" class=\"briti-icerikten-sonra_2\" style=\"margin-top: 25px;margin-bottom: 25px;\"><a href=\"https:\/\/wa.me\/message\/NDZLLIOQT4H3O1\" aria-label=\"bytv reklam banner\"><img loading=\"lazy\" decoding=\"async\" src=\"https:\/\/by-tv.co.uk\/wp-content\/uploads\/2025\/12\/bytv-reklam-banner.jpg\" alt=\"\"  width=\"2376\" height=\"1008\"   \/><\/a><\/div>","protected":false},"excerpt":{"rendered":"<p>D\u00f6vizde rekor art\u0131\u015f sonras\u0131 ekonomist, eski bankac\u0131 ve hazineci ve ayn\u0131 zamanda DEVA Partisi kurucular kurulu \u00fcyesi olan \u00d6mer R\u0131fat Gencal T\u00fcrk ekonomisinin son durumunu de\u011ferlendirdi. \u00d6mer R\u0131fat Gencal Kimdir? \u00d6zellikle yat\u0131r\u0131m \u00e7evrelerinde yapt\u0131\u011f\u0131 programlar ve analizler ile dikkat \u00e7eken isimlerden biri olan Gencal \u0130T\u00dc \u0130\u015fletme M\u00fchendisli\u011fi&#8217;nden mezun olduktan sonra Bo\u011fazi\u00e7i \u00dcniversitesi&#8217;nde Ekonomi y\u00fcksek lisans\u0131 yapt\u0131. \u00c7al\u0131\u015fma hayat\u0131na D\u0131\u015fbank&#8217;ta ba\u015flad\u0131. Daha sonra Impexbank&#8217;ta bir s\u00fcre \u00e7al\u0131\u015ft\u0131. The Chase Manhattan&#8217;da Hazine uzman yard\u0131mc\u0131s\u0131 olarak ba\u015flayan Gencal, Westdeutsche Landesbank T\u00fcrkiye&#8217;de Sabit Getirili Menkul K\u0131ymetler M\u00fcd\u00fcr\u00fc, Alternatifbank&#8217;ta Hazine M\u00fcd\u00fcr\u00fc, HSBC&#8217;de CIO, Fibabanka&#8217;da ise Hazine&#8217;den sorumlu Genel M\u00fcd\u00fcr Yard\u0131mc\u0131s\u0131 olarak \u00e7al\u0131\u015ft\u0131. Eski D\u0131\u015fi\u015fleri Bakan\u0131 [&hellip;]<\/p>\n","protected":false},"author":1,"featured_media":5007,"comment_status":"open","ping_status":"open","sticky":false,"template":"","format":"video","meta":{"ngg_post_thumbnail":0,"footnotes":""},"categories":[1272],"tags":[1274,1275,1278,1276,1279,1277,1273,154],"class_list":["post-5006","post","type-post","status-publish","format-video","has-post-thumbnail","hentry","category-ekonomi","tag-ali-babacan","tag-deva-partisi","tag-dolar","tag-doviz-yukselisi","tag-euro","tag-kur-artmasi","tag-omer-gencal","tag-sterlin","post_format-post-format-video"],"_links":{"self":[{"href":"https:\/\/by-tv.co.uk\/en\/wp-json\/wp\/v2\/posts\/5006","targetHints":{"allow":["GET"]}}],"collection":[{"href":"https:\/\/by-tv.co.uk\/en\/wp-json\/wp\/v2\/posts"}],"about":[{"href":"https:\/\/by-tv.co.uk\/en\/wp-json\/wp\/v2\/types\/post"}],"author":[{"embeddable":true,"href":"https:\/\/by-tv.co.uk\/en\/wp-json\/wp\/v2\/users\/1"}],"replies":[{"embeddable":true,"href":"https:\/\/by-tv.co.uk\/en\/wp-json\/wp\/v2\/comments?post=5006"}],"version-history":[{"count":0,"href":"https:\/\/by-tv.co.uk\/en\/wp-json\/wp\/v2\/posts\/5006\/revisions"}],"wp:featuredmedia":[{"embeddable":true,"href":"https:\/\/by-tv.co.uk\/en\/wp-json\/wp\/v2\/media\/5007"}],"wp:attachment":[{"href":"https:\/\/by-tv.co.uk\/en\/wp-json\/wp\/v2\/media?parent=5006"}],"wp:term":[{"taxonomy":"category","embeddable":true,"href":"https:\/\/by-tv.co.uk\/en\/wp-json\/wp\/v2\/categories?post=5006"},{"taxonomy":"post_tag","embeddable":true,"href":"https:\/\/by-tv.co.uk\/en\/wp-json\/wp\/v2\/tags?post=5006"}],"curies":[{"name":"wp","href":"https:\/\/api.w.org\/{rel}","templated":true}]}}