{"id":4888,"date":"2020-08-06T16:48:44","date_gmt":"2020-08-06T13:48:44","guid":{"rendered":"https:\/\/by-tv.co.uk\/?p=4888"},"modified":"2020-08-06T16:55:05","modified_gmt":"2020-08-06T13:55:05","slug":"kronun-siber-guvenlik-alaninda-gartner-raporundaki-ilk-turk-sirket-oldu","status":"publish","type":"post","link":"https:\/\/by-tv.co.uk\/en\/kronun-siber-guvenlik-alaninda-gartner-raporundaki-ilk-turk-sirket-oldu\/","title":{"rendered":"&#8216;Kron&#8217; siber g\u00fcvenlik alan\u0131nda Gartner Raporu&#8217;ndaki ilk T\u00fcrk \u015firket oldu"},"content":{"rendered":"<h4>Gartner Magic Quadrant raporlar\u0131na giren ilk ve tek T\u00fcrk \u015firketi oldu.<\/h4>\n<p>Kron Y\u00f6netim Kurulu Ba\u015fkan\u0131 L\u00fctfi Yenel:&#8221;\u0130leri teknoloji i\u00e7eren yaz\u0131l\u0131m \u00fcr\u00fcnleri \u00fcreten bir T\u00fcrk teknoloji \u015firketi olarak global arenada d\u00fcnyan\u0131n ilk 12 PAM \u00fcreticisi aras\u0131nda yer almam\u0131z, gelece\u011fe y\u00f6nelik yat\u0131r\u0131mlar\u0131m\u0131z olan etkin Ar-Ge faaliyetlerimizin, k\u00fcresel \u00f6l\u00e7ekteki \u00fcst\u00fcn operasyon kabiliyetimizin ve rekabet\u00e7i \u00fcr\u00fcn kalitemizin bir g\u00f6stergesi olmaktad\u0131r&#8221;<\/p>\n<p>\u0130STANBUL (AA) &#8211; Kron Y\u00f6netim Kurulu Ba\u015fkan\u0131 L\u00fctfi Yenel, &#8220;\u0130leri teknoloji i\u00e7eren yaz\u0131l\u0131m \u00fcr\u00fcnleri \u00fcreten bir T\u00fcrk teknoloji \u015firketi olarak global arenada d\u00fcnyan\u0131n ilk 12 Ayr\u0131cal\u0131kl\u0131 Eri\u015fim Y\u00f6netimi (PAM) \u00fcreticisi aras\u0131nda yer almam\u0131z, gelece\u011fe y\u00f6nelik yat\u0131r\u0131mlar\u0131m\u0131z olan etkin Ar-Ge faaliyetlerimizin, k\u00fcresel \u00f6l\u00e7ekteki \u00fcst\u00fcn operasyon kabiliyetimizin ve rekabet\u00e7i \u00fcr\u00fcn kalitemizin bir g\u00f6stergesi olmaktad\u0131r.&#8221; ifadesini kulland\u0131.<\/p>\n<p>Kron&#8217;dan yap\u0131lan a\u00e7\u0131klamaya g\u00f6re, telekom\u00fcnikasyon, finans, enerji ve sa\u011fl\u0131k gibi sekt\u00f6rlerde yer alan bir\u00e7ok global firmaya yaz\u0131l\u0131m \u00fcr\u00fcnleri sunan ve \u0130T\u00dc ARI Teknokent&#8217;te yer alan Kron, teknoloji alan\u0131nda d\u00fcnyan\u0131n \u00f6nde gelen ara\u015ft\u0131rma ve dan\u0131\u015fmanl\u0131k \u015firketi Gartner&#8217;\u0131n Magic Quadrant for Privileged Access Management 2020 Raporu&#8217;nda yer ald\u0131.<\/p><div id=\"briti-1555329523\" class=\"briti-icerik\" style=\"margin-top: 5px;margin-bottom: 5px;\"><a href=\"https:\/\/piaryum.com\/services\/\" aria-label=\"piaryum banner\"><img loading=\"lazy\" decoding=\"async\" src=\"https:\/\/by-tv.co.uk\/wp-content\/uploads\/2025\/12\/Gemini_Generated_Image_g5yqr1g5yqr1g5yq.jpg\" alt=\"\"  width=\"2064\" height=\"1152\"   \/><\/a><\/div>\n<p>Kron, s\u00f6z konusu raporda yer alarak, siber g\u00fcvenlik alan\u0131ndaki Gartner Magic Quadrant raporlar\u0131na giren ilk ve tek T\u00fcrk \u015firketi oldu.<br \/>\n2 y\u0131lda bir olarak g\u00fcncellenen Gartner Magic Quadrant for Privileged Access Management Raporu, global arenada bu konudaki t\u00fcm \u015firketleri de\u011ferlendiriyor ve teknolojik seviyelerini, yarat\u0131c\u0131l\u0131klar\u0131n\u0131 ve piyasadaki etkinliklerini de\u011ferlendirerek konunun liderlerini se\u00e7iyor. Kron, bu raporda yer alan 12 firma aras\u0131nda yer ald\u0131.<\/p>\n<h4>PAM alan\u0131nda lider \u015firket<\/h4>\n<p>Bilgi teknolojileri alan\u0131n\u0131n siber g\u00fcvenlik oda\u011f\u0131nda yer alan PAM; gizlilik gerektiren kritik kurumsal verilere, \u015firketlerin KVKK, GDPR gibi reg\u00fclasyonlarla korumakla y\u00fck\u00fcml\u00fc oldu\u011fu ki\u015fisel verilere eri\u015fimi detayl\u0131 ve s\u0131k\u0131 bir \u015fekilde kontrol ederek y\u00f6netmeye yarayan bir \u00e7\u00f6z\u00fcm olarak konumlan\u0131yor.<\/p>\n<p>PAM alan\u0131nda T\u00fcrkiye&#8217;de tek ve lider yaz\u0131l\u0131m \u00fcreticisi konumundaki Kron, Gartner Raporu&#8217;ndan \u00f6nce KuppingerCole, Forrester gibi ara\u015ft\u0131rma \u015firketlerinin raporlar\u0131nda da d\u00fcnyan\u0131n say\u0131l\u0131 PAM yaz\u0131l\u0131m\u0131 sa\u011flay\u0131c\u0131lar\u0131 aras\u0131nda g\u00f6sterilmi\u015fti.<\/p>\n<h4>&#8220;Rekabet\u00e7i yaz\u0131l\u0131m \u00fcr\u00fcnleri \u00fcretmeye devam edece\u011fiz&#8221;<\/h4>\n<p>A\u00e7\u0131klamada g\u00f6r\u00fc\u015flerine yer verilen Kron Y\u00f6netim Kurulu Ba\u015fkan\u0131 L\u00fctfi Yenel, Gartner gibi \u00f6nemli bir kurumun global \u00f6l\u00e7ekteki pek \u00e7ok firmay\u0131 de\u011ferlendirmesiyle haz\u0131rlad\u0131\u011f\u0131 raporunda yer alan ilk ve tek T\u00fcrk \u015firketi olman\u0131n hakl\u0131 gururunu ya\u015fad\u0131klar\u0131n\u0131 belirtti.<br \/>\nGartner&#8217;\u0131n, \u00fcretici firmalar\u0131 tamamen ger\u00e7ek verilere dayal\u0131 \u015fekilde \u00fcr\u00fcn stratejisinden pazarlama stratejisi, m\u00fc\u015fteri memnuniyetine kadar pek \u00e7ok farkl\u0131 alanda ve toplamda 500&#8217;den fazla kritere g\u00f6re tarafs\u0131z olarak de\u011ferlendirip rekabette fark yaratan firmalar\u0131 tespit ederek Magic Quadrant Raporu&#8217;nu haz\u0131rlad\u0131\u011f\u0131n\u0131 aktaran Yenel, \u015funlar\u0131 kaydetti:<br \/>\n&#8220;\u0130leri teknoloji i\u00e7eren yaz\u0131l\u0131m \u00fcr\u00fcnleri \u00fcreten bir T\u00fcrk teknoloji \u015firketi olarak global arenada d\u00fcnyan\u0131n ilk 12 PAM \u00fcreticisi aras\u0131nda yer almam\u0131z, gelece\u011fe y\u00f6nelik yat\u0131r\u0131mlar\u0131m\u0131z olan etkin Ar-Ge faaliyetlerimizin, k\u00fcresel \u00f6l\u00e7ekteki \u00fcst\u00fcn operasyon kabiliyetimizin ve rekabet\u00e7i \u00fcr\u00fcn kalitemizin bir g\u00f6stergesi olmaktad\u0131r. Bundan \u00f6nce oldu\u011fu gibi bundan sonraki s\u00fcre\u00e7te de etkin Ar-Ge yat\u0131r\u0131m\u0131m\u0131zla yenilik\u00e7i ve rekabet\u00e7i yaz\u0131l\u0131m \u00fcr\u00fcnleri \u00fcretmeye devam edece\u011fiz.&#8221;<\/p>\n<div id=\"briti-148148872\" class=\"briti-icerikten-sonra_2\" style=\"margin-top: 25px;margin-bottom: 25px;\"><a href=\"https:\/\/wa.me\/message\/NDZLLIOQT4H3O1\" aria-label=\"bytv reklam banner\"><img loading=\"lazy\" decoding=\"async\" src=\"https:\/\/by-tv.co.uk\/wp-content\/uploads\/2025\/12\/bytv-reklam-banner.jpg\" alt=\"\"  width=\"2376\" height=\"1008\"   \/><\/a><\/div>","protected":false},"excerpt":{"rendered":"<p>Gartner Magic Quadrant raporlar\u0131na giren ilk ve tek T\u00fcrk \u015firketi oldu. Kron Y\u00f6netim Kurulu Ba\u015fkan\u0131 L\u00fctfi Yenel:&#8221;\u0130leri teknoloji i\u00e7eren yaz\u0131l\u0131m \u00fcr\u00fcnleri \u00fcreten bir T\u00fcrk teknoloji \u015firketi olarak global arenada d\u00fcnyan\u0131n ilk 12 PAM \u00fcreticisi aras\u0131nda yer almam\u0131z, gelece\u011fe y\u00f6nelik yat\u0131r\u0131mlar\u0131m\u0131z olan etkin Ar-Ge faaliyetlerimizin, k\u00fcresel \u00f6l\u00e7ekteki \u00fcst\u00fcn operasyon kabiliyetimizin ve rekabet\u00e7i \u00fcr\u00fcn kalitemizin bir g\u00f6stergesi olmaktad\u0131r&#8221; \u0130STANBUL (AA) &#8211; Kron Y\u00f6netim Kurulu Ba\u015fkan\u0131 L\u00fctfi Yenel, &#8220;\u0130leri teknoloji i\u00e7eren yaz\u0131l\u0131m \u00fcr\u00fcnleri \u00fcreten bir T\u00fcrk teknoloji \u015firketi olarak global arenada d\u00fcnyan\u0131n ilk 12 Ayr\u0131cal\u0131kl\u0131 Eri\u015fim Y\u00f6netimi (PAM) \u00fcreticisi aras\u0131nda yer almam\u0131z, gelece\u011fe y\u00f6nelik yat\u0131r\u0131mlar\u0131m\u0131z olan etkin Ar-Ge faaliyetlerimizin, k\u00fcresel \u00f6l\u00e7ekteki \u00fcst\u00fcn operasyon [&hellip;]<\/p>\n","protected":false},"author":1,"featured_media":4906,"comment_status":"open","ping_status":"open","sticky":false,"template":"","format":"standard","meta":{"ngg_post_thumbnail":0,"footnotes":""},"categories":[1,17,2,8],"tags":[1182,1183,1185,1186,1184,1187],"class_list":["post-4888","post","type-post","status-publish","format-standard","has-post-thumbnail","hentry","category-genel","category-bilim","category-is-dunyasi","category-teknoloji","tag-gartner-magic-quadrant","tag-kron","tag-lutfi-yenel","tag-pam","tag-siber-guvenlik","tag-turk-teknoloji-sirketi"],"_links":{"self":[{"href":"https:\/\/by-tv.co.uk\/en\/wp-json\/wp\/v2\/posts\/4888","targetHints":{"allow":["GET"]}}],"collection":[{"href":"https:\/\/by-tv.co.uk\/en\/wp-json\/wp\/v2\/posts"}],"about":[{"href":"https:\/\/by-tv.co.uk\/en\/wp-json\/wp\/v2\/types\/post"}],"author":[{"embeddable":true,"href":"https:\/\/by-tv.co.uk\/en\/wp-json\/wp\/v2\/users\/1"}],"replies":[{"embeddable":true,"href":"https:\/\/by-tv.co.uk\/en\/wp-json\/wp\/v2\/comments?post=4888"}],"version-history":[{"count":0,"href":"https:\/\/by-tv.co.uk\/en\/wp-json\/wp\/v2\/posts\/4888\/revisions"}],"wp:featuredmedia":[{"embeddable":true,"href":"https:\/\/by-tv.co.uk\/en\/wp-json\/wp\/v2\/media\/4906"}],"wp:attachment":[{"href":"https:\/\/by-tv.co.uk\/en\/wp-json\/wp\/v2\/media?parent=4888"}],"wp:term":[{"taxonomy":"category","embeddable":true,"href":"https:\/\/by-tv.co.uk\/en\/wp-json\/wp\/v2\/categories?post=4888"},{"taxonomy":"post_tag","embeddable":true,"href":"https:\/\/by-tv.co.uk\/en\/wp-json\/wp\/v2\/tags?post=4888"}],"curies":[{"name":"wp","href":"https:\/\/api.w.org\/{rel}","templated":true}]}}