{"id":4712,"date":"2020-08-05T04:32:59","date_gmt":"2020-08-05T01:32:59","guid":{"rendered":"https:\/\/by-tv.co.uk\/?p=4712"},"modified":"2020-08-05T04:37:10","modified_gmt":"2020-08-05T01:37:10","slug":"lubnanin-baskenti-beyrutta-buyuk-bir-patlama-meydana-geldi","status":"publish","type":"post","link":"https:\/\/by-tv.co.uk\/en\/lubnanin-baskenti-beyrutta-buyuk-bir-patlama-meydana-geldi\/","title":{"rendered":"L\u00fcbnan&#8217;\u0131n ba\u015fkenti Beyrut&#8217;ta b\u00fcy\u00fck bir patlama meydana geldi"},"content":{"rendered":"<p><strong>Son Dakika: L\u00fcbnan&#8217;daki Beyrut Liman\u0131&#8217;nda meydana gelen patlamada 78 ki\u015fi ya\u015fam\u0131n\u0131 yitirdi, yaral\u0131 say\u0131s\u0131 3 bini ge\u00e7ti. Limandaki patlamada 6 y\u0131ld\u0131r bir depoda tutulan 2 bin 750 ton amonyum nitrat\u0131n infilak etti\u011fi a\u00e7\u0131kland\u0131. Beyrut &#8220;felaket b\u00f6lgesi&#8221; ilan edildi.<\/strong><\/p>\n<p>Hariri&#8217;nin evinde ve \u00e7evre binalarda b\u00fcy\u00fck hasar olu\u015furken, eski Ba\u015fbakan&#8217;\u0131n sa\u011fl\u0131k durumunun iyi oldu\u011fu ve olay\u0131 takip etti\u011fi belirtildi.<\/p>\n<p>Patlama nedeniyle ba\u015fkentteki Uluslararas\u0131 Refik el-Hariri Havaliman\u0131, h\u00fck\u00fcmet binas\u0131 ve Muhammed el-Emin Camisi&#8217;nin yan\u0131 s\u0131ra \u00e7evre binalar, ara\u00e7lar ve caddelerde b\u00fcy\u00fck hasar olu\u015ftu.<\/p><div id=\"briti-527621868\" class=\"briti-icerik\" style=\"margin-top: 5px;margin-bottom: 5px;\"><a href=\"https:\/\/piaryum.com\/services\/\" aria-label=\"piaryum banner\"><img loading=\"lazy\" decoding=\"async\" src=\"https:\/\/by-tv.co.uk\/wp-content\/uploads\/2025\/12\/Gemini_Generated_Image_g5yqr1g5yqr1g5yq.jpg\" alt=\"\"  width=\"2064\" height=\"1152\"   \/><\/a><\/div>\n<p>Patlama limanda patlay\u0131c\u0131lar\u0131n bulundu\u011fu depoda meydan geldi<br \/>\nG\u00fcmr\u00fck Genel M\u00fcd\u00fcr\u00fc Bedri Zahir, yerel bir televizyon kanal\u0131na yapt\u0131\u011f\u0131 a\u00e7\u0131klamada, Beyrut Liman\u0131&#8217;nda kimyasal maddelerin bulundu\u011fu bir depoda patlama ya\u015fand\u0131\u011f\u0131n\u0131 s\u00f6yledi.<\/p>\n<blockquote class=\"instagram-media\" style=\"background: #FFF; border: 0; border-radius: 3px; box-shadow: 0 0 1px 0 rgba(0,0,0,0.5),0 1px 10px 0 rgba(0,0,0,0.15); margin: 1px; max-width: 540px; min-width: 326px; padding: 0; width: calc(100% - 2px);\" data-instgrm-permalink=\"https:\/\/www.instagram.com\/tv\/CDfIpejqdXX\/?utm_source=ig_embed&amp;utm_campaign=loading\" data-instgrm-version=\"12\">\n<div style=\"padding: 16px;\">\n<p>&nbsp;<\/p>\n<div style=\"display: flex; flex-direction: row; align-items: center;\">\n<div style=\"background-color: #f4f4f4; border-radius: 50%; flex-grow: 0; height: 40px; margin-right: 14px; width: 40px;\"><\/div>\n<div style=\"display: flex; flex-direction: column; flex-grow: 1; justify-content: center;\">\n<div style=\"background-color: #f4f4f4; border-radius: 4px; flex-grow: 0; height: 14px; margin-bottom: 6px; width: 100px;\"><\/div>\n<div style=\"background-color: #f4f4f4; border-radius: 4px; flex-grow: 0; height: 14px; width: 60px;\"><\/div>\n<\/div>\n<\/div>\n<div style=\"padding: 19% 0;\"><\/div>\n<div style=\"display: block; height: 50px; margin: 0 auto 12px; width: 50px;\"><\/div>\n<div style=\"padding-top: 8px;\">\n<div style=\"color: #3897f0; font-family: Arial,sans-serif; font-size: 14px; font-style: normal; font-weight: 550; line-height: 18px;\">Bu g\u00f6nderiyi Instagram&#8217;da g\u00f6r<\/div>\n<\/div>\n<div style=\"padding: 12.5% 0;\"><\/div>\n<div style=\"display: flex; flex-direction: row; margin-bottom: 14px; align-items: center;\">\n<div>\n<div style=\"background-color: #f4f4f4; border-radius: 50%; height: 12.5px; width: 12.5px; transform: translateX(0px) translateY(7px);\"><\/div>\n<div style=\"background-color: #f4f4f4; height: 12.5px; transform: rotate(-45deg) translateX(3px) translateY(1px); width: 12.5px; flex-grow: 0; margin-right: 14px; margin-left: 2px;\"><\/div>\n<div style=\"background-color: #f4f4f4; border-radius: 50%; height: 12.5px; width: 12.5px; transform: translateX(9px) translateY(-18px);\"><\/div>\n<\/div>\n<div style=\"margin-left: 8px;\">\n<div style=\"background-color: #f4f4f4; border-radius: 50%; flex-grow: 0; height: 20px; width: 20px;\"><\/div>\n<div style=\"width: 0; height: 0; border-top: 2px solid transparent; border-left: 6px solid #f4f4f4; border-bottom: 2px solid transparent; transform: translateX(16px) translateY(-4px) rotate(30deg);\"><\/div>\n<\/div>\n<div style=\"margin-left: auto;\">\n<div style=\"width: 0px; border-top: 8px solid #F4F4F4; border-right: 8px solid transparent; transform: translateY(16px);\"><\/div>\n<div style=\"background-color: #f4f4f4; flex-grow: 0; height: 12px; width: 16px; transform: translateY(-4px);\"><\/div>\n<div style=\"width: 0; height: 0; border-top: 8px solid #F4F4F4; border-left: 8px solid transparent; transform: translateY(-4px) translateX(8px);\"><\/div>\n<\/div>\n<\/div>\n<div style=\"display: flex; flex-direction: column; flex-grow: 1; justify-content: center; margin-bottom: 24px;\">\n<div style=\"background-color: #f4f4f4; border-radius: 4px; flex-grow: 0; height: 14px; margin-bottom: 6px; width: 224px;\"><\/div>\n<div style=\"background-color: #f4f4f4; border-radius: 4px; flex-grow: 0; height: 14px; width: 144px;\"><\/div>\n<\/div>\n<p>&nbsp;<\/p>\n<p style=\"color: #c9c8cd; font-family: Arial,sans-serif; font-size: 14px; line-height: 17px; margin-bottom: 0; margin-top: 8px; overflow: hidden; padding: 8px 0 7px; text-align: center; text-overflow: ellipsis; white-space: nowrap;\"><a style=\"color: #c9c8cd; font-family: Arial,sans-serif; font-size: 14px; font-style: normal; font-weight: normal; line-height: 17px; text-decoration: none;\" href=\"https:\/\/www.instagram.com\/tv\/CDfIpejqdXX\/?utm_source=ig_embed&amp;utm_campaign=loading\" target=\"_blank\" rel=\"noopener noreferrer\">Briti\u015f Ya\u015fam TV (@britisyasamtv)&#8217;in payla\u015ft\u0131\u011f\u0131 bir g\u00f6nderi<\/a> (<time style=\"font-family: Arial,sans-serif; font-size: 14px; line-height: 17px;\" datetime=\"2020-08-04T23:52:02+00:00\">4 A\u011fu, 2020, 4:52\u00f6s PDT<\/time>)<\/p>\n<\/div>\n<\/blockquote>\n<p><script async src=\"\/\/www.instagram.com\/embed.js\"><\/script><\/p>\n<p><strong>Beyrut ve \u00e7evre b\u00f6lgelerdeki hastanelerin acil servislerine \u00e7ok say\u0131da yaral\u0131 sevk edildi.<\/strong><\/p>\n<p>Beyrut Valisi olay\u0131 Hiro\u015fima ve Nagazaki&#8217;ye benzetti<br \/>\n\u00d6te yandan Beyrut Valisi Mervan Abbud, olay yerinde incelemelerde bulundu Abbud, burada yapt\u0131\u011f\u0131 a\u00e7\u0131klamada, Beyrut&#8217;un felaket b\u00f6lgesi haline geldi\u011fini ve hasar\u0131n y\u00fcksek oldu\u011funu belirtti.<\/p>\n<p><strong>Abbud, limandaki patlamay\u0131 Hiro\u015fima ve Nagazaki&#8217;ye benzetti.<\/strong><\/p>\n<p>Ketaib Partisi Genel Sekreteri \u00f6ld\u00fc<br \/>\nBu arada Hristiyan Ketaib Partisi Genel Sekreteri Nizar Necaryan patlamada hayat\u0131n\u0131 kaybetti.<\/p>\n<p>Patlaman\u0131n BM Uluslararas\u0131 L\u00fcbnan Mahkemesi&#8217;nin eski L\u00fcbnan Ba\u015fbakan\u0131 Refik Hariri suikast\u0131 davas\u0131nda karar\u0131n\u0131 a\u00e7\u0131klamas\u0131na g\u00fcnler kala ger\u00e7ekle\u015fmesi dikkati cekiyor. BM Uluslararas\u0131 L\u00fcbnan Mahkemesinin, Hariri suikast\u0131 davas\u0131nda karar\u0131n\u0131 7 A\u011fustos&#8217;ta a\u00e7\u0131klayaca\u011f\u0131 duyurulmu\u015ftu.<\/p>\n<p>L\u00fcbnan Cumhurba\u015fkan\u0131 Avn&#8217;dan emniyet birimlerine &#8216;patlama b\u00f6lgesinde g\u00fcvenli\u011fin tesis edilmesi&#8217; talimat\u0131<br \/>\nL\u00fcbnan Cumhurba\u015fkan\u0131 Mi\u015fel Avn, Beyrut Liman\u0131&#8217;nda meydana gelen patlama sonras\u0131 emniyet birimlerine b\u00f6lgede g\u00fcvenli\u011fin tesis edilmesi talimat\u0131 verdi.<\/p>\n<p>Cumhurba\u015fkanl\u0131\u011f\u0131ndan yap\u0131lan yaz\u0131l\u0131 a\u00e7\u0131lmadaya g\u00f6re, Avn, \u00fclkedeki t\u00fcm emniyet birimlerinden patlaman\u0131n ya\u015fand\u0131\u011f\u0131 b\u00f6lge ve \u00e7evresinde g\u00fcvenli\u011fi tesis etmelerini istedi.<\/p>\n<p>Avn ayr\u0131ca Sa\u011fl\u0131k Bakanl\u0131\u011f\u0131na yaral\u0131lara \u00fccretsiz ilk yard\u0131m hizmeti sunulmas\u0131 ve patlamada evleri zarar g\u00f6ren ailelere bar\u0131nma imkan\u0131 sa\u011flanmas\u0131 talimat\u0131 verdi.<\/p>\n<p>\u00d6te yandan patlaman\u0131n ard\u0131ndan Beyrut&#8217;taki hastanelerin b\u00fcy\u00fck bir k\u0131sm\u0131 doldu\u011fu i\u00e7in yaralar\u0131lar\u0131n ba\u015fkent d\u0131\u015f\u0131ndaki hastanelere sevk edilmeye ba\u015fland\u0131\u011f\u0131 belirtildi.<\/p>\n<p><strong>L\u00fcbnan Ba\u015fbakan\u0131 Diyab: Sorumlulardan hesap sorulacak<\/strong><br \/>\nL\u00fcbnan Ba\u015fbakan\u0131 Hassan Diyab, Beyrut Liman\u0131&#8217;nda meydana gelen patlamay\u0131 &#8220;felaket&#8221; olarak nitelendirerek, sorumlular\u0131n bedelini \u00f6deyece\u011fini s\u00f6yledi.<\/p>\n<p>Diyab, patlaman\u0131n ard\u0131ndan yapt\u0131\u011f\u0131 a\u00e7\u0131klamada, &#8220;L\u00fcbnan&#8217;da bug\u00fcn ya\u015fanan felaketin (Beyrut&#8217;taki patlama) sorumlular\u0131ndan hesap sorulacak.&#8221; dedi.<\/p>\n<p>Ba\u015fbakan Diyab, 2014&#8217;ten bu yana limanda bulunan tehlikeli depo hakk\u0131nda ger\u00e7ekleri a\u00e7\u0131klayacaklar\u0131n\u0131 belirtti.<\/p>\n<p>Ya\u015fananlar\u0131 &#8220;felaket&#8221; olarak nitelendiren Diyab, t\u00fcm karde\u015f \u00fclkelere, L\u00fcbnan&#8217;\u0131n yan\u0131nda yer almas\u0131 ve destek olmas\u0131 i\u00e7in acil yard\u0131m \u00e7a\u011fr\u0131s\u0131nda bulundu.<\/p>\n<p>L\u00fcbnan&#8217;\u0131n evlad\u0131n\u0131 kaybetmi\u015f bir baba gibi oldu\u011funu s\u00f6yleyen Diyab, bu s\u0131k\u0131nt\u0131l\u0131 g\u00fcnlerde birlik ve dayan\u0131\u015fmadan ba\u015fka hi\u00e7bir \u015feyin fayda etmeyece\u011fini s\u00f6yledi.<\/p>\n<p>\u00d6te yandan L\u00fcbnan Cumhurba\u015fkan\u0131 Mi\u015fel Avn, Beyrut&#8217;taki \u015fiddetli patlaman\u0131n ard\u0131ndan Baabda Cumhurba\u015fkanl\u0131\u011f\u0131 Saray\u0131\u2019nda Y\u00fcksek Savunma Konseyini toplad\u0131.<\/p>\n<p>L\u00fcbnan Hizbullah\u0131: Silah depolar\u0131m\u0131z\u0131n hedef al\u0131nd\u0131\u011f\u0131 iddias\u0131 ger\u00e7ek d\u0131\u015f\u0131d\u0131r<br \/>\nL\u00fcbnan Hizbullah&#8217;\u0131 ba\u015fkent Beyrut&#8217;taki patlaman\u0131n kayna\u011f\u0131n\u0131n, \u0130srail taraf\u0131ndan kendilerine ait silah depolar\u0131na y\u00f6nelik ger\u00e7ekle\u015ftirilen bir sald\u0131r\u0131 oldu\u011fu iddias\u0131n\u0131 yalanlad\u0131.<\/p>\n<p>Hizbullah&#8217;a yak\u0131n kaynaklar \u00fclkenin yerel medyas\u0131na yapt\u0131\u011f\u0131 a\u00e7\u0131klamada, Beyrut&#8217;taki patlaman\u0131n, kendilerine ait silah depolar\u0131nda meydana geldi\u011fi ve sald\u0131r\u0131n\u0131n \u0130srail taraf\u0131ndan ger\u00e7ekle\u015ftirildi\u011fi y\u00f6n\u00fcndeki iddialar\u0131n ger\u00e7e\u011fi yans\u0131tmad\u0131\u011f\u0131n\u0131 bildirdi.<\/p>\n<p>Kazakistan&#8217;\u0131n Beyrut B\u00fcy\u00fckel\u00e7isi Kalekenov yaraland\u0131<br \/>\nKazakistan&#8217;\u0131n Beyrut B\u00fcy\u00fckel\u00e7ili\u011fi, &#8220;Patlamada Kazakistan&#8217;\u0131n Beyrut B\u00fcy\u00fckel\u00e7isi Yerzhan Kalekenov yaraland\u0131, b\u00fcy\u00fckel\u00e7ilik binas\u0131nda da hasar olu\u015ftu.&#8221; a\u00e7\u0131klamas\u0131nda bulundu.<\/p>\n<p><strong>\u0130ran&#8217;dan L\u00fcbnan&#8217;a ba\u015fsa\u011fl\u0131\u011f\u0131 mesaj\u0131<\/strong><br \/>\n\u0130ran D\u0131\u015fi\u015fleri Bakan\u0131 Muhammed Cevad Zarif, L\u00fcbnan&#8217;\u0131n ba\u015fkenti Beyrut&#8217;ta meydana gelen patlama nedeniyle L\u00fcbnan halk\u0131na ba\u015fsa\u011fl\u0131\u011f\u0131 diledi.<\/p>\n<p>Beyrut&#8217;ta meydana gelen patlamaya ili\u015fkin Twitter hesab\u0131ndan Arap\u00e7a ve \u0130ngilizce mesaj payla\u015fan Zarif, &#8220;D\u00fc\u015f\u00fcncelerimiz ve dualar\u0131m\u0131z L\u00fcbnan&#8217;\u0131n b\u00fcy\u00fck ve diren\u00e7li halk\u0131yla.&#8221; ifadelerini kulland\u0131.<\/p>\n<p>Zarif mesaj\u0131nda,<strong> &#8220;\u0130ran, gerekli olan her \u015fekilde tamamen yard\u0131ma haz\u0131rd\u0131r. G\u00fc\u00e7l\u00fc kal L\u00fcbnan<\/strong>.&#8221; yazd\u0131.<\/p>\n<div id=\"briti-3017682512\" class=\"briti-icerikten-sonra_2\" style=\"margin-top: 25px;margin-bottom: 25px;\"><a href=\"https:\/\/wa.me\/message\/NDZLLIOQT4H3O1\" aria-label=\"bytv reklam banner\"><img loading=\"lazy\" decoding=\"async\" src=\"https:\/\/by-tv.co.uk\/wp-content\/uploads\/2025\/12\/bytv-reklam-banner.jpg\" alt=\"\"  width=\"2376\" height=\"1008\"   \/><\/a><\/div>","protected":false},"excerpt":{"rendered":"<p>Son Dakika: L\u00fcbnan&#8217;daki Beyrut Liman\u0131&#8217;nda meydana gelen patlamada 78 ki\u015fi ya\u015fam\u0131n\u0131 yitirdi, yaral\u0131 say\u0131s\u0131 3 bini ge\u00e7ti. Limandaki patlamada 6 y\u0131ld\u0131r bir depoda tutulan 2 bin 750 ton amonyum nitrat\u0131n infilak etti\u011fi a\u00e7\u0131kland\u0131. Beyrut &#8220;felaket b\u00f6lgesi&#8221; ilan edildi. Hariri&#8217;nin evinde ve \u00e7evre binalarda b\u00fcy\u00fck hasar olu\u015furken, eski Ba\u015fbakan&#8217;\u0131n sa\u011fl\u0131k durumunun iyi oldu\u011fu ve olay\u0131 takip etti\u011fi belirtildi. Patlama nedeniyle ba\u015fkentteki Uluslararas\u0131 Refik el-Hariri Havaliman\u0131, h\u00fck\u00fcmet binas\u0131 ve Muhammed el-Emin Camisi&#8217;nin yan\u0131 s\u0131ra \u00e7evre binalar, ara\u00e7lar ve caddelerde b\u00fcy\u00fck hasar olu\u015ftu. Patlama limanda patlay\u0131c\u0131lar\u0131n bulundu\u011fu depoda meydan geldi G\u00fcmr\u00fck Genel M\u00fcd\u00fcr\u00fc Bedri Zahir, yerel bir televizyon kanal\u0131na yapt\u0131\u011f\u0131 a\u00e7\u0131klamada, Beyrut Liman\u0131&#8217;nda [&hellip;]<\/p>\n","protected":false},"author":1,"featured_media":4717,"comment_status":"open","ping_status":"open","sticky":false,"template":"","format":"standard","meta":{"ngg_post_thumbnail":0,"footnotes":""},"categories":[11],"tags":[1117],"class_list":["post-4712","post","type-post","status-publish","format-standard","has-post-thumbnail","hentry","category-dunya","tag-beyrut-patlama"],"_links":{"self":[{"href":"https:\/\/by-tv.co.uk\/en\/wp-json\/wp\/v2\/posts\/4712","targetHints":{"allow":["GET"]}}],"collection":[{"href":"https:\/\/by-tv.co.uk\/en\/wp-json\/wp\/v2\/posts"}],"about":[{"href":"https:\/\/by-tv.co.uk\/en\/wp-json\/wp\/v2\/types\/post"}],"author":[{"embeddable":true,"href":"https:\/\/by-tv.co.uk\/en\/wp-json\/wp\/v2\/users\/1"}],"replies":[{"embeddable":true,"href":"https:\/\/by-tv.co.uk\/en\/wp-json\/wp\/v2\/comments?post=4712"}],"version-history":[{"count":0,"href":"https:\/\/by-tv.co.uk\/en\/wp-json\/wp\/v2\/posts\/4712\/revisions"}],"wp:featuredmedia":[{"embeddable":true,"href":"https:\/\/by-tv.co.uk\/en\/wp-json\/wp\/v2\/media\/4717"}],"wp:attachment":[{"href":"https:\/\/by-tv.co.uk\/en\/wp-json\/wp\/v2\/media?parent=4712"}],"wp:term":[{"taxonomy":"category","embeddable":true,"href":"https:\/\/by-tv.co.uk\/en\/wp-json\/wp\/v2\/categories?post=4712"},{"taxonomy":"post_tag","embeddable":true,"href":"https:\/\/by-tv.co.uk\/en\/wp-json\/wp\/v2\/tags?post=4712"}],"curies":[{"name":"wp","href":"https:\/\/api.w.org\/{rel}","templated":true}]}}