{"id":4482,"date":"2020-06-21T17:03:17","date_gmt":"2020-06-21T14:03:17","guid":{"rendered":"https:\/\/by-tv.co.uk\/?p=4482"},"modified":"2021-11-15T02:40:03","modified_gmt":"2021-11-15T02:40:03","slug":"turkiyenin-birlesik-kralliktaki-egitim-faaliyetleri","status":"publish","type":"post","link":"https:\/\/by-tv.co.uk\/en\/turkiyenin-birlesik-kralliktaki-egitim-faaliyetleri\/","title":{"rendered":"T\u00fcrkiye&#8217;nin Birle\u015fik Krall\u0131k&#8217;taki e\u011fitim faaliyetleri"},"content":{"rendered":"<p>Osmanl\u0131 modernle\u015fmenin hem tezah\u00fcr\u00fc hem y\u00fcr\u00fct\u00fcc\u00fcs\u00fc olan bir uygulama olarak yurtd\u0131\u015f\u0131na \u00f6\u011frenci g\u00f6nderme uygulamas\u0131 Tanzimat d\u00f6neminde ortaya \u00e7\u0131km\u0131\u015f ve gen\u00e7 T\u00fcrkiye Cumhuriyeti taraf\u0131ndan da devam ettirilmi\u015ftir.<\/p>\n<p>Gen\u00e7 Cumhuriyet; Kurtulu\u015f Sava\u015f\u0131\u2019ndan galip \u00e7\u0131kan ve ard\u0131ndan \u00e7a\u011fda\u015f bir \u00fclke olabilmek ad\u0131na yepyeni bir m\u00fccadelenin i\u00e7indedir. Bu yeni sava\u015f\u0131 kazanabilmek i\u00e7in, devletin \u00e7ok k\u0131s\u0131tl\u0131 imkanlar\u0131na ra\u011fmen, \u00fclkenin her yan\u0131ndan \u00e7ok say\u0131da ba\u015far\u0131l\u0131 \u00f6\u011frenci yurtd\u0131\u015f\u0131nda okumaya g\u00f6nderilir<\/p>\n<p><strong>KIVILCIMDAN VOLKANA<\/strong><\/p><div id=\"briti-3062291827\" class=\"briti-icerik\" style=\"margin-top: 5px;margin-bottom: 5px;\"><a href=\"https:\/\/piaryum.com\/services\/\" aria-label=\"piaryum banner\"><img loading=\"lazy\" decoding=\"async\" src=\"https:\/\/by-tv.co.uk\/wp-content\/uploads\/2025\/12\/Gemini_Generated_Image_g5yqr1g5yqr1g5yq.jpg\" alt=\"\"  width=\"2064\" height=\"1152\"   \/><\/a><\/div>\n<p>Bu y\u0131llarda \u00f6\u011frenciler Mustafa Kemal Atat\u00fcrk&#8217;\u00fcn &#8221;Sizleri bir k\u0131v\u0131lc\u0131m olarak g\u00f6nderiyorum, volkan olarak d\u00f6n\u00fcn\u00fcz!&#8221; s\u00f6zleriyle u\u011furlan\u0131r. \u0130kinci D\u00fcnya Sava\u015f\u0131&#8217;n\u0131n t\u00fcm Avrupa&#8217;y\u0131 kas\u0131p kavurdu\u011fu y\u0131llarda bombalar alt\u0131nda e\u011fitim g\u00f6ren \u00f6\u011frenciler, i\u00e7lerindeki sonsuz vatan sevgisiyle \u00f6\u011frenimlerine devam ederler.<\/p>\n<p>T\u00fcrkiye\u2019nin \u00f6yk\u00fcs\u00fc asl\u0131nda K\u0131v\u0131lc\u0131mdan Volkana T\u00fcrkiye&#8217;nin temellerini atan bir neslin \u00f6yk\u00fcs\u00fcd\u00fcr\u2026 Bug\u00fcn de bu uygulama hala devam ediyor.<\/p>\n<p>Bu programda y\u00fcksek \u00f6\u011frenim g\u00f6rmeleri i\u00e7in Birle\u015fik Krall\u0131k\u2019a g\u00f6nderilen \u00f6\u011frencileri ele ald\u0131k. Gazeteci Ergin Balabeyo\u011flu,<strong> T.C. Milli E\u011fitim Bakanl\u0131\u011f\u0131 Londra E\u011fitim M\u00fc\u015faviri Hasan \u00dcnsal<\/strong> ile bu konuyu konu\u015ftu.<\/p>\n<p>#yurtd\u0131\u015f\u0131e\u011fitim #birk\u0131v\u0131lc\u0131m #meblondra #hasan\u00fcnsal #birle\u015fikkrall\u0131k #ingilteree\u011fitim<br \/>\n<iframe loading=\"lazy\" src=\"https:\/\/www.youtube.com\/embed\/JUo6pfHSaEI\" width=\"804\" height=\"452\" frameborder=\"0\" allowfullscreen=\"allowfullscreen\"><\/iframe><\/p>\n<div id=\"briti-1712786667\" class=\"briti-icerikten-sonra_2\" style=\"margin-top: 25px;margin-bottom: 25px;\"><a href=\"https:\/\/wa.me\/message\/NDZLLIOQT4H3O1\" aria-label=\"bytv reklam banner\"><img loading=\"lazy\" decoding=\"async\" src=\"https:\/\/by-tv.co.uk\/wp-content\/uploads\/2025\/12\/bytv-reklam-banner.jpg\" alt=\"\"  width=\"2376\" height=\"1008\"   \/><\/a><\/div>","protected":false},"excerpt":{"rendered":"<p>Osmanl\u0131 modernle\u015fmenin hem tezah\u00fcr\u00fc hem y\u00fcr\u00fct\u00fcc\u00fcs\u00fc olan bir uygulama olarak yurtd\u0131\u015f\u0131na \u00f6\u011frenci g\u00f6nderme uygulamas\u0131 Tanzimat d\u00f6neminde ortaya \u00e7\u0131km\u0131\u015f ve gen\u00e7 T\u00fcrkiye Cumhuriyeti taraf\u0131ndan da devam ettirilmi\u015ftir. Gen\u00e7 Cumhuriyet; Kurtulu\u015f Sava\u015f\u0131\u2019ndan galip \u00e7\u0131kan ve ard\u0131ndan \u00e7a\u011fda\u015f bir \u00fclke olabilmek ad\u0131na yepyeni bir m\u00fccadelenin i\u00e7indedir. Bu yeni sava\u015f\u0131 kazanabilmek i\u00e7in, devletin \u00e7ok k\u0131s\u0131tl\u0131 imkanlar\u0131na ra\u011fmen, \u00fclkenin her yan\u0131ndan \u00e7ok say\u0131da ba\u015far\u0131l\u0131 \u00f6\u011frenci yurtd\u0131\u015f\u0131nda okumaya g\u00f6nderilir KIVILCIMDAN VOLKANA Bu y\u0131llarda \u00f6\u011frenciler Mustafa Kemal Atat\u00fcrk&#8217;\u00fcn &#8221;Sizleri bir k\u0131v\u0131lc\u0131m olarak g\u00f6nderiyorum, volkan olarak d\u00f6n\u00fcn\u00fcz!&#8221; s\u00f6zleriyle u\u011furlan\u0131r. \u0130kinci D\u00fcnya Sava\u015f\u0131&#8217;n\u0131n t\u00fcm Avrupa&#8217;y\u0131 kas\u0131p kavurdu\u011fu y\u0131llarda bombalar alt\u0131nda e\u011fitim g\u00f6ren \u00f6\u011frenciler, i\u00e7lerindeki sonsuz vatan sevgisiyle \u00f6\u011frenimlerine devam [&hellip;]<\/p>\n","protected":false},"author":1,"featured_media":4483,"comment_status":"open","ping_status":"open","sticky":false,"template":"","format":"video","meta":{"ngg_post_thumbnail":0,"footnotes":""},"categories":[15],"tags":[892,1027,1029,1028],"class_list":["post-4482","post","type-post","status-publish","format-video","has-post-thumbnail","hentry","category-ingiltere","tag-ergin-balabeyoglu","tag-hasan-unsal","tag-kivilcimdanvolkana","tag-yurdisi-egitim","post_format-post-format-video"],"_links":{"self":[{"href":"https:\/\/by-tv.co.uk\/en\/wp-json\/wp\/v2\/posts\/4482","targetHints":{"allow":["GET"]}}],"collection":[{"href":"https:\/\/by-tv.co.uk\/en\/wp-json\/wp\/v2\/posts"}],"about":[{"href":"https:\/\/by-tv.co.uk\/en\/wp-json\/wp\/v2\/types\/post"}],"author":[{"embeddable":true,"href":"https:\/\/by-tv.co.uk\/en\/wp-json\/wp\/v2\/users\/1"}],"replies":[{"embeddable":true,"href":"https:\/\/by-tv.co.uk\/en\/wp-json\/wp\/v2\/comments?post=4482"}],"version-history":[{"count":0,"href":"https:\/\/by-tv.co.uk\/en\/wp-json\/wp\/v2\/posts\/4482\/revisions"}],"wp:featuredmedia":[{"embeddable":true,"href":"https:\/\/by-tv.co.uk\/en\/wp-json\/wp\/v2\/media\/4483"}],"wp:attachment":[{"href":"https:\/\/by-tv.co.uk\/en\/wp-json\/wp\/v2\/media?parent=4482"}],"wp:term":[{"taxonomy":"category","embeddable":true,"href":"https:\/\/by-tv.co.uk\/en\/wp-json\/wp\/v2\/categories?post=4482"},{"taxonomy":"post_tag","embeddable":true,"href":"https:\/\/by-tv.co.uk\/en\/wp-json\/wp\/v2\/tags?post=4482"}],"curies":[{"name":"wp","href":"https:\/\/api.w.org\/{rel}","templated":true}]}}