{"id":4453,"date":"2020-06-10T03:32:37","date_gmt":"2020-06-10T00:32:37","guid":{"rendered":"https:\/\/by-tv.co.uk\/?p=4453"},"modified":"2020-06-10T03:32:37","modified_gmt":"2020-06-10T00:32:37","slug":"ingiltere-vize-merkezleri-23-haziranda-aciliyor","status":"publish","type":"post","link":"https:\/\/by-tv.co.uk\/en\/ingiltere-vize-merkezleri-23-haziranda-aciliyor\/","title":{"rendered":"\u0130ngiltere vize merkezleri 23 Haziran&#8217;da a\u00e7\u0131l\u0131yor"},"content":{"rendered":"<div class=\"\" data-block=\"true\" data-editor=\"4iiei\" data-offset-key=\"1o0hd-0-0\">\n<div class=\"_1mf _1mj\" data-offset-key=\"1o0hd-0-0\"><span data-offset-key=\"1o0hd-0-0\">\u0130ngiltere vizesi ba\u015fvuru merkezleri; 3 ayl\u0131k aran\u0131n ard\u0131ndan yeniden a\u00e7\u0131l\u0131yor. 23 Haziran\u2019dan itibaren \u0130ngiltere vizesi ve <\/span><span style=\"font-size: 1.21429rem;\">Ankara Anla\u015fmas\u0131 vizesi ba\u015fvurusunu yapmak isteyen ki\u015filer \u0130ngiltere Ba\u015fvuru Merkezi&#8217;nde ba\u015fvuru i\u015flemlerini yapabilirler.<\/span><\/div>\n<\/div>\n<div class=\"\" data-block=\"true\" data-editor=\"4iiei\" data-offset-key=\"1t2go-0-0\">\n<div class=\"_1mf _1mj\" data-offset-key=\"1t2go-0-0\"><span data-offset-key=\"1t2go-0-0\">\u00a0<\/span><\/div>\n<\/div>\n<div class=\"\" data-block=\"true\" data-editor=\"4iiei\" data-offset-key=\"7ijr1-0-0\">\n<div class=\"_1mf _1mj\" data-offset-key=\"7ijr1-0-0\"><span class=\"_5zk7\" spellcheck=\"false\" data-offset-key=\"7ijr1-0-0\"><span data-offset-key=\"7ijr1-0-0\">#ankaraanla\u015fmas\u0131<\/span><\/span> <span class=\"_5zk7\" spellcheck=\"false\" data-offset-key=\"7ijr1-2-0\"><span data-offset-key=\"7ijr1-2-0\">#ingilterevize<\/span><\/span><\/div>\n<\/div>\n<div id=\"briti-100778046\" class=\"briti-icerikten-sonra_2\" style=\"margin-top: 25px;margin-bottom: 25px;\"><a href=\"https:\/\/wa.me\/message\/NDZLLIOQT4H3O1\" aria-label=\"bytv reklam banner\"><img loading=\"lazy\" decoding=\"async\" src=\"https:\/\/by-tv.co.uk\/wp-content\/uploads\/2025\/12\/bytv-reklam-banner.jpg\" alt=\"\"  width=\"2376\" height=\"1008\"   \/><\/a><\/div>","protected":false},"excerpt":{"rendered":"<p>\u0130ngiltere vizesi ba\u015fvuru merkezleri; 3 ayl\u0131k aran\u0131n ard\u0131ndan yeniden a\u00e7\u0131l\u0131yor. 23 Haziran\u2019dan itibaren \u0130ngiltere vizesi ve Ankara Anla\u015fmas\u0131 vizesi ba\u015fvurusunu yapmak isteyen ki\u015filer \u0130ngiltere Ba\u015fvuru Merkezi&#8217;nde ba\u015fvuru i\u015flemlerini yapabilirler. \u00a0 #ankaraanla\u015fmas\u0131 #ingilterevize<\/p>","protected":false},"author":1,"featured_media":0,"comment_status":"open","ping_status":"open","sticky":false,"template":"","format":"standard","meta":{"ngg_post_thumbnail":0,"footnotes":""},"categories":[1],"tags":[1009],"class_list":["post-4453","post","type-post","status-publish","format-standard","hentry","category-genel","tag-ingiltere-vize"],"_links":{"self":[{"href":"https:\/\/by-tv.co.uk\/en\/wp-json\/wp\/v2\/posts\/4453","targetHints":{"allow":["GET"]}}],"collection":[{"href":"https:\/\/by-tv.co.uk\/en\/wp-json\/wp\/v2\/posts"}],"about":[{"href":"https:\/\/by-tv.co.uk\/en\/wp-json\/wp\/v2\/types\/post"}],"author":[{"embeddable":true,"href":"https:\/\/by-tv.co.uk\/en\/wp-json\/wp\/v2\/users\/1"}],"replies":[{"embeddable":true,"href":"https:\/\/by-tv.co.uk\/en\/wp-json\/wp\/v2\/comments?post=4453"}],"version-history":[{"count":0,"href":"https:\/\/by-tv.co.uk\/en\/wp-json\/wp\/v2\/posts\/4453\/revisions"}],"wp:attachment":[{"href":"https:\/\/by-tv.co.uk\/en\/wp-json\/wp\/v2\/media?parent=4453"}],"wp:term":[{"taxonomy":"category","embeddable":true,"href":"https:\/\/by-tv.co.uk\/en\/wp-json\/wp\/v2\/categories?post=4453"},{"taxonomy":"post_tag","embeddable":true,"href":"https:\/\/by-tv.co.uk\/en\/wp-json\/wp\/v2\/tags?post=4453"}],"curies":[{"name":"wp","href":"https:\/\/api.w.org\/{rel}","templated":true}]}}