{"id":4445,"date":"2020-06-03T13:41:09","date_gmt":"2020-06-03T10:41:09","guid":{"rendered":"https:\/\/by-tv.co.uk\/?p=4445"},"modified":"2020-06-03T13:43:21","modified_gmt":"2020-06-03T10:43:21","slug":"abddeki-george-floyd-isyani-buyuyor","status":"publish","type":"post","link":"https:\/\/by-tv.co.uk\/en\/abddeki-george-floyd-isyani-buyuyor\/","title":{"rendered":"ABD&#8217;deki George Floyd isyan\u0131 b\u00fcy\u00fcyor"},"content":{"rendered":"<p>BAU \/ Bay Atlantic University Rekt\u00f6r\u00fc Do\u00e7.Dr. Sinem Vatanart\u0131ran, Washington&#8217;daki ba\u015fkanl\u0131k konutu Beyaz Saray \u00f6n\u00fcnden d\u00fcn ak\u015fam ABD&#8217;deki son durumu aktard\u0131. ABD&#8217;de siyahi George Floyd&#8217;un polis taraf\u0131ndan bo\u011faz\u0131na bas\u0131larak \u00f6ld\u00fcr\u00fclmesinden sonra ba\u015flayan protesto g\u00f6sterileri 8&#8217;inci g\u00fcn\u00fcnde yo\u011funlu\u011funu s\u00fcrd\u00fcr\u00fcyor. ABD Ba\u015fkan\u0131 Donald Trump&#8217;\u0131n eyalet valilerine gev\u015fek davranamas\u0131 halinde muhaf\u0131z birliklerini harekete ge\u00e7irece\u011fini s\u00f6ylemesinin ard\u0131ndan ba\u015fkent Washington&#8217;a bin 600 asker konu\u015fland\u0131r\u0131ld\u0131. Soka\u011fa \u00e7\u0131kma yasa\u011f\u0131na ra\u011fmen ABD&#8217;nin bir\u00e7ok kentinde protesto g\u00f6sterileri devam ediyor.<\/p>\n<p><iframe loading=\"lazy\" src=\"https:\/\/www.youtube.com\/embed\/fxtW2iHW650\" width=\"647\" height=\"364\" frameborder=\"0\" allowfullscreen=\"allowfullscreen\"><\/iframe><\/p>\n<div id=\"briti-3135509013\" class=\"briti-icerikten-sonra_2\" style=\"margin-top: 25px;margin-bottom: 25px;\"><a href=\"https:\/\/wa.me\/message\/NDZLLIOQT4H3O1\" aria-label=\"bytv reklam banner\"><img loading=\"lazy\" decoding=\"async\" src=\"https:\/\/by-tv.co.uk\/wp-content\/uploads\/2025\/12\/bytv-reklam-banner.jpg\" alt=\"\"  width=\"2376\" height=\"1008\"   \/><\/a><\/div>","protected":false},"excerpt":{"rendered":"<p>BAU \/ Bay Atlantic University Rekt\u00f6r\u00fc Do\u00e7.Dr. Sinem Vatanart\u0131ran, Washington&#8217;daki ba\u015fkanl\u0131k konutu Beyaz Saray \u00f6n\u00fcnden d\u00fcn ak\u015fam ABD&#8217;deki son durumu aktard\u0131. ABD&#8217;de siyahi George Floyd&#8217;un polis taraf\u0131ndan bo\u011faz\u0131na bas\u0131larak \u00f6ld\u00fcr\u00fclmesinden sonra ba\u015flayan protesto g\u00f6sterileri 8&#8217;inci g\u00fcn\u00fcnde yo\u011funlu\u011funu s\u00fcrd\u00fcr\u00fcyor. ABD Ba\u015fkan\u0131 Donald Trump&#8217;\u0131n eyalet valilerine gev\u015fek davranamas\u0131 halinde muhaf\u0131z birliklerini harekete ge\u00e7irece\u011fini s\u00f6ylemesinin ard\u0131ndan ba\u015fkent Washington&#8217;a bin 600 asker konu\u015fland\u0131r\u0131ld\u0131. Soka\u011fa \u00e7\u0131kma yasa\u011f\u0131na ra\u011fmen ABD&#8217;nin bir\u00e7ok kentinde protesto g\u00f6sterileri devam ediyor.<\/p>","protected":false},"author":1,"featured_media":0,"comment_status":"open","ping_status":"open","sticky":false,"template":"","format":"video","meta":{"ngg_post_thumbnail":0,"footnotes":""},"categories":[1],"tags":[1004,376,892,1002,1003],"class_list":["post-4445","post","type-post","status-publish","format-video","hentry","category-genel","tag-bau-bay-atlantic-university","tag-bau-global","tag-ergin-balabeyoglu","tag-george-floyd","tag-sinem-vatanartiran","post_format-post-format-video"],"_links":{"self":[{"href":"https:\/\/by-tv.co.uk\/en\/wp-json\/wp\/v2\/posts\/4445","targetHints":{"allow":["GET"]}}],"collection":[{"href":"https:\/\/by-tv.co.uk\/en\/wp-json\/wp\/v2\/posts"}],"about":[{"href":"https:\/\/by-tv.co.uk\/en\/wp-json\/wp\/v2\/types\/post"}],"author":[{"embeddable":true,"href":"https:\/\/by-tv.co.uk\/en\/wp-json\/wp\/v2\/users\/1"}],"replies":[{"embeddable":true,"href":"https:\/\/by-tv.co.uk\/en\/wp-json\/wp\/v2\/comments?post=4445"}],"version-history":[{"count":0,"href":"https:\/\/by-tv.co.uk\/en\/wp-json\/wp\/v2\/posts\/4445\/revisions"}],"wp:attachment":[{"href":"https:\/\/by-tv.co.uk\/en\/wp-json\/wp\/v2\/media?parent=4445"}],"wp:term":[{"taxonomy":"category","embeddable":true,"href":"https:\/\/by-tv.co.uk\/en\/wp-json\/wp\/v2\/categories?post=4445"},{"taxonomy":"post_tag","embeddable":true,"href":"https:\/\/by-tv.co.uk\/en\/wp-json\/wp\/v2\/tags?post=4445"}],"curies":[{"name":"wp","href":"https:\/\/api.w.org\/{rel}","templated":true}]}}