{"id":4356,"date":"2020-05-02T02:12:18","date_gmt":"2020-05-01T23:12:18","guid":{"rendered":"https:\/\/by-tv.co.uk\/?p=4356"},"modified":"2020-05-02T02:12:18","modified_gmt":"2020-05-01T23:12:18","slug":"coronavirus-golgesinde-1-mayis-isci-ve-emekci-bayrami-dr-emre-eren-korkmaz","status":"publish","type":"post","link":"https:\/\/by-tv.co.uk\/en\/coronavirus-golgesinde-1-mayis-isci-ve-emekci-bayrami-dr-emre-eren-korkmaz\/","title":{"rendered":"Coronavir\u00fcs g\u00f6lgesinde 1 May\u0131s \u0130\u015f\u00e7i ve Emek\u00e7i Bayram\u0131 | Dr. Emre Eren Korkmaz"},"content":{"rendered":"<p>Bu sene 1 May\u0131s \u0130\u015f\u00e7i ve Emek\u00e7i Bayram\u0131, coronavir\u00fcs pandemisinin g\u00f6lgesinde yap\u0131ld\u0131.<br \/>\nKonu ile ilgili Oxford \u00dcniversitesi \u00d6\u011fretim \u00dcyesi Dr. Emre Eren Korkmaz ile bir r\u00f6portaj yapt\u0131k. Bu d\u00f6nemin end\u00fcstri ili\u015fkilerine etkisi, sosyal devlet politikalar\u0131n tekrar g\u00fcndeme gelmesi, uzaktan e\u011fitim ve \u00e7al\u0131\u015fman\u0131n otoriter ve s\u00fcrekli g\u00f6zetilen toplum yaratma e\u011filimini ve \u0130ngiliz \u0130\u015f\u00e7i Partisi\u2019ni konu\u015ftuk.<\/p>\n<p><iframe loading=\"lazy\" src=\"https:\/\/www.youtube.com\/embed\/pLQ9Ui4tZrY\" width=\"818\" height=\"460\" frameborder=\"0\" allowfullscreen=\"allowfullscreen\"><\/iframe><\/p>\n<h5>\u0130\u015e\u00c7\u0130LER\u0130 ve KAP\u0130TAL\u0130ZM\u0130 YEN\u0130DEN D\u00dc\u015e\u00dcNMEK<\/h5>\n<p>&#8221;Gemisini kurtaran kaptan&#8221; d\u00fc\u015f\u00fcncesinin ge\u00e7erli olmad\u0131\u011f\u0131 bir d\u00f6nem ya\u015f\u0131yoruz. Bu yeni d\u00f6nemi sorguluyoruz.<\/p>\n<h5>PANDEM\u0130 SONRASI B\u00dcY\u00dcK D\u00d6N\u00dc\u015e\u00dcM BEKLENT\u0130S\u0130<\/h5>\n<p>Covid-19 Salg\u0131n\u0131 sonras\u0131 b\u00fcy\u00fck bir d\u00f6n\u00fc\u015f\u00fcm bekliyor musunuz? Kolera salg\u0131n\u0131 sonras\u0131 b\u00fcy\u00fck d\u00f6n\u00fc\u015f\u00fcmler ger\u00e7ekle\u015fmi\u015fti.<\/p><div id=\"briti-4137153400\" class=\"briti-icerik\" style=\"margin-top: 5px;margin-bottom: 5px;\"><a href=\"https:\/\/piaryum.com\/services\/\" aria-label=\"piaryum banner\"><img loading=\"lazy\" decoding=\"async\" src=\"https:\/\/by-tv.co.uk\/wp-content\/uploads\/2025\/12\/Gemini_Generated_Image_g5yqr1g5yqr1g5yq.jpg\" alt=\"\"  width=\"2064\" height=\"1152\"   \/><\/a><\/div>\n<h5>YEN\u0130DEN DEVLET\u00c7\u0130L\u0130K ZAMANI MI?<\/h5>\n<p>Sosyal devlet ve dayan\u0131\u015fman\u0131n \u00f6neminin artt\u0131\u011f\u0131 bir d\u00f6nemdeyiz. Salg\u0131ndan sonra bu sosyal devlet\u00e7i politikalar artacak m\u0131 ?<\/p>\n<h5>G\u00d6ZET\u0130M TOPLUMUNUN PROVASI MI?<\/h5>\n<p>Evden \u00e7al\u0131\u015fma ile beraber ortaya \u00e7\u0131kan durum g\u00f6zetim ve denetim<br \/>\ntoplumuna do\u011fru gider mi?<\/p>\n<h5>\u0130NG\u0130LTERE \u0130\u015e\u00c7\u0130 PART\u0130S\u0130 ve STARMER<\/h5>\n<p>Muhafazakar Parti yerine bug\u00fcn \u0130\u015f\u00e7i Partisi iktidarda olsayd\u0131 \u0130ngiltere&#8217;de durum nas\u0131l olurdu?<\/p>\n<div id=\"briti-3211047258\" class=\"briti-icerikten-sonra_2\" style=\"margin-top: 25px;margin-bottom: 25px;\"><a href=\"https:\/\/wa.me\/message\/NDZLLIOQT4H3O1\" aria-label=\"bytv reklam banner\"><img loading=\"lazy\" decoding=\"async\" src=\"https:\/\/by-tv.co.uk\/wp-content\/uploads\/2025\/12\/bytv-reklam-banner.jpg\" alt=\"\"  width=\"2376\" height=\"1008\"   \/><\/a><\/div>","protected":false},"excerpt":{"rendered":"<p>Bu sene 1 May\u0131s \u0130\u015f\u00e7i ve Emek\u00e7i Bayram\u0131, coronavir\u00fcs pandemisinin g\u00f6lgesinde yap\u0131ld\u0131. Konu ile ilgili Oxford \u00dcniversitesi \u00d6\u011fretim \u00dcyesi Dr. Emre Eren Korkmaz ile bir r\u00f6portaj yapt\u0131k. Bu d\u00f6nemin end\u00fcstri ili\u015fkilerine etkisi, sosyal devlet politikalar\u0131n tekrar g\u00fcndeme gelmesi, uzaktan e\u011fitim ve \u00e7al\u0131\u015fman\u0131n otoriter ve s\u00fcrekli g\u00f6zetilen toplum yaratma e\u011filimini ve \u0130ngiliz \u0130\u015f\u00e7i Partisi\u2019ni konu\u015ftuk. \u0130\u015e\u00c7\u0130LER\u0130 ve KAP\u0130TAL\u0130ZM\u0130 YEN\u0130DEN D\u00dc\u015e\u00dcNMEK &#8221;Gemisini kurtaran kaptan&#8221; d\u00fc\u015f\u00fcncesinin ge\u00e7erli olmad\u0131\u011f\u0131 bir d\u00f6nem ya\u015f\u0131yoruz. Bu yeni d\u00f6nemi sorguluyoruz. PANDEM\u0130 SONRASI B\u00dcY\u00dcK D\u00d6N\u00dc\u015e\u00dcM BEKLENT\u0130S\u0130 Covid-19 Salg\u0131n\u0131 sonras\u0131 b\u00fcy\u00fck bir d\u00f6n\u00fc\u015f\u00fcm bekliyor musunuz? Kolera salg\u0131n\u0131 sonras\u0131 b\u00fcy\u00fck d\u00f6n\u00fc\u015f\u00fcmler ger\u00e7ekle\u015fmi\u015fti. YEN\u0130DEN DEVLET\u00c7\u0130L\u0130K ZAMANI MI? Sosyal devlet ve dayan\u0131\u015fman\u0131n \u00f6neminin [&hellip;]<\/p>\n","protected":false},"author":1,"featured_media":0,"comment_status":"open","ping_status":"open","sticky":false,"template":"","format":"standard","meta":{"ngg_post_thumbnail":0,"footnotes":""},"categories":[1],"tags":[965,875,149,967,968,966],"class_list":["post-4356","post","type-post","status-publish","format-standard","hentry","category-genel","tag-1-mayis-ve-koronavirus","tag-emre-eren-korkmaz","tag-ingiltere","tag-sosyal-devlet","tag-starmer","tag-yeni-donem"],"_links":{"self":[{"href":"https:\/\/by-tv.co.uk\/en\/wp-json\/wp\/v2\/posts\/4356","targetHints":{"allow":["GET"]}}],"collection":[{"href":"https:\/\/by-tv.co.uk\/en\/wp-json\/wp\/v2\/posts"}],"about":[{"href":"https:\/\/by-tv.co.uk\/en\/wp-json\/wp\/v2\/types\/post"}],"author":[{"embeddable":true,"href":"https:\/\/by-tv.co.uk\/en\/wp-json\/wp\/v2\/users\/1"}],"replies":[{"embeddable":true,"href":"https:\/\/by-tv.co.uk\/en\/wp-json\/wp\/v2\/comments?post=4356"}],"version-history":[{"count":0,"href":"https:\/\/by-tv.co.uk\/en\/wp-json\/wp\/v2\/posts\/4356\/revisions"}],"wp:attachment":[{"href":"https:\/\/by-tv.co.uk\/en\/wp-json\/wp\/v2\/media?parent=4356"}],"wp:term":[{"taxonomy":"category","embeddable":true,"href":"https:\/\/by-tv.co.uk\/en\/wp-json\/wp\/v2\/categories?post=4356"},{"taxonomy":"post_tag","embeddable":true,"href":"https:\/\/by-tv.co.uk\/en\/wp-json\/wp\/v2\/tags?post=4356"}],"curies":[{"name":"wp","href":"https:\/\/api.w.org\/{rel}","templated":true}]}}