{"id":4341,"date":"2020-04-30T19:34:02","date_gmt":"2020-04-30T16:34:02","guid":{"rendered":"https:\/\/by-tv.co.uk\/?p=4341"},"modified":"2020-04-30T19:34:02","modified_gmt":"2020-04-30T16:34:02","slug":"turkiyenin-londra-buyukelciligi-devlet-yardimlari-konusunda-bilgilendirme-bulteni-yayinladi","status":"publish","type":"post","link":"https:\/\/by-tv.co.uk\/en\/turkiyenin-londra-buyukelciligi-devlet-yardimlari-konusunda-bilgilendirme-bulteni-yayinladi\/","title":{"rendered":"T\u00fcrkiye&#8217;nin Londra B\u00fcy\u00fckel\u00e7ili\u011fi, devlet yard\u0131mlar\u0131 konusunda bilgilendirme b\u00fclteni yay\u0131nlad\u0131"},"content":{"rendered":"<div class=\"ks-content-header\">\n<p>&nbsp;<\/p>\n<h4 id=\"applicationHeader\" class=\"lead ks-announcement-head\">Birle\u015fik Krall\u0131k\u2019ta \u0130kamet Eden Vatanda\u015flar\u0131m\u0131z\u0131n \u0130stifade Edebilecekleri Devlet Yard\u0131mlar\u0131<\/h4>\n<div class=\"ks-anouncement-infos\"><strong><span class=\"ks-announcement-place\" lang=\"tr\">Londra B\u00fcy\u00fckel\u00e7ili\u011fi<\/span><span class=\"ks-announcement-date\"><i class=\"fa fa-clock-o\"><\/i> 30.04.2020<\/span><\/strong><\/div>\n<\/div>\n<div class=\"ks-announcement-content\">\n<p>Birle\u015fik Krall\u0131k\u2019ta ikamet eden vatanda\u015flar\u0131m\u0131z\u0131n Covid-19 koronavir\u00fcs salg\u0131n\u0131 d\u00f6neminden kaynaklanan ma\u011fduriyetlerini hafifletmek i\u00e7in halihaz\u0131rda istifade edebilecekleri \u00fc\u00e7 temel devlet yard\u0131m\u0131 bulunmaktad\u0131r.<\/p>\n<p>Bunlar,<\/p>\n<p>-Birle\u015fik Krall\u0131k\u2019ta daimi ikamet eden, ancak ya\u015fam\u0131n\u0131 sa\u011fl\u0131kl\u0131 bir bi\u00e7imde idame ettirmeye yetecek bir geliri veya birikimi bulunmayan herkesin faydalanabilece\u011fi GENEL KRED\u0130 (UNIVERSAL CREDIT),<\/p><div id=\"briti-3759019248\" class=\"briti-icerik\" style=\"margin-top: 5px;margin-bottom: 5px;\"><a href=\"https:\/\/piaryum.com\/services\/\" aria-label=\"piaryum banner\"><img loading=\"lazy\" decoding=\"async\" src=\"https:\/\/by-tv.co.uk\/wp-content\/uploads\/2025\/12\/Gemini_Generated_Image_g5yqr1g5yqr1g5yq.jpg\" alt=\"\"  width=\"2064\" height=\"1152\"   \/><\/a><\/div>\n<p>-Birle\u015fik Krall\u0131k\u2019ta maa\u015fl\u0131 olarak \u00e7al\u0131\u015f\u0131rken, Covid-19 koronavir\u00fcs salg\u0131n\u0131 nedeniyle, i\u015fverenleri taraf\u0131ndan \u00fccretsiz izne \u00e7\u0131kar\u0131lanlar\u0131n faydalanabilece\u011fi KORONAV\u0130R\u00dcS \u0130\u015e DURAKLATMA PLANI (CORONAVIRUS JOB RETENTION SCHEME),<\/p>\n<p>-\u00d6n\u00fcm\u00fczdeki haftalarda devreye girmesi beklenen ve Birle\u015fik Krall\u0131k\u2019ta ticari faaliyette bulunurken, Covid-19 koronavir\u00fcs salg\u0131n\u0131 nedeniyle, ticari faaliyetleri ciddi \u00f6l\u00e7\u00fcde zarar g\u00f6ren serbest meslek sahiplerinin faydalanabilece\u011fi SERBEST MESLEK GELIR DESTEK PLANI\u2019DIR (SELF-EMPLOYMENT INCOME SUPPORT SCHEME).<\/p>\n<p>S\u00f6z konusu yard\u0131mlar\u0131n niteli\u011fi, bunlardan kimlerin yararlanabilece\u011fi ve ba\u015fvuru y\u00f6ntemleri a\u015fa\u011f\u0131da maddeler halinde a\u00e7\u0131klanm\u0131\u015ft\u0131r.<\/p>\n<p>23 Nisan 2020 tarihli COVID 19 genelgesi ile getirilen sair yard\u0131mlara a\u015fa\u011f\u0131da 4.b\u00f6l\u00fcm ba\u015fl\u0131\u011f\u0131 alt\u0131nda yer verilmi\u015ftir.<\/p>\n<p>Bunlar\u0131n d\u0131\u015f\u0131nda varolan devlet yard\u0131mlar\u0131na ili\u015fkin ilave bilgilere https:\/\/www.gov.uk\/browse\/benefits adresinden ula\u015f\u0131lmas\u0131 m\u00fcmk\u00fcnd\u00fcr.<\/p>\n<h4>1. GENEL KRED\u0130 (UNIVERSAL CREDIT)<\/h4>\n<h4>Genel Kredi (Universal Credit) Nedir?<\/h4>\n<p>Genel Kredi, Birle\u015fik Krall\u0131k H\u00fck\u00fcmeti\u2019nin, Birle\u015fik Krall\u0131k\u2019ta ya\u015fayan ve a\u015fa\u011f\u0131daki \u015fartlar\u0131 ta\u015f\u0131yan ki\u015filere, ya\u015fam masraflar\u0131n\u0131n kar\u015f\u0131lanmas\u0131nda yard\u0131mc\u0131 olmak amac\u0131yla belirledi\u011fi sosyal yard\u0131m \u00f6demesidir.<\/p>\n<p>Genel Kredi\u2019den Yararlanma \u015eartlar\u0131 Nelerdir?<\/p>\n<p>Genel Kredi\u2019ye a\u015fa\u011f\u0131daki \u015fartlar\u0131 ta\u015f\u0131yanlar ba\u015fvurabilirler:<\/p>\n<p>-D\u00fc\u015f\u00fck gelirli veya i\u015fsiz olmak<\/p>\n<p>-18 ya\u015f\u0131ndan b\u00fcy\u00fck olmak<\/p>\n<p>-Emeklilik ya\u015f\u0131ndan gen\u00e7 olmak<\/p>\n<p>-16.000 Sterlin veya daha az tasarrufa sahip olmak<\/p>\n<p>-Birle\u015fik Krall\u0131k\u2019ta ya\u015f\u0131yor olmak<\/p>\n<p>Not: Birle\u015fik Krall\u0131k\u2019ta Ankara Anla\u015fmasi vizesi (ECAA2) \u00e7er\u00e7evesinde ikamet etmekte olan vatanda\u015flar\u0131m\u0131z vizelerine bas\u0131lan \u201cKamu yard\u0131mlar\u0131ndan yararlanamaz\u201d (No recourse to public funding) \u015ferhi nedeniyle universal credit ba\u015fvurusunda bulunamazlar. \u00d6zel olarak COVID-19 krizinin devam etti\u011fi s\u00fcre zarf\u0131nda ge\u00e7erli olmak kayd\u0131yla bu \u015ferhin kald\u0131r\u0131lmasi i\u00e7in giri\u015fimler yap\u0131lm\u0131\u015f olsa da; hen\u00fcz bu alanda bir geli\u015fme kaydedilmemi\u015f ve \u0130ngiliz h\u00fck\u00fcmeti bu konuda bir kanun de\u011fi\u015fikli\u011fi veya karar yay\u0131mlamam\u0131\u015ft\u0131r.<\/p>\n<p>Genel Kredi\u2019den Yararland\u0131\u011f\u0131n\u0131zda Ele Ge\u00e7en Miktar Nedir?<\/p>\n<p>Genel Kredi\u2019den yararlan\u0131lan miktar ki\u015finin aile, ya\u015fam \u015fartlar\u0131 ve sa\u011fl\u0131k durumuna g\u00f6re de\u011fi\u015fiklik g\u00f6stermektedir. Bir ba\u015fka ifadeyle, ki\u015finin Genel Kredi\u2019den alaca\u011f\u0131 miktar, temel bir miktara ilave olarak, medeni durumuna, bakmakla y\u00fck\u00fcml\u00fc olunan \u00e7ocuk say\u0131s\u0131na, kira \u00f6deme durumuna ve engelli olup olmamas\u0131na g\u00f6re yap\u0131lacak eklentilere g\u00f6re de\u011fi\u015febilmektedir. Temel \u00f6demeler a\u015fa\u011f\u0131daki \u00e7izelgede g\u00f6sterilmi\u015ftir.<\/p>\n<p>\u015eartlar<\/p>\n<p>Ayl\u0131k Temel \u00d6deme Miktar\u0131<\/p>\n<p>Bekar ve 25 ya\u015f\u0131ndan g\u00fcn almam\u0131\u015f olanlar i\u00e7in342.72 \u00a3<\/p>\n<p>Bekar ve 25 ya\u015f\u0131ndan b\u00fcy\u00fck olanlar i\u00e7in409.89 \u00a3<\/p>\n<p>Her ikisi de 25 ya\u015f\u0131ndan g\u00fcn almam\u0131\u015f \u00e7iftler i\u00e7in488.59 \u00a3 (Ki\u015fi ba\u015f\u0131)<\/p>\n<p>En az biri 25 ya\u015f\u0131ndan b\u00fcy\u00fck olan \u00e7iftler i\u00e7in594.04 \u00a3 (Ki\u015fi ba\u015f\u0131)<\/p>\n<p>\u0130lave \u00d6demeler<\/p>\n<p>A\u015fa\u011f\u0131daki \u015fartlarda ayl\u0131k temel \u00f6demeye ek \u00f6demeler belirlenmi\u015ftir.<\/p>\n<p>\u00c7ocuk Katk\u0131s\u0131<\/p>\n<p>Yard\u0131mdan yararlanan ki\u015filerin bir veya iki \u00e7ocu\u011fu olmas\u0131 halinde \u00e7ocuk ba\u015f\u0131na ilave yard\u0131mdan yararlan\u0131labilir. 6 Nisan 2017 tarihinden \u00f6nce do\u011fmu\u015f olmalar\u0131 kayd\u0131yla, iki \u00e7ocuktan daha fazla \u00e7ocuk sahibi olanlar da her bir \u00e7ocuk i\u00e7in ilave yard\u0131mdan yararlanabilir.<\/p>\n<p>Ayr\u0131ca, engelli veya ileri derecede engelli \u00e7ocuklar i\u00e7in, ya\u015flar\u0131ndan ve say\u0131lar\u0131ndan ba\u011f\u0131ms\u0131z olarak ilave yard\u0131mdan yararlan\u0131labilir. \u00c7ocuk yard\u0131mlar\u0131 a\u015fa\u011f\u0131daki \u00e7izelgedeki \u015fekilde belirlenmi\u015ftir.<\/p>\n<p>\u015eartlarAyl\u0131k \u0130lave \u00d6deme (\u00c7ocuk Yard\u0131m\u0131)<\/p>\n<p>Bir \u00e7ocuk i\u00e7in281.25 \u00a3 (6 Nisan 2017\u2019den \u00f6nce do\u011fanlar i\u00e7in)<\/p>\n<p>235.83 \u00a3 (6 Nisan 2017 tarihinde veya sonras\u0131nda do\u011fanlar i\u00e7in)<\/p>\n<p>\u0130kinci veya 6 Nisan 2017 tarihinden \u00f6nce do\u011fmu\u015f olmak kayd\u0131yla t\u00fcm \u00e7ocuklar i\u00e7in<\/p>\n<p>235.83 \u00a3 (\u00c7ocuk ba\u015f\u0131na)<\/p>\n<p>Engelli veya ileri derecede engelli \u00e7ocuklar i\u00e7in128.25 \u00a3 veya 400.29 \u00a3 (\u00c7ocuk ba\u015f\u0131na)<\/p>\n<p>Engellilik Katk\u0131s\u0131<\/p>\n<p>\u015eartlarAyl\u0131k \u0130lave \u00d6deme (Engellilik Yard\u0131m\u0131)<\/p>\n<p>\u00c7al\u0131\u015fmay\u0131 etkileyecek \u00f6l\u00e7\u00fcde engellilik durumu olmas\u0131 halinde<\/p>\n<p>341.92 \u00a3<\/p>\n<p>Engelli Bir Ki\u015fiye Bakmakla Y\u00fck\u00fcml\u00fc Ki\u015filer i\u00e7in Katk\u0131<\/p>\n<p>\u015eartlarAyl\u0131k \u0130lave \u00d6deme<\/p>\n<p>Engelli\u011fe ba\u011fl\u0131 bir devlet yard\u0131m\u0131ndan yararlanan bir ki\u015fiye<\/p>\n<p>haftada 35 saat ve daha fazla s\u00fcreyle bakmakla y\u00fck\u00fcml\u00fc olanlar i\u00e7in<\/p>\n<p>162.92 \u00a3<\/p>\n<p>Nas\u0131l Ba\u015fvurulur?<\/p>\n<p>Genel Kredi ba\u015fvurular\u0131 https:\/\/www.universal-credit.service.gov.uk\/postcode-checker adresinden elektronik olarak yap\u0131lmaktad\u0131r.<\/p>\n<p>Ba\u015fvuru i\u00e7in ihtiya\u00e7 duyulan bilgi ve belgeler:<\/p>\n<p>-Banka hesab\u0131na ili\u015fkin bilgiler<\/p>\n<p>-Ge\u00e7erli bir e-posta adresi<\/p>\n<p>-Tasarruflara ve gelirlere ili\u015fkin bilgiler<\/p>\n<p>-\u00c7ocuk yard\u0131m\u0131 da al\u0131nacaksa \u00e7ocuk bak\u0131m giderlerine ili\u015fkin bilgiler<\/p>\n<p>-Kimlik Belgesi (ehliyet veya pasaportla da i\u015flem yap\u0131labilmektedir)<\/p>\n<p>Ba\u015fvuru s\u0131ras\u0131nda yard\u0131m almak veya ilave sorular i\u00e7in<\/p>\n<p>Genel Kredi yard\u0131m hatt\u0131: 0800 328 5644<\/p>\n<p>Pazartesi \u2013 Cuma, 08:00 am\u2013 18:00 pm<\/p>\n<h4>2. KORONAV\u0130R\u00dcS \u0130\u015e DURAKLATMA PLANI (CORONAVIRUS JOB RETENTION SCHEME)<\/h4>\n<p>Koronavir\u00fcs nedeniyle \u00e7al\u0131\u015ft\u0131klar\u0131 i\u015fyeri taraf\u0131ndan \u00fccretsiz izne g\u00f6nderilen\/ayr\u0131lan \u00e7al\u0131\u015fanlar, Koronavir\u00fcs \u0130\u015f Duraklatma Plan\u0131 \u00e7er\u00e7evesinde, ayl\u0131k 2.500 Sterlini ge\u00e7memek kayd\u0131yla, maa\u015flar\u0131n\u0131n %80\u2019ine tekab\u00fcl eden nakit yard\u0131m\u0131 ve ilaveten i\u015fveren sigorta katk\u0131 pay\u0131 (Employer National Insurance Contributions) ve emeklilik katk\u0131 pay\u0131 (pension contributions) alabilirler. S\u00f6zkonusu yard\u0131m 1 Mart 2020 tarihinden itibaren ge\u00e7erli olmak \u00fczere \u015fu an d\u00f6rt ay i\u00e7in yap\u0131lmakta olup uzat\u0131lmas\u0131 m\u00fcmk\u00fcnd\u00fcr. Bu plana ba\u015fvuru yaln\u0131zca i\u015fveren taraf\u0131ndan yap\u0131labilir. Bu nedenle, bu sistemden yararlan\u0131labilmesi i\u00e7in i\u015fveren ile \u00e7al\u0131\u015fan\u0131n anla\u015fmas\u0131 esast\u0131r.<\/p>\n<p>Bu plandan yararlan\u0131labilmesi i\u00e7in, i\u015fverenin yard\u0131mdan yararland\u0131r\u0131lacak \u00e7al\u0131\u015fan\u0131 istihdam etti\u011fini, 19 Mart 2020 tarihinden \u00f6nce, Birle\u015fik Krall\u0131k Gelir \u0130daresi\u2019nin prim \u00f6deme sistemi olan PAYE \u00fczerinden beyan etmi\u015f olmas\u0131 gerekmektedir. (28 \u015eubat 2020 tarihinden sonra koronavir\u00fcs nedeniyle i\u015ften \u00e7\u0131kar\u0131lanlar\u0131n, bu plandan yararland\u0131r\u0131lmak \u00fczere eski i\u015flerine geri al\u0131nmas\u0131 ve i\u015fe al\u0131nd\u0131ktan sonra izne ayr\u0131ld\u0131klar\u0131 tarihten itibaren bu haktan faydaland\u0131r\u0131lmalar\u0131 m\u00fcmk\u00fcnd\u00fcr.)<\/p>\n<p>Serbest meslek sahiplerinin (self-employed\/sole trader) bu plandan yararlanmas\u0131 m\u00fcmk\u00fcn de\u011fildir. Serbest meslek sahipleri i\u00e7in May\u0131s ay\u0131nda Serbest Meslek Gelir Destek Plan\u0131\u2019n\u0131n (Self-employment Income Support Scheme) devreye girmesi beklenmektedir.<\/p>\n<p>S\u00f6z konusu Plandan yararlanmak \u00fczere ba\u015fvurular PAYE Online sistemi \u00fczerinden yap\u0131lmaktad\u0131r.<\/p>\n<p>Plana ili\u015fkin ilave bilgilere<\/p>\n<p><a href=\"https:\/\/www.gov.uk\/government\/organisations\/hm-revenue-customs\/contact\/get-help-with-the-coronavirus-job-retention-scheme\" target=\"_blank\" rel=\"noopener\">https:\/\/www.gov.uk\/government\/organisations\/hm-revenue-customs\/contact\/get-help-with-the-coronavirus-job-retention-scheme<\/a><\/p>\n<p>internet adresinden veya hafta i\u00e7i 08:00 \u2013 16:00 saatleri aras\u0131nda 0800 024 1222 numaral\u0131 telefondan ula\u015fmak m\u00fcmk\u00fcnd\u00fcr.<\/p>\n<p>Not: Ankara Anla\u015fmasi vizesinin i\u015fci kategorisi (ECAA1)ile Birle\u015fik Krall\u0131kta bulunan vatanda\u015flar\u0131m\u0131z bu yard\u0131mdan yararlanabildi\u011fi gibi, kendi nam\u0131na \u00e7al\u0131\u015fan kategorisindeki (ECAA2) vatanda\u015flar\u0131m\u0131z da bir limited \u015firket kurarak \u015firket m\u00fcd\u00fcr\u00fc (director) stat\u00fcs\u00fcnde \u015firketlerinden maa\u015f (salary) almalar\u0131 halinde, \u00e7al\u0131\u015fan (employee) gibi de\u011ferlendirilerek bu yardima ba\u015fvurabilme hakk\u0131na sahiptirler. Ancak \u015firket k\u00e2r pay\u0131n\u0131n\/k\u00e2r\u0131n\u0131n (dividend) bu sistemle yard\u0131m olarak al\u0131nmas\u0131 s\u00f6z konusu de\u011fildir. \u015eirketin, m\u00fcd\u00fcr d\u0131\u015f\u0131nda eleman istihdam etmesi halinde bu ki\u015filer i\u00e7in de bu plan dahilinde h\u00fck\u00fcmetten maa\u015f deste\u011fi al\u0131nmas\u0131 m\u00fcmk\u00fcnd\u00fcr. \u00d6rne\u011fin, ECCA2 vizesi ile \u015firket direkt\u00f6r\u00fc olarak kendi \u015firketinden ayda \u00a3800 alan bir ki\u015fi devletten geri \u00f6demesiz olarak ayl\u0131k \u00a3640 olmak \u00fczere 4 ay icin toplam \u00a32.560 tutar\u0131nda bir yard\u0131m alacakt\u0131r. Korona krizinin 4 aydan fazla s\u00fcrmesi halinde bu yard\u0131m 6 aya kadar uzat\u0131labilecektir. \u015eirketin m\u00fcd\u00fcr d\u0131\u015f\u0131nda bir \u00e7al\u0131\u015fan\u0131 daha oldu\u011funu ve bu ki\u015finin de ayda \u00a3500 \u00fccret ald\u0131g\u0131n\u0131 varsayarsak s\u00f6z konusu \u00e7al\u0131\u015fan i\u00e7in de ayl\u0131k \u00a3480 olmak \u00fczere 4 ay icin \u00a31.920 \u00f6deme yap\u0131lacakt\u0131r.<\/p>\n<h4>3. SERBEST MESLEK GEL\u0130R DESTEK PLANI (SELF-EMPLOYMENT INCOME SUPPORT SCHEME)<\/h4>\n<p>Serbest Meslek Gelir Destek Plan\u0131, Birle\u015fik Krall\u0131k H\u00fck\u00fcmeti\u2019nin, Covid-19 koronavir\u00fcs salg\u0131n\u0131 nedeniyle ticari faaliyetleri etkilenen serbest meslek sahiplerine, normal \u015fartlardaki k\u00e2rlar\u0131n\u0131n %80\u2019i oran\u0131nda (2.500 Sterlini ge\u00e7memek kayd\u0131yla) yapmay\u0131 \u00f6ng\u00f6rd\u00fc\u011f\u00fc, geri \u00f6demesiz yard\u0131m \u00f6demesidir. S\u00f6zkonusu yard\u0131m\u0131n \u00fc\u00e7 ay i\u00e7in yap\u0131lmas\u0131 planlanmakta olup uzat\u0131lmas\u0131 m\u00fcmk\u00fcnd\u00fcr.<\/p>\n<p>Kimler yararlanabilir?<\/p>\n<p>-2018 \u2013 2019 vergi d\u00f6nemi i\u00e7in vergi beyanlar\u0131n\u0131 yapan,<\/p>\n<p>-2019 \u2013 2020 vergi d\u00f6neminde ticari faaliyet g\u00f6steren,<\/p>\n<p>-Ba\u015fvurdu\u011fu s\u0131rada ticari faaliyetini s\u00fcrd\u00fcren veya koronavir\u00fcs salg\u0131n\u0131 olmasayd\u0131 s\u00fcrd\u00fcrecek olan,<\/p>\n<p>-2020 \u2013 2021 vergi d\u00f6neminde faaliyet g\u00f6sterme niyeti olan,<\/p>\n<p>-Koronavir\u00fcs nedeniyle i\u015fleri etkilenen,<\/p>\n<p>Serbest meslek sahipleri bu yard\u0131mdan yararlanabilecektir.<\/p>\n<p>Ayr\u0131ca, ba\u015fvuru sahiplerinin net k\u00e2rlar\u0131n\u0131n,<\/p>\n<p>-50.000 Sterlini ge\u00e7memesi,<\/p>\n<p>-2018 \u2013 2019 vergi d\u00f6nemindeki k\u00e2r\u0131n\u0131n yar\u0131s\u0131ndan fazla olmas\u0131,<\/p>\n<p>-2016 \u2013 2017, 2017 \u2013 2018 ve 2018 \u2013 2019 vergi d\u00f6nemlerinin k\u00e2r ortalamas\u0131n\u0131n yar\u0131s\u0131ndan fazla olmas\u0131 gerekmektedir.<\/p>\n<p>Not: Birle\u015fik Krall\u0131k\u2019ta Ankara Anla\u015fmas\u0131 (ECAA2) vizesi ile ikamet eden ancak \u015firket kurmadan kendi nam\u0131na (sole trader) \u00e7al\u0131\u015fan vatanda\u015flar\u0131m\u0131z, bu yard\u0131mdan ancak 2018-2019 vergi d\u00f6nemi icin vergi beyanlar\u0131n\u0131 vermi\u015f olmalar\u0131 ve 2019-2020 d\u00f6neminde ticari faaliyetlerini s\u00fcrd\u00fcrmeleri ko\u015fuluyla yararlanabileceklerdir. 2018-2019 vergi d\u00f6neminden sonra (4 Nisan 2019 sonras\u0131) \u201csole trader\u201d stat\u00fcs\u00fcnde i\u015fe ba\u015flayan vize sahipleri bu yard\u0131mdan yararlanamayacaklard\u0131r. B\u00f6ylece Ankara Anla\u015fmas\u0131 (ECAA 2) vizesi ile kendi nam\u0131na \u00e7al\u0131\u015fan vatanda\u015flar\u0131m\u0131zdan \u015firket kurarak Birle\u015fik Krall\u0131k\u2019ta faaliyet g\u00f6steren ve 19 Mart 2020 tarihinde \u015firket bordrosunda g\u00f6r\u00fcnen \u015firket m\u00fcd\u00fcrleri 2. B\u00f6l\u00fcmde belirtilen \u201ci\u015f duraklatma plan\u0131\u201d \u00e7er\u00e7evesinde yard\u0131m kapsam\u0131nda iken, \u015firket kurmadan kendi nam\u0131na cal\u0131\u015fanlar (sole trader) ancak 2018-2019 vergi beyanlar\u0131n\u0131 vermi\u015f olmalar\u0131 ve COVID krizinin \u00e7\u0131kt\u0131\u011f\u0131 tarihte ticaretlerini s\u00fcrd\u00fcrmeleri kayd\u0131yla<br \/>\nyard\u0131m kapsam\u0131na al\u0131nm\u0131\u015flard\u0131r. Bu durumda sadece Ankara Anla\u015fmas\u0131 ECAA2 vizesi sahipleri bak\u0131m\u0131ndan de\u011fil, \u0130ngiliz vatanda\u015flar\u0131 dahil t\u00fcm kendi nam\u0131na \u00e7al\u0131\u015fanlar bak\u0131m\u0131ndan \u015firket kurarak ve kurmadan \u00e7al\u0131\u015fanlar aras\u0131nda bir muamele e\u015fitsizli\u011fi s\u00f6z konusudur. Bu e\u015fitsizli\u011fin giderilmesi icin baz\u0131 giri\u015fimler bulunmakla birlikte hen\u00fcz bir geli\u015fme kaydedilmemi\u015ftir.<\/p>\n<p>Nas\u0131l Ba\u015fvurulur?<\/p>\n<p>Bu yard\u0131ma ba\u015fvurular hen\u00fcz al\u0131nmaya ba\u015flamam\u0131\u015ft\u0131r. Ancak ba\u015fvurulara ili\u015fkin geli\u015fmelerin https:\/\/www.gov.uk\/guidance\/claim-a-grant-through-the-coronavirus-covid-19-self-employment-income-support-scheme#how-to-claim adresinden takip edilmesi yararl\u0131 olacakt\u0131r.<\/p>\n<h4>4. CORONAVIRUS (COVID 19) GENELGESI KAPSAMINDA YARDIMLAR<\/h4>\n<p>I\u00e7i\u015fleri Bakanl\u0131\u011f\u0131<br \/>\nVize ve G\u00f6\u00e7 Dairesi (Home Office and UK Visas and Immigration) 23 Nisan 2020 tarihinde korona krizi nedeniyle \u201cKoronavirus (COVID-19): Birle\u015fik Krall\u0131kta ya\u015fayan g\u00f6\u00e7menler icin yard\u0131mlar\u201d (Coronavirus\/COVID-19: get support if you are a migrant living in the UK) isimli bir genelge yay\u0131nlam\u0131\u015ft\u0131r. Bu genelgede,<\/p>\n<ul>\n<li>Birle\u015fik Krall\u0131k\u2019ta ya\u015fayan g\u00f6\u00e7menlerin kamu fonlar\u0131na eri\u015fim imkanlar\u0131 olmasa da baz\u0131 yard\u0131mlardan yararlanabilecekleri,<\/li>\n<li>Aile ve \u00f6zel ya\u015fam vizesi (UK Family or private life visa) ile Birle\u015fik Krall\u0131k\u2019ta bulunan g\u00f6\u00e7menlerin vizelerindeki \u201ckamu yard\u0131mlar\u0131ndan yararlanamaz\u201d \u015ferhine ra\u011fmen \u201c\u015fartlar\u0131n de\u011fi\u015fti\u011fine dair ba\u015fvuru\u201d (change of conditions application) yapmalar\u0131 halinde kamu fonlarina eri\u015fimlerine imkan sa\u011flanaca\u011f\u0131<\/li>\n<\/ul>\n<p>belirtilmi\u015ftir (https:\/\/www.gov.uk\/guidance\/coronavirus-covid-19-get-support-if-youre-a-migrant-living-in-the-uk).<\/p>\n<p>S\u00f6zkonusu genelgede,<\/p>\n<ul>\n<li>koronavirus tan\u0131s\u0131 ve tedavisinde ki\u015finin g\u00f6\u00e7men stat\u00fcs\u00fcn\u00fcn sorgulanmayaca\u011f\u0131,<\/li>\n<li>koronavirus nedeniyle \u00f6\u011fretimlerine devam edemeyen \u00f6\u011frencileri sponsorlar\u0131n\u0131n devams\u0131z olarak bildiremeyece\u011fi,<\/li>\n<li>ev kiralama durumunda, ev sahibinin evin bo\u015falt\u0131lmas\u0131 icin en az 3 ay \u00f6ncesinden ihbarda bulunmasi gerekti\u011fi, evi bo\u015faltma ve geri alma hakk\u0131n\u0131n 3 ay s\u00fcreyle ask\u0131ya al\u0131nd\u0131\u011f\u0131,<\/li>\n<li>ipotekli ev sahiplerinin ipotek geri \u00f6demelerini 3 ay s\u00fcreyle erteleyebilecekleri,<\/li>\n<li>\u00e7al\u0131\u015fanlar\u0131n vizelerindeki kamu fonlar\u0131ndan yararlanamaz \u015ferhine ra\u011fmen \u201cKanuni Hastal\u0131k Odene\u011fi\u201d (statutory sick pay), yeterince prim \u00f6demesi olanlar icin \u201cprime dayal\u0131 Istihdam ve Destek Odene\u011fi\u201d (contributory Employment and Support Allowance) ve \u201cKoronavirus I\u015f Duraklatma Plan\u0131\u201d (Coronavirus Job Retention Scheme) yard\u0131mlar\u0131ndan yararlanacaklar\u0131,<\/li>\n<li>kendi nam\u0131na \u00e7al\u0131\u015fanlar\u0131n \u201cSerbest Meslek Destek Gelir Plan\u0131\u201dndan (Self- employment Income Support\n<p>Scheme) yararlanabilecekleri<\/li>\n<\/ul>\n<p>a\u00e7\u0131klanm\u0131\u015ft\u0131r. Bu genelge ile \u00e7al\u0131\u015fanlar i\u00e7in getirilen devlet yard\u0131mlar\u0131ndan Ankara Anla\u015fmas\u0131 vize sahiplerinin de yararlanaca\u011f\u0131<\/p>\n<p>kesinlik kazanm\u0131\u015ft\u0131r. Bununla birlikte, universal credit ba\u015fvurusuna sadece \u201cAile ve Ozel Ya\u015fam Vizesi\u201d sahibi g\u00f6\u00e7menlerin\u00a0ba\u015fvurabilecekleri anla\u015f\u0131lmaktad\u0131r.<\/p>\n<\/div>\n<div id=\"briti-1533769912\" class=\"briti-icerikten-sonra_2\" style=\"margin-top: 25px;margin-bottom: 25px;\"><a href=\"https:\/\/wa.me\/message\/NDZLLIOQT4H3O1\" aria-label=\"bytv reklam banner\"><img loading=\"lazy\" decoding=\"async\" src=\"https:\/\/by-tv.co.uk\/wp-content\/uploads\/2025\/12\/bytv-reklam-banner.jpg\" alt=\"\"  width=\"2376\" height=\"1008\"   \/><\/a><\/div>","protected":false},"excerpt":{"rendered":"<p>&nbsp; Birle\u015fik Krall\u0131k\u2019ta \u0130kamet Eden Vatanda\u015flar\u0131m\u0131z\u0131n \u0130stifade Edebilecekleri Devlet Yard\u0131mlar\u0131 Londra B\u00fcy\u00fckel\u00e7ili\u011fi 30.04.2020 Birle\u015fik Krall\u0131k\u2019ta ikamet eden vatanda\u015flar\u0131m\u0131z\u0131n Covid-19 koronavir\u00fcs salg\u0131n\u0131 d\u00f6neminden kaynaklanan ma\u011fduriyetlerini hafifletmek i\u00e7in halihaz\u0131rda istifade edebilecekleri \u00fc\u00e7 temel devlet yard\u0131m\u0131 bulunmaktad\u0131r. Bunlar, -Birle\u015fik Krall\u0131k\u2019ta daimi ikamet eden, ancak ya\u015fam\u0131n\u0131 sa\u011fl\u0131kl\u0131 bir bi\u00e7imde idame ettirmeye yetecek bir geliri veya birikimi bulunmayan herkesin faydalanabilece\u011fi GENEL KRED\u0130 (UNIVERSAL CREDIT), -Birle\u015fik Krall\u0131k\u2019ta maa\u015fl\u0131 olarak \u00e7al\u0131\u015f\u0131rken, Covid-19 koronavir\u00fcs salg\u0131n\u0131 nedeniyle, i\u015fverenleri taraf\u0131ndan \u00fccretsiz izne \u00e7\u0131kar\u0131lanlar\u0131n faydalanabilece\u011fi KORONAV\u0130R\u00dcS \u0130\u015e DURAKLATMA PLANI (CORONAVIRUS JOB RETENTION SCHEME), -\u00d6n\u00fcm\u00fczdeki haftalarda devreye girmesi beklenen ve Birle\u015fik Krall\u0131k\u2019ta ticari faaliyette bulunurken, Covid-19 koronavir\u00fcs salg\u0131n\u0131 nedeniyle, ticari faaliyetleri ciddi [&hellip;]<\/p>\n","protected":false},"author":1,"featured_media":4011,"comment_status":"open","ping_status":"open","sticky":false,"template":"","format":"standard","meta":{"ngg_post_thumbnail":0,"footnotes":""},"categories":[1],"tags":[960,959],"class_list":["post-4341","post","type-post","status-publish","format-standard","has-post-thumbnail","hentry","category-genel","tag-devlet-yardimlari","tag-londra-buyukelciligi"],"_links":{"self":[{"href":"https:\/\/by-tv.co.uk\/en\/wp-json\/wp\/v2\/posts\/4341","targetHints":{"allow":["GET"]}}],"collection":[{"href":"https:\/\/by-tv.co.uk\/en\/wp-json\/wp\/v2\/posts"}],"about":[{"href":"https:\/\/by-tv.co.uk\/en\/wp-json\/wp\/v2\/types\/post"}],"author":[{"embeddable":true,"href":"https:\/\/by-tv.co.uk\/en\/wp-json\/wp\/v2\/users\/1"}],"replies":[{"embeddable":true,"href":"https:\/\/by-tv.co.uk\/en\/wp-json\/wp\/v2\/comments?post=4341"}],"version-history":[{"count":0,"href":"https:\/\/by-tv.co.uk\/en\/wp-json\/wp\/v2\/posts\/4341\/revisions"}],"wp:featuredmedia":[{"embeddable":true,"href":"https:\/\/by-tv.co.uk\/en\/wp-json\/wp\/v2\/media\/4011"}],"wp:attachment":[{"href":"https:\/\/by-tv.co.uk\/en\/wp-json\/wp\/v2\/media?parent=4341"}],"wp:term":[{"taxonomy":"category","embeddable":true,"href":"https:\/\/by-tv.co.uk\/en\/wp-json\/wp\/v2\/categories?post=4341"},{"taxonomy":"post_tag","embeddable":true,"href":"https:\/\/by-tv.co.uk\/en\/wp-json\/wp\/v2\/tags?post=4341"}],"curies":[{"name":"wp","href":"https:\/\/api.w.org\/{rel}","templated":true}]}}