{"id":4307,"date":"2020-04-18T16:02:49","date_gmt":"2020-04-18T13:02:49","guid":{"rendered":"https:\/\/by-tv.co.uk\/?p=4307"},"modified":"2020-04-18T16:25:41","modified_gmt":"2020-04-18T13:25:41","slug":"ozgur-akinci-ingilterede-coronavirus-devlet-desteklerini-anlatti","status":"publish","type":"post","link":"https:\/\/by-tv.co.uk\/en\/ozgur-akinci-ingilterede-coronavirus-devlet-desteklerini-anlatti\/","title":{"rendered":"\u00d6zg\u00fcr Ak\u0131nc\u0131, \u0130ngiltere&#8217;de coronavir\u00fcs devlet desteklerini anlatt\u0131"},"content":{"rendered":"<p><span class=\"style-scope yt-formatted-string\" dir=\"auto\">\u0130ngiltere Maliye Bakan\u0131\u2019n\u0131n coronavir\u00fcs \u00f6nlemleri kapsam\u0131nda a\u00e7\u0131klad\u0131\u011f\u0131 nakit destekleri, maa\u015f katk\u0131 deste\u011fi, self-employed deste\u011fi ve h\u00fck\u00fcmet garantili banka kredileri kimleri kaps\u0131yor.<\/span><\/p>\n<p><span class=\"style-scope yt-formatted-string\" dir=\"auto\"> -Bu s\u00fcre\u00e7ten etkilenen i\u015f\u00e7iler ve i\u015fletme sahipleri konu\u015ftu\u011fumuz destekler i\u00e7in nereye ba\u015fvurmal\u0131, bu s\u00fcre\u00e7te neye dikkat etmeliler. <\/span><\/p>\n<p><span class=\"style-scope yt-formatted-string\" dir=\"auto\">-Ankara Anla\u015fmal\u0131lar bu desteklerden yararlanabilirler mi? Coronavirus Devlet Destekleri, &#8220;Public Funds&#8221; (yani &#8220;Sosyal Yard\u0131m&#8221;) say\u0131l\u0131r m\u0131? Yararlanmalar\u0131 durumunda, Home Office bunu ba\u015fvuru sahipleri aleyhine kullan\u0131p red verebilir mi? <\/span><\/p><div id=\"briti-1716415907\" class=\"briti-icerik\" style=\"margin-top: 5px;margin-bottom: 5px;\"><a href=\"https:\/\/piaryum.com\/services\/\" aria-label=\"piaryum banner\"><img loading=\"lazy\" decoding=\"async\" src=\"https:\/\/by-tv.co.uk\/wp-content\/uploads\/2025\/12\/Gemini_Generated_Image_g5yqr1g5yqr1g5yq.jpg\" alt=\"\"  width=\"2064\" height=\"1152\"   \/><\/a><\/div>\n<p><span class=\"style-scope yt-formatted-string\" dir=\"auto\">-\u0130ngiltere&#8217;ye yak\u0131n zamanda gelmi\u015f olan Ankara Anla\u015fmal\u0131lar&#8217;\u0131n durumu ne olacak? 1 y\u0131l gibi burada olanlar ,Vizesi bitmek \u00fczere olanlar veya uzatma s\u00fcrecinde olanlar bu desteklerden yararlanabilir mi ? <\/span><\/p>\n<p><iframe loading=\"lazy\" src=\"https:\/\/www.youtube.com\/embed\/BjEH-WisjHk\" width=\"818\" height=\"460\" frameborder=\"0\" allowfullscreen=\"allowfullscreen\"><\/iframe><span class=\"style-scope yt-formatted-string\" dir=\"auto\">-\u0130\u015flerini limited \u015firketleri arac\u0131l\u0131\u011f\u0131yla yapan insanlar bu destek paketlerinden self-employed olarak m\u0131 yararlanacaklar, yoksa \u015firket direkt\u00f6r\u00fc olarak maa\u015f almalar\u0131 hasebiyle \u00e7al\u0131\u015fan stat\u00fcs\u00fcyle mi yararlanabilecekler? -Bu s\u00fcre\u00e7te ba\u015fvurular\u0131 red olanlar nas\u0131l bir yol izlemeli. Bu ki\u015fi ve i\u015fletmelere itiraz yolu a\u00e7\u0131k m\u0131?<\/span><\/p>\n<p><span class=\"style-scope yt-formatted-string\" dir=\"auto\"> -Bu d\u00f6nemde Mortgage \u00f6deme sahipleri nas\u0131l bir yol izlemeli. Ev almak i\u00e7in uygun bir d\u00f6nem mi? <\/span><\/p>\n<p><span class=\"style-scope yt-formatted-string\" dir=\"auto\">B\u00fct\u00fcn bu sorular\u0131 \u0130ngiltere\u2019de bulunan parapara.co.uk kurucusu, finansal dan\u0131\u015fman ve mortgage brokeri \u00d6zg\u00fcr Ak\u0131nc\u0131 ile konu\u015ftuk.<\/span><\/p>\n<p><span class=\"style-scope yt-formatted-string\" dir=\"auto\">Ayr\u0131ca Brit-i\u015f Ya\u015fam ve parapara.co.uk ortak olarak 19 Nisan Pazar ak\u015fam\u0131 saat 8\u00b4de canl\u0131 webinar ile UK Vatanda\u015flar\u0131 ve Ankara Anla\u015fmal\u0131lar\u0131n ba\u015fvurabilece\u011fi, i\u015f kredilerinin \u015fartlar\u0131, kredi miktarlar\u0131 ve faiz oranlar\u0131n\u0131n anlat\u0131laca\u011f\u0131 bir webinar organize ettik. <\/span><\/p>\n<p><span class=\"style-scope yt-formatted-string\" dir=\"auto\">100 kat\u0131l\u0131mc\u0131 le s\u0131n\u0131rl\u0131 oldu\u011fundan bir an \u00f6nce kay\u0131t yapt\u0131rman\u0131z\u0131 tavsiye ederiz.<\/span><\/p>\n<p><span class=\"style-scope yt-formatted-string\" dir=\"auto\"> \ud83d\udcc5 19 Nisan 2020 &#8211; Pazar <\/span><\/p>\n<p><span class=\"style-scope yt-formatted-string\" dir=\"auto\">\u23f0 8.00pm <\/span><\/p>\n<p><span class=\"style-scope yt-formatted-string\" dir=\"auto\">Kay\u0131t i\u00e7in\u00a0 <a href=\"https:\/\/parapara.webinarninja.com\/live-webinars\/290624\/register\" target=\"_blank\" rel=\"noopener\">https:\/\/parapara.webinarninja.com\/live-webinars\/290624\/register<\/a><\/span><\/p>\n<p><span class=\"style-scope yt-formatted-string\" dir=\"auto\">L\u00fctfen etkinlik \u00f6ncesi sorular\u0131n\u0131z\u0131 info@parapara.co.uk adresine veya bu payla\u015f\u0131ma yorum olarak g\u00f6nderiniz. Webinar daha sonra www.by-tv.co.uk ve sosyal medya hesaplar\u0131m\u0131zda yay\u0131nlanacak.<\/span><\/p>\n<div id=\"briti-3294748177\" class=\"briti-icerikten-sonra_2\" style=\"margin-top: 25px;margin-bottom: 25px;\"><a href=\"https:\/\/wa.me\/message\/NDZLLIOQT4H3O1\" aria-label=\"bytv reklam banner\"><img loading=\"lazy\" decoding=\"async\" src=\"https:\/\/by-tv.co.uk\/wp-content\/uploads\/2025\/12\/bytv-reklam-banner.jpg\" alt=\"\"  width=\"2376\" height=\"1008\"   \/><\/a><\/div>","protected":false},"excerpt":{"rendered":"<p>\u0130ngiltere Maliye Bakan\u0131\u2019n\u0131n coronavir\u00fcs \u00f6nlemleri kapsam\u0131nda a\u00e7\u0131klad\u0131\u011f\u0131 nakit destekleri, maa\u015f katk\u0131 deste\u011fi, self-employed deste\u011fi ve h\u00fck\u00fcmet garantili banka kredileri kimleri kaps\u0131yor. -Bu s\u00fcre\u00e7ten etkilenen i\u015f\u00e7iler ve i\u015fletme sahipleri konu\u015ftu\u011fumuz destekler i\u00e7in nereye ba\u015fvurmal\u0131, bu s\u00fcre\u00e7te neye dikkat etmeliler. -Ankara Anla\u015fmal\u0131lar bu desteklerden yararlanabilirler mi? Coronavirus Devlet Destekleri, &#8220;Public Funds&#8221; (yani &#8220;Sosyal Yard\u0131m&#8221;) say\u0131l\u0131r m\u0131? Yararlanmalar\u0131 durumunda, Home Office bunu ba\u015fvuru sahipleri aleyhine kullan\u0131p red verebilir mi? -\u0130ngiltere&#8217;ye yak\u0131n zamanda gelmi\u015f olan Ankara Anla\u015fmal\u0131lar&#8217;\u0131n durumu ne olacak? 1 y\u0131l gibi burada olanlar ,Vizesi bitmek \u00fczere olanlar veya uzatma s\u00fcrecinde olanlar bu desteklerden yararlanabilir mi ? -\u0130\u015flerini limited \u015firketleri arac\u0131l\u0131\u011f\u0131yla yapan insanlar [&hellip;]<\/p>\n","protected":false},"author":1,"featured_media":4007,"comment_status":"open","ping_status":"open","sticky":false,"template":"","format":"video","meta":{"ngg_post_thumbnail":0,"footnotes":""},"categories":[15],"tags":[809,943,892,149,944],"class_list":["post-4307","post","type-post","status-publish","format-video","has-post-thumbnail","hentry","category-ingiltere","tag-corona","tag-coronavirus-destekleri","tag-ergin-balabeyoglu","tag-ingiltere","tag-ozgur-akinci","post_format-post-format-video"],"_links":{"self":[{"href":"https:\/\/by-tv.co.uk\/en\/wp-json\/wp\/v2\/posts\/4307","targetHints":{"allow":["GET"]}}],"collection":[{"href":"https:\/\/by-tv.co.uk\/en\/wp-json\/wp\/v2\/posts"}],"about":[{"href":"https:\/\/by-tv.co.uk\/en\/wp-json\/wp\/v2\/types\/post"}],"author":[{"embeddable":true,"href":"https:\/\/by-tv.co.uk\/en\/wp-json\/wp\/v2\/users\/1"}],"replies":[{"embeddable":true,"href":"https:\/\/by-tv.co.uk\/en\/wp-json\/wp\/v2\/comments?post=4307"}],"version-history":[{"count":0,"href":"https:\/\/by-tv.co.uk\/en\/wp-json\/wp\/v2\/posts\/4307\/revisions"}],"wp:featuredmedia":[{"embeddable":true,"href":"https:\/\/by-tv.co.uk\/en\/wp-json\/wp\/v2\/media\/4007"}],"wp:attachment":[{"href":"https:\/\/by-tv.co.uk\/en\/wp-json\/wp\/v2\/media?parent=4307"}],"wp:term":[{"taxonomy":"category","embeddable":true,"href":"https:\/\/by-tv.co.uk\/en\/wp-json\/wp\/v2\/categories?post=4307"},{"taxonomy":"post_tag","embeddable":true,"href":"https:\/\/by-tv.co.uk\/en\/wp-json\/wp\/v2\/tags?post=4307"}],"curies":[{"name":"wp","href":"https:\/\/api.w.org\/{rel}","templated":true}]}}