{"id":4269,"date":"2020-04-12T22:13:45","date_gmt":"2020-04-12T19:13:45","guid":{"rendered":"https:\/\/by-tv.co.uk\/?p=4269"},"modified":"2020-04-12T22:31:20","modified_gmt":"2020-04-12T19:31:20","slug":"son-dakika-icisleri-bakani-suleyman-soylu-istifa-etti","status":"publish","type":"post","link":"https:\/\/by-tv.co.uk\/en\/son-dakika-icisleri-bakani-suleyman-soylu-istifa-etti\/","title":{"rendered":"Son Dakika, \u0130\u00e7i\u015fleri Bakan\u0131 S\u00fcleyman Soylu istifa etti."},"content":{"rendered":"<h4>\u0130\u00e7i\u015fleri Bakan\u0131 S\u00fcleyman Soylu istifa etti. Soylu, soka\u011fa \u00e7\u0131kma yasa\u011f\u0131n\u0131n ba\u015flad\u0131\u011f\u0131 ak\u015fam meydana gelen olaylar nedeniyle istifa etti.<\/h4>\n<p>S\u00fcleyman Soylu, &#8220;Soka\u011fa \u00e7\u0131kma yasa\u011f\u0131n\u0131n uygulanmas\u0131 ve sorumlulu\u011fu her y\u00f6n\u00fcyle \u015fahs\u0131ma aittir. G\u00f6r\u00fcnt\u00fcler, m\u00fckemmel y\u00fcr\u00fct\u00fclen bu s\u00fcre\u00e7le uyu\u015fmad\u0131&#8221; dedi.<\/p>\n<p>S\u00fcleyman Soylu, 10 Nisan Cuma gecesi, iki saat kala ilan edilen soka\u011fa \u00e7\u0131kma yasa\u011f\u0131n\u0131n ard\u0131ndan on binlerce ki\u015finin marketlere h\u00fccum etmesi \u00fczerine ya\u015fanan izdiham g\u00f6r\u00fcnt\u00fcleri nedeniyle \u0130\u00e7i\u015fleri Bakanl\u0131\u011f\u0131&#8217;ndan istifa etti.<\/p>\n<p>Yeni tip Koronavir\u00fcs (Covid-19) salg\u0131n\u0131 kapsam\u0131nda 31 ilde gece yar\u0131s\u0131ndan neredeyse 2 saat \u00f6nce ilan edilen 48 saatlik soka\u011fa \u00e7\u0131kma yasa\u011f\u0131 sonras\u0131 ele\u015ftirilerin hedefi olan \u0130\u00e7i\u015fleri Bakan\u0131 S\u00fcleyman Soylu istifa etti.<\/p><div id=\"briti-1282930829\" class=\"briti-icerik\" style=\"margin-top: 5px;margin-bottom: 5px;\"><a href=\"https:\/\/piaryum.com\/services\/\" aria-label=\"piaryum banner\"><img loading=\"lazy\" decoding=\"async\" src=\"https:\/\/by-tv.co.uk\/wp-content\/uploads\/2025\/12\/Gemini_Generated_Image_g5yqr1g5yqr1g5yq.jpg\" alt=\"\"  width=\"2064\" height=\"1152\"   \/><\/a><\/div>\n<p>Gayretle ve titizlikle y\u00fcr\u00fct\u00fclen bir s\u00fcre\u00e7te, tamamen salg\u0131n\u0131n \u00f6nlenmesine y\u00f6nelik hafta sonu soka\u011fa \u00e7\u0131kma karar\u0131n\u0131n\u0131n uygulanmas\u0131n\u0131n sorumlulu\u011fu, her y\u00f6n\u00fcyle \u015fahs\u0131ma aittir<\/p>\n<p>Ba\u015flang\u0131\u00e7ta k\u0131s\u0131tl\u0131 saatlerde de olsa ortaya \u00e7\u0131kan g\u00f6r\u00fcnt\u00fcler, m\u00fckemmel y\u00f6netilen bu s\u00fcre\u00e7le uyu\u015fmad\u0131.<\/p>\n<p>Ya\u015fad\u0131\u011f\u0131m onca tecr\u00fcbe, sorumluluk k\u0131sm\u0131 \u00fczerimizde olan bu olayda, b\u00f6yle g\u00f6r\u00fcnt\u00fclere yol a\u00e7mamal\u0131yd\u0131.<\/p>\n<p>\u0130yi niyetle, hafta sonunda salg\u0131n\u0131 ve bula\u015f\u0131 bir nebze durdurabilmek ad\u0131na at\u0131lan bir ad\u0131md\u0131. Hi\u00e7 bir zaman zarar vermek istemedi\u011fim Aziz Milletimiz, hayat\u0131m\u0131n sonuna kadar da sad\u0131k olaca\u011f\u0131m Say\u0131n Cumhurba\u015fkan\u0131m beni<br \/>\nba\u011f\u0131\u015flas\u0131n&#8230; Onurla y\u00fcr\u00fctt\u00fc\u011f\u00fcm \u0130\u00e7i\u015fleri Bakanl\u0131\u011f\u0131<br \/>\ng\u00f6revimden ayr\u0131l\u0131yorum&#8230;<\/p>\n<p>T\u00fcm dostlara, mesai arkada\u015flar\u0131ma<br \/>\nAllaha\u0131smarlad\u0131k&#8230;<\/p>\n<p>Allah Milletimizi korusun&#8230;<\/p>\n<p>Sayg\u0131lar\u0131mla<\/p>\n<p>S\u00fcleyman Soylu &#8221;<\/p>\n<div id=\"briti-1351510015\" class=\"briti-icerikten-sonra_2\" style=\"margin-top: 25px;margin-bottom: 25px;\"><a href=\"https:\/\/wa.me\/message\/NDZLLIOQT4H3O1\" aria-label=\"bytv reklam banner\"><img loading=\"lazy\" decoding=\"async\" src=\"https:\/\/by-tv.co.uk\/wp-content\/uploads\/2025\/12\/bytv-reklam-banner.jpg\" alt=\"\"  width=\"2376\" height=\"1008\"   \/><\/a><\/div>","protected":false},"excerpt":{"rendered":"<p>\u0130\u00e7i\u015fleri Bakan\u0131 S\u00fcleyman Soylu istifa etti. Soylu, soka\u011fa \u00e7\u0131kma yasa\u011f\u0131n\u0131n ba\u015flad\u0131\u011f\u0131 ak\u015fam meydana gelen olaylar nedeniyle istifa etti. S\u00fcleyman Soylu, &#8220;Soka\u011fa \u00e7\u0131kma yasa\u011f\u0131n\u0131n uygulanmas\u0131 ve sorumlulu\u011fu her y\u00f6n\u00fcyle \u015fahs\u0131ma aittir. G\u00f6r\u00fcnt\u00fcler, m\u00fckemmel y\u00fcr\u00fct\u00fclen bu s\u00fcre\u00e7le uyu\u015fmad\u0131&#8221; dedi. S\u00fcleyman Soylu, 10 Nisan Cuma gecesi, iki saat kala ilan edilen soka\u011fa \u00e7\u0131kma yasa\u011f\u0131n\u0131n ard\u0131ndan on binlerce ki\u015finin marketlere h\u00fccum etmesi \u00fczerine ya\u015fanan izdiham g\u00f6r\u00fcnt\u00fcleri nedeniyle \u0130\u00e7i\u015fleri Bakanl\u0131\u011f\u0131&#8217;ndan istifa etti. Yeni tip Koronavir\u00fcs (Covid-19) salg\u0131n\u0131 kapsam\u0131nda 31 ilde gece yar\u0131s\u0131ndan neredeyse 2 saat \u00f6nce ilan edilen 48 saatlik soka\u011fa \u00e7\u0131kma yasa\u011f\u0131 sonras\u0131 ele\u015ftirilerin hedefi olan \u0130\u00e7i\u015fleri Bakan\u0131 S\u00fcleyman Soylu istifa etti. Gayretle ve [&hellip;]<\/p>\n","protected":false},"author":1,"featured_media":4270,"comment_status":"open","ping_status":"open","sticky":false,"template":"","format":"standard","meta":{"ngg_post_thumbnail":0,"footnotes":""},"categories":[1],"tags":[925,924],"class_list":["post-4269","post","type-post","status-publish","format-standard","has-post-thumbnail","hentry","category-genel","tag-icisleri-bakani","tag-suleyman-soylu"],"_links":{"self":[{"href":"https:\/\/by-tv.co.uk\/en\/wp-json\/wp\/v2\/posts\/4269","targetHints":{"allow":["GET"]}}],"collection":[{"href":"https:\/\/by-tv.co.uk\/en\/wp-json\/wp\/v2\/posts"}],"about":[{"href":"https:\/\/by-tv.co.uk\/en\/wp-json\/wp\/v2\/types\/post"}],"author":[{"embeddable":true,"href":"https:\/\/by-tv.co.uk\/en\/wp-json\/wp\/v2\/users\/1"}],"replies":[{"embeddable":true,"href":"https:\/\/by-tv.co.uk\/en\/wp-json\/wp\/v2\/comments?post=4269"}],"version-history":[{"count":0,"href":"https:\/\/by-tv.co.uk\/en\/wp-json\/wp\/v2\/posts\/4269\/revisions"}],"wp:featuredmedia":[{"embeddable":true,"href":"https:\/\/by-tv.co.uk\/en\/wp-json\/wp\/v2\/media\/4270"}],"wp:attachment":[{"href":"https:\/\/by-tv.co.uk\/en\/wp-json\/wp\/v2\/media?parent=4269"}],"wp:term":[{"taxonomy":"category","embeddable":true,"href":"https:\/\/by-tv.co.uk\/en\/wp-json\/wp\/v2\/categories?post=4269"},{"taxonomy":"post_tag","embeddable":true,"href":"https:\/\/by-tv.co.uk\/en\/wp-json\/wp\/v2\/tags?post=4269"}],"curies":[{"name":"wp","href":"https:\/\/api.w.org\/{rel}","templated":true}]}}