{"id":4232,"date":"2020-04-09T03:44:36","date_gmt":"2020-04-09T00:44:36","guid":{"rendered":"https:\/\/by-tv.co.uk\/?p=4232"},"modified":"2020-04-09T18:59:49","modified_gmt":"2020-04-09T15:59:49","slug":"ingilterenin-koronavirusle-mucadelesi","status":"publish","type":"post","link":"https:\/\/by-tv.co.uk\/en\/ingilterenin-koronavirusle-mucadelesi\/","title":{"rendered":"Dr. Turhan \u00c7\u00f6mez, s\u00fcr\u00fc ba\u011f\u0131\u015f\u0131kl\u0131\u011f\u0131ndaki U d\u00f6n\u00fc\u015f\u00fc b\u00fcy\u00fck kay\u0131plar\u0131 engelledi"},"content":{"rendered":"<pre><strong>LONDRA <\/strong>\r\nErgin BALABEYO\u011eLU<\/pre>\n<p>\u0130ngiltere h\u00fck\u00fcmeti corona vir\u00fcsle ilgili, n\u00fcfusun b\u00fcy\u00fck bir \u00e7o\u011funlu\u011funun enfeksiyona ba\u011f\u0131\u015f\u0131kl\u0131k geli\u015ftirmesi i\u00e7in sosyal izolasyonu reddeden bir politika izlemi\u015fti ge\u00e7ti\u011fimiz haftalarda. Ancak daha sonra bu y\u00f6ntemden vazge\u00e7ip 23 Mart itibariyle de k\u0131smi soka\u011fa \u00e7\u0131kma yasa\u011f\u0131 ba\u015flam\u0131\u015ft\u0131.<\/p>\n<p>Y\u00fcksek ate\u015f, bo\u011faz a\u011fr\u0131s\u0131, \u00f6ks\u00fcr\u00fck, nefes darl\u0131\u011f\u0131 ve ishal gibi semptomlarla kendini g\u00f6steren corona vir\u00fcs\u00fc ge\u00e7en s\u00fcrede \u0130ngiltere&#8217;de h\u0131zla yay\u0131lmaya devam ediyor. \u0130ngiltere&#8217;de Kovid-19 nedeniyle \u00f6lenlerin say\u0131s\u0131 son 24 saatte 938 artarak 7 bin 97 oldu. Bug\u00fcn ayn\u0131 zamanda \u0130ngiltere&#8217;de \u015fimdiye kadar bir g\u00fcnde coronavir\u00fcsten \u00f6lenlerin en fazla oldu\u011fu g\u00fcn oldu.<\/p>\n<p>\u00d6te yandan korona vir\u00fcse yakalanan Ba\u015fbakan Boris Johnson\u2019un yo\u011fun bak\u0131mdaki tedavisi devam ediyor.<\/p><div id=\"briti-3296577865\" class=\"briti-icerik\" style=\"margin-top: 5px;margin-bottom: 5px;\"><a href=\"https:\/\/piaryum.com\/services\/\" aria-label=\"piaryum banner\"><img loading=\"lazy\" decoding=\"async\" src=\"https:\/\/by-tv.co.uk\/wp-content\/uploads\/2025\/12\/Gemini_Generated_Image_g5yqr1g5yqr1g5yq.jpg\" alt=\"\"  width=\"2064\" height=\"1152\"   \/><\/a><\/div>\n<p>Basildon \u00dcniversite Hastanesi Genel Cerrahi Uzman\u0131 ve <a href=\"http:\/\/www.mediwellclinic.co.uk\" target=\"_blank\" rel=\"noopener\">Mediwell Clinic<\/a> Medikal Direkt\u00f6r\u00fc Dr. Turhan \u00c7\u00f6mez \u0130ngiltere&#8217;nin Covid-19 ile m\u00fccadelesini ve\u00a0 National Health Service (NHS) &#8216;deki son geli\u015fmeleri Brit-\u0130\u015f Ya\u015fam Tv&#8217;de Ergin Balabeyo\u011flu&#8217;na de\u011ferlendirdi.<\/p>\n<p>\u0130ngiltere\u2019de National Health Service&#8217;e (NHS) ba\u011fl\u0131 olarak \u00e7al\u0131\u015fan Dr. Turhan \u00c7\u00f6mez, \u0130ngiltere&#8217;nin durumun bu kadar ciddi hale gelece\u011fini \u00f6ng\u00f6rmedi\u011fini belirterek, salg\u0131n\u0131n \u00c7in ve \u0130ran ile s\u0131n\u0131rla kalaca\u011f\u0131n\u0131n farz ettiklerini s\u00f6yledi.<\/p>\n<blockquote><p>Dr. \u00c7\u00f6mez: &#8221;\u0130ngiliz H\u00fck\u00fcmetinin ilk ba\u015ftaki toplumsal ba\u011f\u0131\u015f\u0131kl\u0131k politikas\u0131n\u0131n k\u0131sa s\u00fcrede b\u00fcy\u00fck riskler getirebilece\u011fini farketmesi biraz zaman ald\u0131.&#8221; s\u00f6zlerine ekledi. Bu &#8216;<strong>&#8216;U&#8221; d\u00f6n\u00fc\u015f\u00fc<\/strong> \u00e7ok say\u0131da \u00f6l\u00fcm\u00fcn \u00f6n\u00fcne ge\u00e7ti\u011fini belirtti.<\/p><\/blockquote>\n<p>Hastanelerdeki yo\u011fun bak\u0131m kapasitesinin yetersiz oldu\u011fu ele\u015ftirilerine kat\u0131ld\u0131\u011f\u0131n\u0131 belirten Dr. Turhan \u00c7\u00f6mez, h\u00fck\u00fcmetin bu hatas\u0131n\u0131n \u00e7ok erken farkedip Excel Fuar Merkezi ve havalimanlar\u0131n\u0131n b\u00fcy\u00fck hastanelere d\u00f6n\u00fc\u015fmesiyle durumu tersine \u00e7evirdi\u011fini s\u00f6yledi.<\/p>\n<p>\u0130ngiltere&#8217;de, \u0130spanya ve \u0130talya gibi \u00e7ok dramatik tablolar \u00f6ng\u00f6rmedi\u011fini, \u00f6nemli olan vaka say\u0131lar\u0131ndaki art\u0131\u015f ile yo\u011fun bak\u0131m \u00fcniteleri aras\u0131ndaki dengenin oldu\u011funu s\u00f6yleyen Dr. Turhan \u00c7\u00f6mez aksi halde hastalar aras\u0131nda se\u00e7im yapmak zorunda kal\u0131naca\u011f\u0131n\u0131 dile getirdi. Doktorlar\u0131n kimin ya\u015famas\u0131na karar vermek zorunda kalmas\u0131n\u0131n \u00e7ok zor ve dramatik bir karar ve umar\u0131m \u00fclke bu noktaya gelmez dedi.<\/p>\n<p>Dr. \u00c7\u00f6mez &#8221;Bu noktada hijyene dikkat etmek, sosyal mesafeyi korumak ve evde kalmak alabilece\u011fimiz en temel 3 tedbirdir.&#8221;<br \/>\n<iframe loading=\"lazy\" src=\"https:\/\/www.youtube.com\/embed\/w7J1XcZwIQA\" width=\"751\" height=\"422\" frameborder=\"0\" allowfullscreen=\"allowfullscreen\"><\/iframe>Maske kullan\u0131m\u0131 konusuna da de\u011finen Londra&#8217;daki <a href=\"http:\/\/www.mediwellclinic.co.uk\" target=\"_blank\" rel=\"noopener\">Mediwell Clinic<\/a> Medikal Direkt\u00f6r\u00fc Dr. Turhan \u00c7\u00f6mez coronavir\u00fcs ta\u015f\u0131s\u0131n ta\u015f\u0131mas\u0131n iki a\u00e7\u0131dan da maske kullan\u0131m\u0131 faydal\u0131 oldu\u011funu, \u0130ngiltere&#8217;deki herkesin test olma ihtimalinin de bulunmad\u0131\u011f\u0131n\u0131 belirtti.<\/p>\n<p>Korona vir\u00fcs ta\u015f\u0131yanlar\u0131n koku ve tat duyusunun yok olmas\u0131n\u0131n beyinde koku ve tat b\u00f6lgesini etkiledi\u011fi iddia edildi\u011fini s\u00f6yleyen Dr. \u00c7\u00f6mez bununla ilgili net kan\u0131tlar ortaya konulmad\u0131\u011f\u0131n\u0131 da s\u00f6zlerine ekledi.<\/p>\n<p>NHS&#8217;de test yapt\u0131rabilmek i\u00e7in acile gitmeniz, hastal\u0131\u011f\u0131n semptomlar\u0131n\u0131n belirgin bir \u015fekilde g\u00f6stermeniz ve hastaneye yat\u0131r\u0131lman\u0131z gerekti\u011fini s\u00f6yleyen <a href=\"http:\/\/www.mediwellclinic.co.uk\" target=\"_blank\" rel=\"noopener\">Mediwell Clinic<\/a> Direkt\u00f6r\u00fc Dr. \u00c7\u00f6mez yak\u0131n zamanda h\u00fck\u00fcmetin ald\u0131\u011f\u0131 bir kararla ev testlerine de s\u0131n\u0131rlama getirildi\u011fini s\u00f6yledi.<\/p>\n<p>__________________________________________<\/p>\n<p><em><strong>Ergin BALABEYO\u011eLU<\/strong><\/em><\/p>\n<p><em>Uzun y\u0131llar TRT \u0130stanbul Televizyonu\u2019nda y\u00f6netmen olarak \u00e7al\u0131\u015ft\u0131. Cnbc-e\u2019de 4 y\u0131l boyunca ekonomi ve i\u015f d\u00fcnyas\u0131ndan etkili ki\u015filerin konuk olarak yer ald\u0131\u011f\u0131 1500\u2019e yak\u0131n yay\u0131nda g\u00f6rev ald\u0131. 2016-2018 aras\u0131nda P\u00eer\u00ee Reis \u00dcniversitesi D\u0131\u015f \u0130li\u015fkiler ve Organizasyon Md.Yrd. olarak g\u00f6rev yapt\u0131. Marmara \u00dcniversitesi Gazetecilik Lisans, Anadolu \u00dcniversitesi Sosyoloji Lisans ve Bilgi \u00dcniversitesi \u0130nteraktif Pazarlama Y\u00fcksek Lisans program\u0131ndan mezun oldu. Y\u00fcksek Lisans bitirme projesi olarak \u201cVeriye Dayal\u0131 De\u011ferlendirmede T\u00fcrkiye\u2019deki \u0130lk Fact-checking \u00d6rne\u011fi: <a href=\"http:\/\/www.dogrulukpayi.com\" target=\"_blank\" rel=\"noopener\">dogrulukpayi.com<\/a>\u201d isimli \u00e7al\u0131\u015fmay\u0131 haz\u0131rlad\u0131. Ekim 2018\u2019den beri \u00e7al\u0131\u015fmalar\u0131n\u0131 Birle\u015fik Krall\u0131k\u2019ta y\u00fcr\u00fct\u00fcyor.<\/em><\/p>\n<div id=\"briti-2696818405\" class=\"briti-icerikten-sonra_2\" style=\"margin-top: 25px;margin-bottom: 25px;\"><a href=\"https:\/\/wa.me\/message\/NDZLLIOQT4H3O1\" aria-label=\"bytv reklam banner\"><img loading=\"lazy\" decoding=\"async\" src=\"https:\/\/by-tv.co.uk\/wp-content\/uploads\/2025\/12\/bytv-reklam-banner.jpg\" alt=\"\"  width=\"2376\" height=\"1008\"   \/><\/a><\/div>","protected":false},"excerpt":{"rendered":"<p>LONDRA Ergin BALABEYO\u011eLU \u0130ngiltere h\u00fck\u00fcmeti corona vir\u00fcsle ilgili, n\u00fcfusun b\u00fcy\u00fck bir \u00e7o\u011funlu\u011funun enfeksiyona ba\u011f\u0131\u015f\u0131kl\u0131k geli\u015ftirmesi i\u00e7in sosyal izolasyonu reddeden bir politika izlemi\u015fti ge\u00e7ti\u011fimiz haftalarda. Ancak daha sonra bu y\u00f6ntemden vazge\u00e7ip 23 Mart itibariyle de k\u0131smi soka\u011fa \u00e7\u0131kma yasa\u011f\u0131 ba\u015flam\u0131\u015ft\u0131. Y\u00fcksek ate\u015f, bo\u011faz a\u011fr\u0131s\u0131, \u00f6ks\u00fcr\u00fck, nefes darl\u0131\u011f\u0131 ve ishal gibi semptomlarla kendini g\u00f6steren corona vir\u00fcs\u00fc ge\u00e7en s\u00fcrede \u0130ngiltere&#8217;de h\u0131zla yay\u0131lmaya devam ediyor. \u0130ngiltere&#8217;de Kovid-19 nedeniyle \u00f6lenlerin say\u0131s\u0131 son 24 saatte 938 artarak 7 bin 97 oldu. Bug\u00fcn ayn\u0131 zamanda \u0130ngiltere&#8217;de \u015fimdiye kadar bir g\u00fcnde coronavir\u00fcsten \u00f6lenlerin en fazla oldu\u011fu g\u00fcn oldu. \u00d6te yandan korona vir\u00fcse yakalanan Ba\u015fbakan Boris Johnson\u2019un yo\u011fun bak\u0131mdaki [&hellip;]<\/p>\n","protected":false},"author":1,"featured_media":4235,"comment_status":"open","ping_status":"open","sticky":false,"template":"","format":"standard","meta":{"ngg_post_thumbnail":0,"footnotes":""},"categories":[13],"tags":[902,808,892,903,588,901,904,202,900],"class_list":["post-4232","post","type-post","status-publish","format-standard","has-post-thumbnail","hentry","category-saglik","tag-basildon-universitesi","tag-covid-19","tag-ergin-balabeyoglu","tag-korona","tag-koronavirus","tag-mediwell-clinic","tag-national-health-service","tag-nhs","tag-turhan-comez"],"_links":{"self":[{"href":"https:\/\/by-tv.co.uk\/en\/wp-json\/wp\/v2\/posts\/4232","targetHints":{"allow":["GET"]}}],"collection":[{"href":"https:\/\/by-tv.co.uk\/en\/wp-json\/wp\/v2\/posts"}],"about":[{"href":"https:\/\/by-tv.co.uk\/en\/wp-json\/wp\/v2\/types\/post"}],"author":[{"embeddable":true,"href":"https:\/\/by-tv.co.uk\/en\/wp-json\/wp\/v2\/users\/1"}],"replies":[{"embeddable":true,"href":"https:\/\/by-tv.co.uk\/en\/wp-json\/wp\/v2\/comments?post=4232"}],"version-history":[{"count":0,"href":"https:\/\/by-tv.co.uk\/en\/wp-json\/wp\/v2\/posts\/4232\/revisions"}],"wp:featuredmedia":[{"embeddable":true,"href":"https:\/\/by-tv.co.uk\/en\/wp-json\/wp\/v2\/media\/4235"}],"wp:attachment":[{"href":"https:\/\/by-tv.co.uk\/en\/wp-json\/wp\/v2\/media?parent=4232"}],"wp:term":[{"taxonomy":"category","embeddable":true,"href":"https:\/\/by-tv.co.uk\/en\/wp-json\/wp\/v2\/categories?post=4232"},{"taxonomy":"post_tag","embeddable":true,"href":"https:\/\/by-tv.co.uk\/en\/wp-json\/wp\/v2\/tags?post=4232"}],"curies":[{"name":"wp","href":"https:\/\/api.w.org\/{rel}","templated":true}]}}