{"id":4196,"date":"2020-04-04T01:07:30","date_gmt":"2020-04-03T22:07:30","guid":{"rendered":"https:\/\/by-tv.co.uk\/?p=4196"},"modified":"2020-04-04T01:07:30","modified_gmt":"2020-04-03T22:07:30","slug":"ingiltere-milletvekili-feryal-demirci-clark-korona-virus-ile-ilgili-aciklamalarda-bulundu","status":"publish","type":"post","link":"https:\/\/by-tv.co.uk\/en\/ingiltere-milletvekili-feryal-demirci-clark-korona-virus-ile-ilgili-aciklamalarda-bulundu\/","title":{"rendered":"\u0130ngiltere Milletvekili Feryal Demirci Clark, korona vir\u00fcs ile ilgili a\u00e7\u0131klamalarda bulundu."},"content":{"rendered":"<p>2019 Birle\u015fik Krall\u0131k genel se\u00e7imlerinden bu yana Kuzey Enfield se\u00e7im b\u00f6lgesinden \u0130\u015f\u00e7i Partisi Milletvekili olarak g\u00f6rev yapmakta olan bir T\u00fcrk as\u0131ll\u0131 Britanyal\u0131 polikac\u0131 Feryal Demirci Clark, Brit-i\u015f Ya\u015fam TV&#8217;de Ergin Balabeyo\u011flu&#8217;nun sorular\u0131n\u0131 yan\u0131tlad\u0131.<br \/>\n<iframe loading=\"lazy\" src=\"https:\/\/www.youtube.com\/embed\/f9YVlhRZ_TA\" width=\"751\" height=\"422\" frameborder=\"0\" allowfullscreen=\"allowfullscreen\"><\/iframe><\/p>\n<div id=\"briti-1165114350\" class=\"briti-icerikten-sonra_2\" style=\"margin-top: 25px;margin-bottom: 25px;\"><a href=\"https:\/\/wa.me\/message\/NDZLLIOQT4H3O1\" aria-label=\"bytv reklam banner\"><img loading=\"lazy\" decoding=\"async\" src=\"https:\/\/by-tv.co.uk\/wp-content\/uploads\/2025\/12\/bytv-reklam-banner.jpg\" alt=\"\"  width=\"2376\" height=\"1008\"   \/><\/a><\/div>","protected":false},"excerpt":{"rendered":"<p>2019 Birle\u015fik Krall\u0131k genel se\u00e7imlerinden bu yana Kuzey Enfield se\u00e7im b\u00f6lgesinden \u0130\u015f\u00e7i Partisi Milletvekili olarak g\u00f6rev yapmakta olan bir T\u00fcrk as\u0131ll\u0131 Britanyal\u0131 polikac\u0131 Feryal Demirci Clark, Brit-i\u015f Ya\u015fam TV&#8217;de Ergin Balabeyo\u011flu&#8217;nun sorular\u0131n\u0131 yan\u0131tlad\u0131.<\/p>","protected":false},"author":1,"featured_media":0,"comment_status":"open","ping_status":"open","sticky":false,"template":"","format":"standard","meta":{"ngg_post_thumbnail":0,"footnotes":""},"categories":[15,13],"tags":[859,361,892,360,891,758],"class_list":["post-4196","post","type-post","status-publish","format-standard","hentry","category-ingiltere","category-saglik","tag-corona-virus","tag-enfield","tag-ergin-balabeyoglu","tag-feryal-clark","tag-ingiltere-milletvekili","tag-korona-virus"],"_links":{"self":[{"href":"https:\/\/by-tv.co.uk\/en\/wp-json\/wp\/v2\/posts\/4196","targetHints":{"allow":["GET"]}}],"collection":[{"href":"https:\/\/by-tv.co.uk\/en\/wp-json\/wp\/v2\/posts"}],"about":[{"href":"https:\/\/by-tv.co.uk\/en\/wp-json\/wp\/v2\/types\/post"}],"author":[{"embeddable":true,"href":"https:\/\/by-tv.co.uk\/en\/wp-json\/wp\/v2\/users\/1"}],"replies":[{"embeddable":true,"href":"https:\/\/by-tv.co.uk\/en\/wp-json\/wp\/v2\/comments?post=4196"}],"version-history":[{"count":0,"href":"https:\/\/by-tv.co.uk\/en\/wp-json\/wp\/v2\/posts\/4196\/revisions"}],"wp:attachment":[{"href":"https:\/\/by-tv.co.uk\/en\/wp-json\/wp\/v2\/media?parent=4196"}],"wp:term":[{"taxonomy":"category","embeddable":true,"href":"https:\/\/by-tv.co.uk\/en\/wp-json\/wp\/v2\/categories?post=4196"},{"taxonomy":"post_tag","embeddable":true,"href":"https:\/\/by-tv.co.uk\/en\/wp-json\/wp\/v2\/tags?post=4196"}],"curies":[{"name":"wp","href":"https:\/\/api.w.org\/{rel}","templated":true}]}}