{"id":4169,"date":"2020-04-02T05:28:18","date_gmt":"2020-04-02T02:28:18","guid":{"rendered":"https:\/\/by-tv.co.uk\/?p=4169"},"modified":"2020-08-06T20:31:36","modified_gmt":"2020-08-06T17:31:36","slug":"korona-virus-nedeniyle-sikca-sorulan-sorular-devlet-yardimlari-vizeler-krediler-ankara-anlasmasi","status":"publish","type":"post","link":"https:\/\/by-tv.co.uk\/en\/korona-virus-nedeniyle-sikca-sorulan-sorular-devlet-yardimlari-vizeler-krediler-ankara-anlasmasi\/","title":{"rendered":"Korona vir\u00fcs nedeniyle s\u0131k\u00e7a sorulan sorular. Devlet yard\u0131mlar\u0131, vizeler, krediler, Ankara Anla\u015fmas\u0131"},"content":{"rendered":"<p>Korona vir\u00fcs salg\u0131n\u0131 ba\u015flad\u0131ktan sonra Birle\u015fik Krall\u0131k&#8217;ta ya\u015fayan \u00e7ok say\u0131da toplum \u00fcyemizin i\u015f hayat\u0131nda ve normal hayat\u0131nda fazla say\u0131da olumsuzluk pe\u015f pe\u015fe geldi. \u00d6zellikle korona vir\u00fcs nedeniyle i\u015flerini yapamayan \u00e7ok say\u0131da ki\u015fi s\u00fcre\u00e7le ilgili sorular\u0131n\u0131n cevab\u0131n\u0131 bulmaya \u00e7al\u0131\u015ft\u0131. Bu sorulardan en \u00e7ok devlet yard\u0131mlar\u0131, universal credit, Ankara Anla\u015fmal\u0131lar\u0131n durumu ve vize i\u015flemleri \u00f6nde g\u00f6z\u00fck\u00fcyor. Biz de en \u00e7ok sorulan sorular\u0131 derledik ve <strong>Akyol Solicitors<\/strong>\u00a0 firmas\u0131ndan <strong>Avukat Hasan Koca&#8217;<\/strong>ya sorduk. Sizler i\u00e7in en anla\u015f\u0131l\u0131r bir bi\u00e7imde sunmaya \u00e7al\u0131\u015ft\u0131k.<\/p>\n<h5>Serbest meslek sahibiyim ve 3 y\u0131ll\u0131k vergi \u00f6deme ge\u00e7mi\u015fim var. devletten ne kadar hibe alabilirim ve\u00a0 nas\u0131l ba\u015fvuru yapabilirim?<span style=\"font-size: 1.21429rem;\">\u00a0<\/span><\/h5>\n<p>Son 3 senelik vergi y\u0131llar\u0131ndan elde edilen ortalama k\u00e2r\u0131n 80%\u2019ini hibe olarak alacaks\u0131n\u0131z. E\u011fer 3 sene vergi \u00f6deme ge\u00e7mi\u015finiz yok ise 2 y\u0131l uzerinden hesaplama yap\u0131lacakt\u0131r. H\u00fck\u00fcmet 3 ay boyunca ayda maksimum \u00a32,500.00\u2019e kadar hibe verebilir. H\u00fck\u00fcmet bu paray\u0131 da toplu halde (\u00a37,500.00) vereceklerini duyurdu. HMRC, ba\u015fvuru hakk\u0131n\u0131z var ise sizinle ileti\u015fime ge\u00e7ecek ve sizi ba\u015fvuru yapmaya davet edecektir.<\/p>\n<h5><strong>Serbest meslek sahibiyim UnIversal CredIt yard\u0131<\/strong><strong>m <\/strong><strong>ba\u015fvurusunda bulunabilir miyim?<\/strong><\/h5>\n<p>E\u011fer serbest meslek sahibi iseniz ve 2-3 y\u0131ll\u0131k vergi \u00f6deme gecmi\u015finiz yoksa, Universal Credit yardim ba\u015fvurusu yapabilirsiniz.<\/p><div id=\"briti-3720810478\" class=\"briti-icerik\" style=\"margin-top: 5px;margin-bottom: 5px;\"><a href=\"https:\/\/piaryum.com\/services\/\" aria-label=\"piaryum banner\"><img loading=\"lazy\" decoding=\"async\" src=\"https:\/\/by-tv.co.uk\/wp-content\/uploads\/2025\/12\/Gemini_Generated_Image_g5yqr1g5yqr1g5yq.jpg\" alt=\"\"  width=\"2064\" height=\"1152\"   \/><\/a><\/div>\n<h5><strong>UnIversal CredIt yard\u0131<\/strong><strong>m ba\u015fvuru sonucu ne kadar s\u00fcrer?<\/strong> <strong>Ve ba\u015fvurumu yapt\u0131\u011f\u0131m g\u00fcnden itibaren geriye d\u00f6n\u00fck para alacak m\u0131y\u0131m?<\/strong><\/h5>\n<p>Ba\u015fvuru sonucu 4 veya 5 hafta s\u00fcrebilir ve evet, ba\u015fvurunuzu yapt\u0131\u011f\u0131n\u0131z tarihten itibaren geriye d\u00f6n\u00fck yard\u0131m alacaks\u0131n\u0131z.<\/p>\n<h5><strong>UnIversal CredIt yard\u0131m ba\u015fvurusundan ne kadar \u00f6deme alaca\u011f\u0131m?<\/strong><\/h5>\n<p>Bunlar\u0131n hepsi evinizin gelirine ba\u011fl\u0131 olacakt\u0131r. Ne kadar al\u0131naca\u011f\u0131 maalesef ba\u015fvurunuz sonu\u00e7lan\u0131ncaya kadar \u00f6\u011frenemezsiniz. H\u00fck\u00fcmet ge\u00e7ti\u011fimiz g\u00fcnlerde Universal Credit yard\u0131m alanlar i\u00e7in haftada \u00a320.00 ek art\u0131\u015f a\u00e7\u0131klad\u0131.<\/p>\n<h5><strong>Ankara Antla\u015fmas\u0131&#8217;na dayal\u0131 serbest meslek sahibiyim, Universal Credit yardim ba\u015fvurusunda bulunabilir miyim?<\/strong><\/h5>\n<p>Her ne kadar h\u00fck\u00fcmet vergi ge\u00e7mi\u015fi olmayan serbest meslek sahibi ki\u015filerin Universal Credit yardim ba\u015fvurusunda bulunabilece\u011fini a\u00e7\u0131klam\u0131\u015f olsa da, h\u00fck\u00fcmet bunun vize ko\u015fullar\u0131nda k\u0131s\u0131tlamalar\u0131 olan insanlar i\u00e7in de ge\u00e7erli olup olmad\u0131\u011f\u0131n\u0131 hen\u00fcz a\u00e7\u0131klamam\u0131\u015ft\u0131r. Bu neden ile, tavsiyemiz, vize \u015fartlar\u0131n\u0131z\u0131 ihlal etme ihtimali oldu\u011fu i\u00e7in Universal Credit yardim ba\u015fvurusu yapmamal\u0131s\u0131n\u0131z. H\u00fck\u00fcmet taraf\u0131ndan kayb\u0131n\u0131z\u0131 kar\u015f\u0131layacak g\u00fcncel bir duyuru \u015fu an yoktur.<\/p>\n<h5><strong>Ankara Antla\u015fmas\u0131 vizesi ile \u0130ngiltere&#8217;deyim. Korona vir\u00fcs\u00fc nedeniyle \u00e7al\u0131\u015famazsam gelecekteki ba\u015fvurum reddedilecek mi?<\/strong><\/h5>\n<p>Ba\u015fvurunuzda korona vir\u00fcs\u00fc nedeniyle ka\u00e7 ay \u00e7al\u0131\u015famad\u0131\u011f\u0131n\u0131z\u0131 vurgulay\u0131n ve \u0130\u00e7i\u015fleri Bakanl\u0131\u011f\u0131 bunu dikkate alacakt\u0131r. \u0130\u00e7i\u015fleri Bakanl\u0131\u011f\u0131 genel olarak \u00e7al\u0131\u015fmaman\u0131z i\u00e7in sizi cezaland\u0131ramaz. Ancak, h\u00fck\u00fcmet herkesin i\u015fe geri d\u00f6nebilece\u011fini a\u00e7\u0131klad\u0131\u011f\u0131nda i\u015fe geri d\u00f6nmelisiniz.<\/p>\n<h5><strong>\u015eu anda korona vir\u00fcs\u00fc nedeniyle i\u015fsizim,<\/strong> <strong>UnIversal CredIt yardim ba\u015fvurusunda bulunabilir miyim?<\/strong><\/h5>\n<p>Evet, ama bu konu hakk\u0131nda ilk \u00f6nce i\u015fvereninizle konu\u015fman\u0131z\u0131 tavsiye ederiz \u00e7\u00fcnk\u00fc h\u00fck\u00fcmet kazanc\u0131n\u0131z\u0131n 80%&#8217;ini sa\u011flayaca\u011f\u0131n\u0131 a\u00e7\u0131klad\u0131. \u0130\u015fvereniniz, bu konuyu muhasebecileriyle g\u00f6r\u00fc\u015f\u00fcp daha fazla bilgi verebilir. E\u011fer tamamen i\u015fsiz kald\u0131ysan\u0131z Universal Credit ba\u015fvurusu yapabilirsiniz.<\/p>\n<h5><strong>K\u0131sa bir s\u00fcre \u00f6nce vize uzatma i\u00e7in ba\u015fvuruda bulundum, ancak t\u00fcm merkezler kapand\u0131 bu neden ile belgelerimi ve biyometrik parmak izimi i\u00e7<\/strong><strong>eri sunamad\u0131m. Vizemin s\u00fcresi dolar m\u0131 veya ba\u015fvurum reddedecek mi?<\/strong><\/h5>\n<p>Hay\u0131r. Merkezler yeniden a\u00e7\u0131ld\u0131ktan sonra sizinle yeni randevu i\u00e7in ileti\u015fim kuracaklar. Bu s\u00fcre zarf\u0131nda vize durumunuz ayn\u0131 kalacakt\u0131r.<\/p>\n<h5><strong>Vizem yak\u0131nda sona erecek, otomatik olarak yenilenecek mi yoksa hala vize ba\u015fvurusu yapmam gerekiyor mu?<\/strong><\/h5>\n<p>Vizeniz otomatik olarak yenilenmeyecek. Bu bu y\u00fczden vize uzatma ba\u015fvurusu yapman\u0131z gerekir. Ancak, t\u00fcm merkezler belgelerinizi ve biyometrik parmak izimi vermek i\u00e7in \u015fu anda kapal\u0131d\u0131r. Merkezler yeniden a\u00e7\u0131ld\u0131ktan sonra sizinle randevu i\u00e7in ileti\u015fim kuracaklar.<\/p>\n<h5><strong>\u015eu anda \u0130ngiltere&#8217;de s\u00fcresi dolmak \u00fczere olan turist vizesi ile ya\u015f\u0131yorum ve u\u00e7u\u015flar olmad\u0131\u011f\u0131 i\u00e7in \u00fclkeme geri d\u00f6nemiyorum. Ne yapabilirim?<\/strong><\/h5>\n<p>Vizeniz 31 May\u0131s 2020&#8217;ye kadar uzatman\u0131z gerekir. Bu uzat\u0131m\u0131 \u0130\u00e7i\u015fleri Bakanl\u0131\u011f\u0131\u2019na haber vererek yapabilirsiniz.<\/p>\n<h5><strong>Vize ba\u015fvurusu yapmak istiyorum. Ba\u015fvuru yapabilir miyim, yoksa b\u00fct\u00fcn<\/strong><strong> vize ba\u015fvurular\u0131<\/strong><strong> durduruldu mu?<\/strong><\/h5>\n<p>T\u00fcm vize ba\u015fvurular\u0131 devam ediyor. Ancak, t\u00fcm merkezler belgelerinizi ve biyometrik parmak izi vermek i\u00e7in \u015fu anda kapal\u0131d\u0131r. Merkezler yeniden a\u00e7\u0131ld\u0131ktan sonra sizinle randevu i\u00e7in ileti\u015fim kuracaklar.<\/p>\n<h5><strong>Son zamanlarda vize ba\u015fvurusu yapt\u0131m. Sonu\u00e7 daha uzun s\u00fcrer mi?<\/strong><\/h5>\n<p>T\u00fcm vize ba\u015fvuru sonu\u00e7lar\u0131n\u0131n beklenenden daha uzun s\u00fcrmesini bekleniliyor. Ancak 6 ayl\u0131k bekleme s\u00fcresini ge\u00e7ti\u011fi taktirde, g\u00fcncelleme talep etmek \u00fczere \u0130\u00e7i\u015fleri Bakanl\u0131\u011f\u0131 ile ileti\u015fime ge\u00e7menizi tavsiye ederiz.<\/p>\n<h5><strong>\u0130\u00e7i\u015fleri Bakanl\u0131\u011f\u0131 korona vir\u00fcs\u00fc nedeniyle vize ba\u015fvurumu reddedebilir mi?<\/strong><\/h5>\n<p>Hay\u0131r. \u0130\u00e7i\u015fleri Bakanl\u0131\u011f\u0131, ba\u015fvurunuzu reddetmek i\u00e7in korona vir\u00fcs\u00fcn\u00fc bir neden olarak kullanamaz.<\/p>\n<h5><strong>\u015eu anda T\u00fcrkiye&#8217;deyim ve Ankara Anla\u015fmas\u0131 ba\u015fvurum yap\u0131ld\u0131 ve onayland\u0131. BRP kart\u0131m\u0131 almak i\u00e7in \u0130ngiltere&#8217;ye 1 ay i\u00e7inde gelmem laz\u0131m. Ancak u\u00e7u\u015f yok, ne yapabilirim?<\/strong><\/h5>\n<p>Yapabilece\u011finiz se\u00e7eneklerden biri, \u0130ngiltere&#8217;de ya\u015fayan bir aile \u00fcyeniz var ise BRP kart\u0131n\u0131z\u0131 almak i\u00e7in aday g\u00f6stererek bir ba\u015fvuru yapmakt\u0131r. \u015eu anda h\u00fck\u00fcmet herhangi bir vize uzatmas\u0131 a\u00e7\u0131klamam\u0131\u015ft\u0131r, bu konuda h\u00fck\u00fcmetten bir g\u00fcncelleme bekliyoruz.<\/p>\n<p><strong>AKYOL SOLICITORS<\/strong><br \/>\n020 3927 4006 &#8211; +44 7531 168157<br \/>\n8 The Town, Enfield EN2 6LE London UK<\/p>\n<p><u><a class=\"ns-action\" href=\"mailto:hasan@akyolsolicitors.com\" data-click-action=\"common.go\" data-params=\"new_window&amp;url=%23compose%2Fmailto%3Dhasan%2540akyolsolicitors.com\">hasan@akyolsolicitors.com<\/a><\/u><\/p>\n<div id=\"briti-1005374252\" class=\"briti-icerikten-sonra_2\" style=\"margin-top: 25px;margin-bottom: 25px;\"><a href=\"https:\/\/wa.me\/message\/NDZLLIOQT4H3O1\" aria-label=\"bytv reklam banner\"><img loading=\"lazy\" decoding=\"async\" src=\"https:\/\/by-tv.co.uk\/wp-content\/uploads\/2025\/12\/bytv-reklam-banner.jpg\" alt=\"\"  width=\"2376\" height=\"1008\"   \/><\/a><\/div>","protected":false},"excerpt":{"rendered":"<p>Korona vir\u00fcs salg\u0131n\u0131 ba\u015flad\u0131ktan sonra Birle\u015fik Krall\u0131k&#8217;ta ya\u015fayan \u00e7ok say\u0131da toplum \u00fcyemizin i\u015f hayat\u0131nda ve normal hayat\u0131nda fazla say\u0131da olumsuzluk pe\u015f pe\u015fe geldi. \u00d6zellikle korona vir\u00fcs nedeniyle i\u015flerini yapamayan \u00e7ok say\u0131da ki\u015fi s\u00fcre\u00e7le ilgili sorular\u0131n\u0131n cevab\u0131n\u0131 bulmaya \u00e7al\u0131\u015ft\u0131. Bu sorulardan en \u00e7ok devlet yard\u0131mlar\u0131, universal credit, Ankara Anla\u015fmal\u0131lar\u0131n durumu ve vize i\u015flemleri \u00f6nde g\u00f6z\u00fck\u00fcyor. Biz de en \u00e7ok sorulan sorular\u0131 derledik ve Akyol Solicitors\u00a0 firmas\u0131ndan Avukat Hasan Koca&#8217;ya sorduk. Sizler i\u00e7in en anla\u015f\u0131l\u0131r bir bi\u00e7imde sunmaya \u00e7al\u0131\u015ft\u0131k. Serbest meslek sahibiyim ve 3 y\u0131ll\u0131k vergi \u00f6deme ge\u00e7mi\u015fim var. devletten ne kadar hibe alabilirim ve\u00a0 nas\u0131l ba\u015fvuru yapabilirim?\u00a0 Son 3 senelik vergi [&hellip;]<\/p>\n","protected":false},"author":1,"featured_media":4007,"comment_status":"open","ping_status":"open","sticky":false,"template":"","format":"standard","meta":{"ngg_post_thumbnail":0,"footnotes":""},"categories":[2,969],"tags":[889,234,890,758,888],"class_list":["post-4169","post","type-post","status-publish","format-standard","has-post-thumbnail","hentry","category-is-dunyasi","category-gocmenlik","tag-akyol-solicitors","tag-ankara-anlasmasi","tag-hasan-koca","tag-korona-virus","tag-universal-credit"],"_links":{"self":[{"href":"https:\/\/by-tv.co.uk\/en\/wp-json\/wp\/v2\/posts\/4169","targetHints":{"allow":["GET"]}}],"collection":[{"href":"https:\/\/by-tv.co.uk\/en\/wp-json\/wp\/v2\/posts"}],"about":[{"href":"https:\/\/by-tv.co.uk\/en\/wp-json\/wp\/v2\/types\/post"}],"author":[{"embeddable":true,"href":"https:\/\/by-tv.co.uk\/en\/wp-json\/wp\/v2\/users\/1"}],"replies":[{"embeddable":true,"href":"https:\/\/by-tv.co.uk\/en\/wp-json\/wp\/v2\/comments?post=4169"}],"version-history":[{"count":0,"href":"https:\/\/by-tv.co.uk\/en\/wp-json\/wp\/v2\/posts\/4169\/revisions"}],"wp:featuredmedia":[{"embeddable":true,"href":"https:\/\/by-tv.co.uk\/en\/wp-json\/wp\/v2\/media\/4007"}],"wp:attachment":[{"href":"https:\/\/by-tv.co.uk\/en\/wp-json\/wp\/v2\/media?parent=4169"}],"wp:term":[{"taxonomy":"category","embeddable":true,"href":"https:\/\/by-tv.co.uk\/en\/wp-json\/wp\/v2\/categories?post=4169"},{"taxonomy":"post_tag","embeddable":true,"href":"https:\/\/by-tv.co.uk\/en\/wp-json\/wp\/v2\/tags?post=4169"}],"curies":[{"name":"wp","href":"https:\/\/api.w.org\/{rel}","templated":true}]}}