{"id":4088,"date":"2020-03-26T20:30:39","date_gmt":"2020-03-26T17:30:39","guid":{"rendered":"https:\/\/by-tv.co.uk\/?p=4088"},"modified":"2020-03-26T20:38:12","modified_gmt":"2020-03-26T17:38:12","slug":"ingilterede-koronavirus-salgininda-olen-turk-sayisi-11e-yukseldi","status":"publish","type":"post","link":"https:\/\/by-tv.co.uk\/en\/ingilterede-koronavirus-salgininda-olen-turk-sayisi-11e-yukseldi\/","title":{"rendered":"\u0130ngiltere&#8217;de koronavir\u00fcs salg\u0131n\u0131nda \u00f6len T\u00fcrk say\u0131s\u0131 11&#8217;e y\u00fckseldi"},"content":{"rendered":"<h4>\u0130ngiltere&#8217;de koronavir\u00fcs sebebiyle \u00f6lenlerin say\u0131s\u0131 465&#8217;e y\u00fckseldi<\/h4>\n<p>\u0130ngiltere&#8217;de yeni tip koronavir\u00fcs (Kovid-19) salg\u0131n\u0131 b\u00fcy\u00fcyor. Hayat\u0131n\u0131 kaybedenlerin say\u0131s\u0131 43 artarak 465&#8217;e \u00e7\u0131kt\u0131.<br \/>\n<strong>\u0130ngiltere Kamu Sa\u011fl\u0131\u011f\u0131 Kurumu NHS&#8217;in<\/strong>\u00a0a\u00e7\u0131klamas\u0131na g\u00f6re, Covid-19 kaynakl\u0131 \u00f6l\u00fcm say\u0131s\u0131 422&#8217;den <strong>465&#8217;e<\/strong> y\u00fckseldi. Vaka say\u0131s\u0131 da 1452 artarak 9 bin 529 oldu.<strong> \u0130yile\u015fenlerin say\u0131s\u0131 ise 135&#8217;e \u00e7\u0131kt\u0131.<\/strong><\/p>\n<h4><strong>\u0130ngiltere&#8217;de korona salg\u0131n\u0131nda \u00f6len T\u00fcrk say\u0131s\u0131 11&#8217;e y\u00fckseldi<\/strong><\/h4>\n<p>\u0130ngiltere&#8217;de koronavir\u00fcs salg\u0131n\u0131 b\u00fcy\u00fcd\u00fck\u00e7e hayat\u0131n\u0131 kaybeden T\u00fcrklerin say\u0131s\u0131 da art\u0131yor 26 Mart 2020 itibariyle \u0130ngiltere&#8217;de ya\u015fayan 11 T\u00fcrk&#8217;\u00fcn vir\u00fcs kaynakl\u0131 hayat\u0131n\u0131 kaybetti\u011fi belirlendi.<\/p>\n<p>Bug\u00fcn koronavir\u00fcsten iki T\u00fcrk daha hayat\u0131n\u0131 kaybetti. K\u0131br\u0131s do\u011fumlu\u00a0 <strong>Mehmet Abdurrahman<\/strong> ve Kahramanmara\u015f Elbistan do\u011fumlu <strong>Hac\u0131 Ali Do\u011fu\u015f<\/strong> bug\u00fcn vefat etti.<\/p><div id=\"briti-4108905345\" class=\"briti-icerik\" style=\"margin-top: 5px;margin-bottom: 5px;\"><a href=\"https:\/\/piaryum.com\/services\/\" aria-label=\"piaryum banner\"><img loading=\"lazy\" decoding=\"async\" src=\"https:\/\/by-tv.co.uk\/wp-content\/uploads\/2025\/12\/Gemini_Generated_Image_g5yqr1g5yqr1g5yq.jpg\" alt=\"\"  width=\"2064\" height=\"1152\"   \/><\/a><\/div>\n<p>Taksicilik yapt\u0131\u011f\u0131 \u00f6\u011frenilen 49 ya\u015f\u0131ndaki <strong>Hac\u0131 Ali Do\u011fu\u015f<\/strong>, 10 g\u00fcnden bu yana <strong>Homerton Hospital<\/strong>\u2019de tedavi g\u00f6r\u00fcyordu. Kahramanmara\u015f <strong>Elbistan<\/strong> <strong><strong class=\"klink\">Serdili<\/strong><\/strong> k\u00fcy\u00fcnden olan\u00a0 ve Londra\u2019n\u0131n <strong><strong class=\"klink\">Hackney<\/strong><\/strong> b\u00f6lgesinde ya\u015fayan Do\u011fu\u015f, evli ve iki \u00e7ocuk babas\u0131yd\u0131.<\/p>\n<p>\u0130ngiltere Londra&#8217;da ya\u015fayan ve Coronavir\u00fcse yakalanan <strong>78<\/strong> ya\u015f\u0131ndaki K\u0131br\u0131sl\u0131 T\u00fcrk <strong>Mehmet Abdurrahman<\/strong> 5 g\u00fcnd\u00fcr tedavi g\u00f6rd\u00fc\u011f\u00fc\u00a0 North Middlesex Hastanesi\u2019nde bu sabah hayat\u0131n\u0131 kaybetti.<\/p>\n<p>Pazartesi g\u00fcn\u00fc vefat eden 62ya\u015f\u0131ndaki K\u0131br\u0131sl\u0131 T\u00fcrk <strong>Y\u0131ld\u0131ray Faik<\/strong>\u2019in ise 50 y\u0131ld\u0131r Londra\u2019da ya\u015fad\u0131\u011f\u0131 ve St Bartholomew\u2019s Hastanesinde kalp rahats\u0131zl\u0131\u011f\u0131 sebebiyle bypass ameliyat\u0131 oldu\u011fu belirtildi. Ba\u015far\u0131l\u0131 ge\u00e7en ameliyattan 6 g\u00fcn sonra, kendisine hastanede korona vir\u00fcs te\u015fhisi koyulan Faik, durumunu a\u011f\u0131rla\u015fmas\u0131 sonucu ya\u015fam\u0131n\u0131 yitirdi.<\/p>\n<p>Londra\u2019da ya\u015fayan ba\u015fka bir Kahramanmara\u015fl\u0131 84 ya\u015f\u0131ndaki <strong>\u0130lyas G\u00fcng\u00f6r,<\/strong> korona vir\u00fcs\u00fc nedeniyle tedavi g\u00f6rd\u00fc\u011f\u00fc hastanede \u00f6ld\u00fc.<\/p>\n<p>Koronavir\u00fcsten dolay\u0131 hayat\u0131n\u0131 kaybeden bir di\u011fer T\u00fcrk <strong>Melik Ejder \u00dclk\u00fcmen<\/strong>. Yakla\u015f\u0131k 20 y\u0131ld\u0131r Londra\u2019da ya\u015fayan 2 \u00e7ocuk babas\u0131 Melik Ejder \u00dclk\u00fcmen\u2019in \u015feker hastas\u0131 oldu\u011fu belirtildi.<\/p>\n<p>\u0130ngiltere\u2019de koronavir\u00fcs salg\u0131n\u0131 sonrasi\u00a0 G\u00fcney Londra\u2019da ya\u015fayan <strong>Elmaziye Kanl\u0131<\/strong> Farnborough Hastanesi\u2019nde hayat\u0131n\u0131 kaybetmi\u015fti.<\/p>\n<p>Aslen Kahramanmara\u015f\u2019\u0131n G\u00f6zp\u0131nar k\u00f6y\u00fcnden olan ve hayat\u0131n\u0131 Londra\u2019da s\u00fcrd\u00fcren 51 ya\u015f\u0131ndaki <strong>Hayri Erg\u00f6n\u00fcl\u2019<\/strong>\u00fcn bir hafta boyunca North Middlesex Hastanesi\u2019nde yo\u011fun bak\u0131mda kald\u0131 ve hayat\u0131n\u0131 kaybetti. Daha \u00f6nce \u015feker hastas\u0131 olan Hayri Erg\u00f6n\u00fcl\u2019\u0131n koronavir\u00fcse yakaland\u0131\u011f\u0131 ve vir\u00fcs\u00fcn e\u015fine de ge\u00e7ti\u011fi edinilen bilgiler aras\u0131nda.Hayri Erg\u00f6n\u00fcl\u2019\u00fcn e\u015finin de Koronavir\u00fcs te\u015fhisi ile hastanede tedavi g\u00f6rd\u00fc\u011f\u00fc ve iyile\u015ferek taburcu edildi\u011fi \u00f6\u011frenildi.<\/p>\n<p>Mara\u015f katliam\u0131n\u0131n tan\u0131klar\u0131ndan <strong>Hayri Erg\u00f6n\u00fcl, <\/strong>Mara\u015f katliam\u0131nda g\u00f6zleri \u00f6n\u00fcnde anne, baba ve abisini kaybetmi\u015f ve katliamdan \u015fans eseri kurtulmu\u015ftu.<\/p>\n<p><strong>\u0130ngiltere&#8217;de \u00f6len 11 T\u00fcrk&#8217;\u00fcn isimleri \u015f\u00f6yle;<\/strong><\/p>\n<p>Elmaziye Kamil<\/p>\n<p>Hayri Erg\u00f6n\u00fcl<\/p>\n<p>Mustafa Ahmet<\/p>\n<p>\u0130lyas G\u00fcng\u00f6r<\/p>\n<p>\u015eeng\u00fcl Besim<\/p>\n<p>Kamil Ahmet<\/p>\n<p>Ahmet Ra\u015fit<\/p>\n<p>Y\u0131ld\u0131ray Faik<\/p>\n<p>Melik Ejder \u00dclk\u00fcmen<\/p>\n<p>Mehmet Abdurrahman<\/p>\n<p>Hac\u0131 Ali Do\u011fu\u015f.<\/p>\n<div id=\"briti-1801428668\" class=\"briti-icerikten-sonra_2\" style=\"margin-top: 25px;margin-bottom: 25px;\"><a href=\"https:\/\/wa.me\/message\/NDZLLIOQT4H3O1\" aria-label=\"bytv reklam banner\"><img loading=\"lazy\" decoding=\"async\" src=\"https:\/\/by-tv.co.uk\/wp-content\/uploads\/2025\/12\/bytv-reklam-banner.jpg\" alt=\"\"  width=\"2376\" height=\"1008\"   \/><\/a><\/div>","protected":false},"excerpt":{"rendered":"<p>\u0130ngiltere&#8217;de koronavir\u00fcs sebebiyle \u00f6lenlerin say\u0131s\u0131 465&#8217;e y\u00fckseldi \u0130ngiltere&#8217;de yeni tip koronavir\u00fcs (Kovid-19) salg\u0131n\u0131 b\u00fcy\u00fcyor. Hayat\u0131n\u0131 kaybedenlerin say\u0131s\u0131 43 artarak 465&#8217;e \u00e7\u0131kt\u0131. \u0130ngiltere Kamu Sa\u011fl\u0131\u011f\u0131 Kurumu NHS&#8217;in\u00a0a\u00e7\u0131klamas\u0131na g\u00f6re, Covid-19 kaynakl\u0131 \u00f6l\u00fcm say\u0131s\u0131 422&#8217;den 465&#8217;e y\u00fckseldi. Vaka say\u0131s\u0131 da 1452 artarak 9 bin 529 oldu. \u0130yile\u015fenlerin say\u0131s\u0131 ise 135&#8217;e \u00e7\u0131kt\u0131. \u0130ngiltere&#8217;de korona salg\u0131n\u0131nda \u00f6len T\u00fcrk say\u0131s\u0131 11&#8217;e y\u00fckseldi \u0130ngiltere&#8217;de koronavir\u00fcs salg\u0131n\u0131 b\u00fcy\u00fcd\u00fck\u00e7e hayat\u0131n\u0131 kaybeden T\u00fcrklerin say\u0131s\u0131 da art\u0131yor 26 Mart 2020 itibariyle \u0130ngiltere&#8217;de ya\u015fayan 11 T\u00fcrk&#8217;\u00fcn vir\u00fcs kaynakl\u0131 hayat\u0131n\u0131 kaybetti\u011fi belirlendi. Bug\u00fcn koronavir\u00fcsten iki T\u00fcrk daha hayat\u0131n\u0131 kaybetti. K\u0131br\u0131s do\u011fumlu\u00a0 Mehmet Abdurrahman ve Kahramanmara\u015f Elbistan do\u011fumlu Hac\u0131 Ali Do\u011fu\u015f bug\u00fcn vefat etti. [&hellip;]<\/p>\n","protected":false},"author":1,"featured_media":3913,"comment_status":"open","ping_status":"open","sticky":false,"template":"","format":"standard","meta":{"ngg_post_thumbnail":0,"footnotes":""},"categories":[1],"tags":[850,567,844,842,845,847,849,853,843,852,846,848,851],"class_list":["post-4088","post","type-post","status-publish","format-standard","has-post-thumbnail","hentry","category-genel","tag-ahmet-rasit","tag-coronavirus","tag-elmaziye-kamil","tag-haci-ali-dogus","tag-hayri-ergonul","tag-ilyas-gungor","tag-kamil-ahmet","tag-londra-turk","tag-mehmet-abdurrahman","tag-melik-ejder-ulkumen","tag-mustafa-ahmet","tag-sengul-besim","tag-yildiray-faik"],"_links":{"self":[{"href":"https:\/\/by-tv.co.uk\/en\/wp-json\/wp\/v2\/posts\/4088","targetHints":{"allow":["GET"]}}],"collection":[{"href":"https:\/\/by-tv.co.uk\/en\/wp-json\/wp\/v2\/posts"}],"about":[{"href":"https:\/\/by-tv.co.uk\/en\/wp-json\/wp\/v2\/types\/post"}],"author":[{"embeddable":true,"href":"https:\/\/by-tv.co.uk\/en\/wp-json\/wp\/v2\/users\/1"}],"replies":[{"embeddable":true,"href":"https:\/\/by-tv.co.uk\/en\/wp-json\/wp\/v2\/comments?post=4088"}],"version-history":[{"count":0,"href":"https:\/\/by-tv.co.uk\/en\/wp-json\/wp\/v2\/posts\/4088\/revisions"}],"wp:featuredmedia":[{"embeddable":true,"href":"https:\/\/by-tv.co.uk\/en\/wp-json\/wp\/v2\/media\/3913"}],"wp:attachment":[{"href":"https:\/\/by-tv.co.uk\/en\/wp-json\/wp\/v2\/media?parent=4088"}],"wp:term":[{"taxonomy":"category","embeddable":true,"href":"https:\/\/by-tv.co.uk\/en\/wp-json\/wp\/v2\/categories?post=4088"},{"taxonomy":"post_tag","embeddable":true,"href":"https:\/\/by-tv.co.uk\/en\/wp-json\/wp\/v2\/tags?post=4088"}],"curies":[{"name":"wp","href":"https:\/\/api.w.org\/{rel}","templated":true}]}}