{"id":4049,"date":"2020-03-25T00:24:51","date_gmt":"2020-03-24T21:24:51","guid":{"rendered":"https:\/\/by-tv.co.uk\/?p=4049"},"modified":"2020-03-25T00:25:30","modified_gmt":"2020-03-24T21:25:30","slug":"turkiyede-koronavirus-sonucu-yasamini-yitirenlerin-sayisi-44e-ingilterede-422ye-yukseldi","status":"publish","type":"post","link":"https:\/\/by-tv.co.uk\/en\/turkiyede-koronavirus-sonucu-yasamini-yitirenlerin-sayisi-44e-ingilterede-422ye-yukseldi\/","title":{"rendered":"T\u00fcrkiye&#8217;de koronavir\u00fcs sonucu ya\u015fam\u0131n\u0131 yitirenlerin say\u0131s\u0131 44&#8217;e, \u0130ngiltere&#8217;de 422&#8217;ye y\u00fckseldi"},"content":{"rendered":"<p>T\u00fcrkiye&#8217;de Koronavir\u00fcs nedeniyle 7 ki\u015fi daha hayat\u0131n\u0131 kaybetti; 343 ki\u015fiye daha tan\u0131 kondu .\u00d6lenlerin say\u0131s\u0131 44&#8217;e; vaka say\u0131s\u0131 1872&#8217;ye y\u00fckseldi.<\/p>\n<p>D\u00fcnya genelinde vaka say\u0131s\u0131 400 bini a\u015ft\u0131. \u0130ngiltere&#8217;de coronadan dolay\u0131 422 ki\u015fi \u00f6ld\u00fc. Vaka say\u0131s\u0131 ise 8077 oldu.<\/p>\n<p data-reactid=\".ilvyolrexk.3.0.0.1.0.$lx-commentary.$lx-commentary.2.0.1.1:$post-5e7a48b730e3eb065b48e427.1.3.0.0:$post_1\">\u0130ngiltere Sa\u011fl\u0131k Bakan\u0131 Matt Hancock, koronavir\u00fcs salg\u0131n\u0131yla m\u00fccadele s\u0131ras\u0131nda Ulusal Sa\u011fl\u0131k Sistemi (NHS) personeline yard\u0131mc\u0131 olacak 250 bin g\u00f6n\u00fcll\u00fc arad\u0131klar\u0131n\u0131 a\u00e7\u0131klad\u0131.<\/p><div id=\"briti-1681888511\" class=\"briti-icerik\" style=\"margin-top: 5px;margin-bottom: 5px;\"><a href=\"https:\/\/piaryum.com\/services\/\" aria-label=\"piaryum banner\"><img loading=\"lazy\" decoding=\"async\" src=\"https:\/\/by-tv.co.uk\/wp-content\/uploads\/2025\/12\/Gemini_Generated_Image_g5yqr1g5yqr1g5yq.jpg\" alt=\"\"  width=\"2064\" height=\"1152\"   \/><\/a><\/div>\n<p data-reactid=\".ilvyolrexk.3.0.0.1.0.$lx-commentary.$lx-commentary.2.0.1.1:$post-5e7a48b730e3eb065b48e427.1.3.0.0:$post_2\">BBC T\u00fcrk\u00e7e&#8217;nin haberine g\u00f6re Matt Hancock g\u00f6n\u00fcll\u00fclerin, ihtiya\u00e7 sahiplerinin &#8220;al\u0131\u015fveri\u015flerini yapacaklar\u0131n\u0131, ila\u00e7lar\u0131n\u0131 teslim edeceklerini ve onlara destek olacaklar\u0131n\u0131&#8221; s\u00f6yledi.<\/p>\n<p data-reactid=\".ilvyolrexk.3.0.0.1.0.$lx-commentary.$lx-commentary.2.0.1.1:$post-5e7a48b730e3eb065b48e427.1.3.0.0:$post_3\">Hancock ayr\u0131ca ba\u015fkent Londra&#8217;daki uluslararas\u0131 sergi ve kongre merkezi ExCeL Centre&#8217;\u0131 4 bin yatakl\u0131 bir hastaneye \u00e7evireceklerini duyurdu.<\/p>\n<p data-reactid=\".ilvyolrexk.3.0.0.1.0.$lx-commentary.$lx-commentary.2.0.1.1:$post-5e7a48b730e3eb065b48e427.1.3.0.0:$post_4\">\u0130ngiltere h\u00fck\u00fcmeti emekli NHS personelinden i\u015fe d\u00f6nmelerini istemi\u015fti.<\/p>\n<p data-reactid=\".ilvyolrexk.3.0.0.1.0.$lx-commentary.$lx-commentary.2.0.1.1:$post-5e7a48b730e3eb065b48e427.1.3.0.0:$post_5\">Sa\u011fl\u0131k Bakan\u0131 Matt Hancock 11 binde 500&#8217;den fazla NHS personelinin bu \u00e7a\u011fr\u0131ya olumlu yan\u0131t verdi\u011fini a\u00e7\u0131klad\u0131.<\/p>\n<p data-reactid=\".ilvyolrexk.3.0.0.1.0.$lx-commentary.$lx-commentary.2.0.1.1:$post-5e7a48b730e3eb065b48e427.1.3.0.0:$post_6\">Hancock bu ki\u015filerden 2 bin 660&#8217;\u0131n\u0131n doktor, 6 bin 147&#8217;sinin hem\u015fire oldu\u011funu s\u00f6yledi ve yak\u0131nda 18 binden fazla t\u0131p fak\u00fcltesi \u00f6\u011frencisinin de NHS&#8217;e dahil olaca\u011f\u0131n\u0131 kaydetti.<\/p>\n<div id=\"briti-1981349665\" class=\"briti-icerikten-sonra_2\" style=\"margin-top: 25px;margin-bottom: 25px;\"><a href=\"https:\/\/wa.me\/message\/NDZLLIOQT4H3O1\" aria-label=\"bytv reklam banner\"><img loading=\"lazy\" decoding=\"async\" src=\"https:\/\/by-tv.co.uk\/wp-content\/uploads\/2025\/12\/bytv-reklam-banner.jpg\" alt=\"\"  width=\"2376\" height=\"1008\"   \/><\/a><\/div>","protected":false},"excerpt":{"rendered":"<p>T\u00fcrkiye&#8217;de Koronavir\u00fcs nedeniyle 7 ki\u015fi daha hayat\u0131n\u0131 kaybetti; 343 ki\u015fiye daha tan\u0131 kondu .\u00d6lenlerin say\u0131s\u0131 44&#8217;e; vaka say\u0131s\u0131 1872&#8217;ye y\u00fckseldi. D\u00fcnya genelinde vaka say\u0131s\u0131 400 bini a\u015ft\u0131. \u0130ngiltere&#8217;de coronadan dolay\u0131 422 ki\u015fi \u00f6ld\u00fc. Vaka say\u0131s\u0131 ise 8077 oldu. \u0130ngiltere Sa\u011fl\u0131k Bakan\u0131 Matt Hancock, koronavir\u00fcs salg\u0131n\u0131yla m\u00fccadele s\u0131ras\u0131nda Ulusal Sa\u011fl\u0131k Sistemi (NHS) personeline yard\u0131mc\u0131 olacak 250 bin g\u00f6n\u00fcll\u00fc arad\u0131klar\u0131n\u0131 a\u00e7\u0131klad\u0131. BBC T\u00fcrk\u00e7e&#8217;nin haberine g\u00f6re Matt Hancock g\u00f6n\u00fcll\u00fclerin, ihtiya\u00e7 sahiplerinin &#8220;al\u0131\u015fveri\u015flerini yapacaklar\u0131n\u0131, ila\u00e7lar\u0131n\u0131 teslim edeceklerini ve onlara destek olacaklar\u0131n\u0131&#8221; s\u00f6yledi. Hancock ayr\u0131ca ba\u015fkent Londra&#8217;daki uluslararas\u0131 sergi ve kongre merkezi ExCeL Centre&#8217;\u0131 4 bin yatakl\u0131 bir hastaneye \u00e7evireceklerini duyurdu. \u0130ngiltere h\u00fck\u00fcmeti emekli NHS [&hellip;]<\/p>\n","protected":false},"author":1,"featured_media":3960,"comment_status":"open","ping_status":"open","sticky":false,"template":"","format":"standard","meta":{"ngg_post_thumbnail":0,"footnotes":""},"categories":[1],"tags":[],"class_list":["post-4049","post","type-post","status-publish","format-standard","has-post-thumbnail","hentry","category-genel"],"_links":{"self":[{"href":"https:\/\/by-tv.co.uk\/en\/wp-json\/wp\/v2\/posts\/4049","targetHints":{"allow":["GET"]}}],"collection":[{"href":"https:\/\/by-tv.co.uk\/en\/wp-json\/wp\/v2\/posts"}],"about":[{"href":"https:\/\/by-tv.co.uk\/en\/wp-json\/wp\/v2\/types\/post"}],"author":[{"embeddable":true,"href":"https:\/\/by-tv.co.uk\/en\/wp-json\/wp\/v2\/users\/1"}],"replies":[{"embeddable":true,"href":"https:\/\/by-tv.co.uk\/en\/wp-json\/wp\/v2\/comments?post=4049"}],"version-history":[{"count":0,"href":"https:\/\/by-tv.co.uk\/en\/wp-json\/wp\/v2\/posts\/4049\/revisions"}],"wp:featuredmedia":[{"embeddable":true,"href":"https:\/\/by-tv.co.uk\/en\/wp-json\/wp\/v2\/media\/3960"}],"wp:attachment":[{"href":"https:\/\/by-tv.co.uk\/en\/wp-json\/wp\/v2\/media?parent=4049"}],"wp:term":[{"taxonomy":"category","embeddable":true,"href":"https:\/\/by-tv.co.uk\/en\/wp-json\/wp\/v2\/categories?post=4049"},{"taxonomy":"post_tag","embeddable":true,"href":"https:\/\/by-tv.co.uk\/en\/wp-json\/wp\/v2\/tags?post=4049"}],"curies":[{"name":"wp","href":"https:\/\/api.w.org\/{rel}","templated":true}]}}