{"id":4034,"date":"2020-03-24T18:42:18","date_gmt":"2020-03-24T15:42:18","guid":{"rendered":"https:\/\/by-tv.co.uk\/?p=4034"},"modified":"2020-03-24T23:57:27","modified_gmt":"2020-03-24T20:57:27","slug":"coronavirus-yasa-tasarisi-26-mart-2020de-yururluge-girecek-avukat-ali-has-yorumladi","status":"publish","type":"post","link":"https:\/\/by-tv.co.uk\/en\/coronavirus-yasa-tasarisi-26-mart-2020de-yururluge-girecek-avukat-ali-has-yorumladi\/","title":{"rendered":"Coronavirus Yasa Tasar\u0131s\u0131 26 Mart 2020&#8217;de y\u00fcr\u00fcrl\u00fc\u011fe girecek. Avukat Ali Has; yorumlad\u0131"},"content":{"rendered":"<p>Genelge; \u00fclke olarak, hepimiz koronavir\u00fcs\u00fcn yay\u0131lmas\u0131n\u0131 azaltmak i\u00e7in elimizden geleni yapmam\u0131z gerekti\u011fi belirtilen genelgede h\u00fck\u00fcmetin uygulad\u0131\u011f\u0131 soka\u011fa \u00e7\u0131kma kurallar\u0131na kesinlikle uyulmas\u0131n\u0131n gerekti\u011fi belirtiliyor.<br \/>\nHayati olmayan b\u00fct\u00fcn yerlerin t\u00fcm gerekli olmayan tesisler \u015fimdi kapanmal\u0131d\u0131r. Paket servisi ve teslimat hizmetleri 20 Mart Cuma g\u00fcn ki rehberlik do\u011frultusunda a\u00e7\u0131k ve \u00e7al\u0131\u015f\u0131r durumda kalabilir. Online perakende sat\u0131\u015f a\u00e7\u0131k ve posta ve teslimat hizmeti normal \u015fekilde \u00e7al\u0131\u015facakt\u0131r.<\/p>\n<p>\u00d6te yandan h\u00fck\u00fcmetin bu s\u00fcre\u00e7te \u00e7al\u0131\u015famayan ki\u015filer ve kapal\u0131 kalan i\u015fletmeler i\u00e7in daha \u00f6nce a\u00e7\u0131klad\u0131\u011f\u0131 maddi desteklerin detaylar\u0131 da belli olmaya ba\u015flad\u0131. \u0130ngiltere h\u00fck\u00fcmetinin &#8221;Coronavirus Bill&#8221; ba\u015fl\u0131kl\u0131 yasa tasar\u0131s\u0131n\u0131 <a href=\"http:\/\/www.morganhassolicitors.co.uk\" target=\"_blank\" rel=\"noopener\">Morgan Has Solicitors \u00a0<\/a>y\u00f6neticisi avukat Ali Has yorumlad\u0131.<\/p>\n<h6><strong>*Ali Has \/ <\/strong>Avukat, Morgan Has Solicitors<\/h6>\n<h4><span style=\"font-size: 1.21429rem;\">*Covid-19 vir\u00fcs\u00fc ve toplumumuzu etkileyen yeni yasal d\u00fczenlemeler.<\/span><\/h4>\n<div class=\"o9v6fnle cxmmr5t8 oygrvhab hcukyx3x c1et5uql\">\n<div dir=\"auto\">Covid-19 vir\u00fcs\u00fcn\u00fcn da\u011f\u0131lmamas\u0131 amac\u0131 ile d\u00fcnyada bir \u00e7ok \u00fclkede oldu\u011fu gibi \u0130ngiltere&#8217;de de acil ve ola\u011fan\u00fcst\u00fc \u00f6nlemler al\u0131nmakta. Durumun ciddiyetini bunlar\u0131n en sert hali ile d\u00fcn ak\u015fam \u0130ngiltere&#8217;de uygulamaya konan s\u0131n\u0131rl\u0131 soka\u011fa \u00e7\u0131kma yasa\u011f\u0131 ile g\u00f6rebiliyoruz. \u015e\u00fcphesiz hepimizin \u00f6nceli\u011fi kendimizin ve sevdiklerimizin sa\u011fl\u0131k durumlar\u0131 ve sa\u011fl\u0131kl\u0131 kalmalar\u0131.\u00a0Fakat s\u00f6z konusu ola\u011fan\u00fcst\u00fc \u00f6nlemler beraberli\u011finde bireysel, kurumsal ve sosyal ya\u015famlar\u0131m\u0131zda ola\u011fan\u00fcst\u00fc de\u011fi\u015fiklikler de getiriyor ve bunlar\u0131n etkilerini \u00f6n\u00fcm\u00fczdeki hafta ve aylarda daha fazla hissedece\u011fiz. Bu ba\u011flamda bu yaz\u0131da umar\u0131m kafa kar\u0131\u015f\u0131kl\u0131\u011f\u0131 yaratan \u015feyleri biraz da olsa toparlayabilir veya baz\u0131 soru i\u015faretlerine cevap olabilirim.<\/div>\n<\/div>\n<div dir=\"auto\"><\/div>\n<div dir=\"auto\"><img loading=\"lazy\" decoding=\"async\" class=\"size-full wp-image-4044 aligncenter\" src=\"https:\/\/by-tv.co.uk\/wp-content\/uploads\/2020\/03\/WhatsApp-Image-2020-03-24-at-15.38.19.jpeg\" alt=\"\" width=\"1600\" height=\"1066\" title=\"\"><\/div>\n<h4 dir=\"auto\">Coronavirus <a href=\"https:\/\/publications.parliament.uk\/pa\/bills\/cbill\/58-01\/0122\/amend\/coronavirus_daily_cwh_0320rev.pdf?fbclid=IwAR36z90QbhxJUREkT3O0bN5G96ouz1dkAQeHPFxncJPz8HcfLD2nAT6wXAI\" target=\"_blank\" rel=\"noopener\">Yasa Tasar\u0131s\u0131<\/a> 26 Mart 2020&#8217;de y\u00fcr\u00fcrl\u00fc\u011fe girecek.<\/h4>\n<div dir=\"auto\"><\/div>\n<div class=\"o9v6fnle cxmmr5t8 oygrvhab hcukyx3x c1et5uql\">\n<div dir=\"auto\">\u00d6ncelikle, ola\u011fan\u00fcst\u00fc \u00f6nlemleri yasala\u015ft\u0131ran yeni yasa tasar\u0131s\u0131 26 Mart 2020 tarihinde y\u00fcr\u00fcrl\u00fc\u011fe girecektir ve mevcut g\u00f6\u00e7men toplumu \u00fczerindeki etkilerini \u015f\u00f6yle s\u0131ralayabiliriz;<\/div>\n<\/div>\n<div dir=\"auto\"><\/div>\n<h4 dir=\"auto\">Ankara anla\u015fmal\u0131lar da devlet yard\u0131mlar\u0131ndan faydalanabilecek.<\/h4>\n<div dir=\"auto\"><span style=\"font-size: 1.21429rem;\">G\u00f6\u00e7menlerin (Ankara Antla\u015fmal\u0131lar dahil) vize ve ge\u00e7ici oturumlar\u0131ndaki \u201cdevlet yard\u0131mlar\u0131ndan yararlanamaz\u201d anlam\u0131na gelen \u201cNo Recourse to Public Funds\u201d ibaresinin Covid-19 ile m\u00fccadeleye negatif etkilerini minimalize edebilmek i\u00e7in bu ibarenin ge\u00e7ici bir s\u00fcre ask\u0131ya al\u0131nmas\u0131 \u00f6ng\u00f6r\u00fclmekte \u015fu an. Bu ba\u011flamda Ankara Anla\u015fmal\u0131lar ve bu ibareden \u00f6t\u00fcr\u00fc \u00f6nceden devlet yard\u0131mlar\u0131ndan faydalanamayanlar ge\u00e7ici bir s\u00fcreli\u011fine faydalanabileceklerdir.<\/span><\/div>\n<div dir=\"auto\"><\/div>\n<h4 dir=\"auto\">Self-employedlar bu yasadan faydalanabilecek mi?<\/h4>\n<div dir=\"auto\"><span style=\"font-size: 1.21429rem;\">\u00a0Self-employed olarak \u00e7al\u0131\u015fanlara bir minimum gelir sa\u011flanmas\u0131n\u0131 \u00f6ng\u00f6ren bir madde de mevcut. Buna g\u00f6re, self-employed olarak \u00e7al\u0131\u015fan insanlar\u0131n son 3 y\u0131ll\u0131k hesaplar\u0131 baz al\u0131narak, ayl\u0131k net gelirlerinin %80\u2019i oran\u0131nda veya ayda \u00a32,917 (ikisinin aras\u0131nda hangisi daha d\u00fc\u015f\u00fckse) \u00f6deme yap\u0131lmas\u0131 \u00f6ng\u00f6r\u00fcl\u00fcyor. Bu madde ve hem de \u201cNo Recourse to Public Funds\u201d maddesi yasala\u015f\u0131rsa Ankara Anla\u015fmal\u0131lar ve di\u011fer g\u00f6\u00e7menler de bu yard\u0131mdan faydalanabileceklerdir.<\/span><\/div>\n<h4 dir=\"auto\">Vize ve ge\u00e7ici oturumlar uzat\u0131lacak m\u0131?<\/h4>\n<div class=\"o9v6fnle cxmmr5t8 oygrvhab hcukyx3x c1et5uql\">\n<div dir=\"auto\">Vize ve ge\u00e7ici oturumlar\u0131n otomatik olarak uzat\u0131lmas\u0131yla ilgili olarak da, yasala\u015fmas\u0131 halinde ge\u00e7ici oturumlar bu ola\u011fan\u00fcst\u00fc hal ortadan kalk\u0131ncaya kadar otomatik olarak uzayacakt\u0131r.<\/div>\n<div dir=\"auto\"><span style=\"font-family: -apple-system, BlinkMacSystemFont, 'Segoe UI', Roboto, Oxygen-Sans, Ubuntu, Cantarell, 'Helvetica Neue', sans-serif; font-size: 1.44em; font-weight: bold;\">Kira \u00f6deyenlerin durumu ne olacak?<\/span><\/div>\n<div dir=\"auto\"><\/div>\n<\/div>\n<div class=\"o9v6fnle cxmmr5t8 oygrvhab hcukyx3x c1et5uql\">\n<div dir=\"auto\">Bir di\u011fer d\u00fczenleme olarak, ev kiras\u0131 ve i\u015fyeri kiralar\u0131n\u0131n 3 ayl\u0131\u011f\u0131na ask\u0131ya al\u0131nmas\u0131n\u0131 \u00f6ng\u00f6ren bir d\u00fczenleme de yine bu yasa tasar\u0131s\u0131ndaki maddeler aras\u0131nda. Buna g\u00f6re d\u00fckkan veya ev sahibi 3 ayl\u0131k bir s\u00fcre boyunca lease\/tenancy iptalleri i\u00e7in kira \u00f6denmemesini sebep olarak kullanalamayacak. Yanl\u0131\u015f anla\u015f\u0131lmamas\u0131 a\u00e7\u0131s\u0131ndan belirtmek gerekir ki; bu madde 3 ayl\u0131k kiray\u0131 iptal etmiyor, 3 ayl\u0131\u011f\u0131na ask\u0131ya al\u0131yor.<\/div>\n<\/div>\n<div dir=\"auto\"><\/div>\n<h4 dir=\"auto\">\u0130\u015fletme sahipleri hangi haklardan yararlanabilecek?<\/h4>\n<div dir=\"auto\"><\/div>\n<div class=\"o9v6fnle cxmmr5t8 oygrvhab hcukyx3x c1et5uql\">\n<div dir=\"auto\">Son olarak, ge\u00e7en hafta hepimizin izledi\u011fi \u00fczere, i\u015fletme sahiplerine de baz\u0131 esneklikler getirilecek. Buna g\u00f6re e\u011fer bir i\u015fletmenin y\u0131ll\u0131k &#8221;rateable value&#8221; (vergi i\u00e7in bi\u00e7ilen de\u011fer) \u00a351,000.000 veya alt\u0131ndaysa hem 12 ay boyunca buisiness rates\u2019den muaf olacak hem de \u00a325,000.00\u2019lik bir grant (hibe) \u00f6demesine ba\u015fvurabilecek. Bunun yan\u0131s\u0131ra devlet destekli yine esnek ve uygun ko\u015fullarda olan kredi ba\u015fvurular\u0131 yapabilecekler. Bu kredinin 12 ay boyunca faizi olmayacak. Bunun yan\u0131 s\u0131ra \u015fu an bulundu\u011fumuz \u00e7eyrek VAT \u00f6denmesi beklenmemekte ve bu \u00f6deme 2021 y\u0131l\u0131na ertelenebilecektir. Ayr\u0131ca i\u015f\u00e7i kadrosu e\u011fer Covid-19\u2019dan \u00f6t\u00fcr\u00fc \u00e7al\u0131\u015famaz durumdaysa i\u015f\u00e7ileri i\u015flerinden etmeme \u015fart\u0131 ile ayl\u0131k \u00a32500.00\u2019a kadar maa\u015flar\u0131n\u0131 kar\u015f\u0131lanaca\u011f\u0131 yeni d\u00fczenlemeler de mevcut.<\/div>\n<div dir=\"auto\"><\/div>\n<\/div>\n<div class=\"o9v6fnle cxmmr5t8 oygrvhab hcukyx3x c1et5uql\">\n<div dir=\"auto\">Takdir edece\u011finiz \u00fczere, devlet taraf\u0131ndan yap\u0131lan a\u00e7\u0131klamalar bir nebze mu\u011flakl\u0131k i\u00e7ermekte. Bunun temel sebebi \u0130ngiltere dahil t\u00fcm \u00fclkelerin Covid-19\u2019a haz\u0131rl\u0131ks\u0131z yakalanmalar\u0131d\u0131r. Bundan \u00f6t\u00fcr\u00fc yukar\u0131da belirtiklerimi \u2018yasal hak\u2019 veya \u2018yasal tavsiye\u2019 olarak yazm\u0131yorum. Yasal d\u00fczenleme ancak y\u00fcr\u00fcrl\u00fc\u011fe girdi\u011finde yasal niteli\u011fe kavu\u015facakt\u0131r. &#8221;<\/div>\n<\/div>\n<div dir=\"auto\"><\/div>\n<div dir=\"auto\"><\/div>\n<div dir=\"auto\"><strong>MORGAN HAS SOLICITORS<\/strong><\/div>\n<div dir=\"auto\"><a href=\"http:\/\/www.morganhassolicitors.co.uk\" target=\"_blank\" rel=\"noopener\">www.morganhassolicitors.co.uk<\/a><\/div>\n<div dir=\"auto\">\n<div>123 Stoke Newington Road London N16 8BT<\/div>\n<div>E: info@morganhas.co.uk<\/div>\n<div>T: 020 7249 1337<\/div>\n<div>Telephone:07932374515<br \/>\nEmail:ali@morganhas.co.uk<\/div>\n<\/div>\n<div id=\"briti-82963838\" class=\"briti-icerikten-sonra_2\" style=\"margin-top: 25px;margin-bottom: 25px;\"><a href=\"https:\/\/wa.me\/message\/NDZLLIOQT4H3O1\" aria-label=\"bytv reklam banner\"><img loading=\"lazy\" decoding=\"async\" src=\"https:\/\/by-tv.co.uk\/wp-content\/uploads\/2025\/12\/bytv-reklam-banner.jpg\" alt=\"\"  width=\"2376\" height=\"1008\"   \/><\/a><\/div>","protected":false},"excerpt":{"rendered":"<p>Genelge; \u00fclke olarak, hepimiz koronavir\u00fcs\u00fcn yay\u0131lmas\u0131n\u0131 azaltmak i\u00e7in elimizden geleni yapmam\u0131z gerekti\u011fi belirtilen genelgede h\u00fck\u00fcmetin uygulad\u0131\u011f\u0131 soka\u011fa \u00e7\u0131kma kurallar\u0131na kesinlikle uyulmas\u0131n\u0131n gerekti\u011fi belirtiliyor. Hayati olmayan b\u00fct\u00fcn yerlerin t\u00fcm gerekli olmayan tesisler \u015fimdi kapanmal\u0131d\u0131r. Paket servisi ve teslimat hizmetleri 20 Mart Cuma g\u00fcn ki rehberlik do\u011frultusunda a\u00e7\u0131k ve \u00e7al\u0131\u015f\u0131r durumda kalabilir. Online perakende sat\u0131\u015f a\u00e7\u0131k ve posta ve teslimat hizmeti normal \u015fekilde \u00e7al\u0131\u015facakt\u0131r. \u00d6te yandan h\u00fck\u00fcmetin bu s\u00fcre\u00e7te \u00e7al\u0131\u015famayan ki\u015filer ve kapal\u0131 kalan i\u015fletmeler i\u00e7in daha \u00f6nce a\u00e7\u0131klad\u0131\u011f\u0131 maddi desteklerin detaylar\u0131 da belli olmaya ba\u015flad\u0131. \u0130ngiltere h\u00fck\u00fcmetinin &#8221;Coronavirus Bill&#8221; ba\u015fl\u0131kl\u0131 yasa tasar\u0131s\u0131n\u0131 Morgan Has Solicitors \u00a0y\u00f6neticisi avukat Ali Has yorumlad\u0131. *Ali [&hellip;]<\/p>\n","protected":false},"author":1,"featured_media":4045,"comment_status":"open","ping_status":"open","sticky":false,"template":"","format":"standard","meta":{"ngg_post_thumbnail":0,"footnotes":""},"categories":[1],"tags":[836,417,567,834,835,837],"class_list":["post-4034","post","type-post","status-publish","format-standard","has-post-thumbnail","hentry","category-genel","tag-ali-has","tag-boris-johnson","tag-coronavirus","tag-covid-19-bill","tag-devlet-yardimi","tag-morgan-solicitors"],"_links":{"self":[{"href":"https:\/\/by-tv.co.uk\/en\/wp-json\/wp\/v2\/posts\/4034","targetHints":{"allow":["GET"]}}],"collection":[{"href":"https:\/\/by-tv.co.uk\/en\/wp-json\/wp\/v2\/posts"}],"about":[{"href":"https:\/\/by-tv.co.uk\/en\/wp-json\/wp\/v2\/types\/post"}],"author":[{"embeddable":true,"href":"https:\/\/by-tv.co.uk\/en\/wp-json\/wp\/v2\/users\/1"}],"replies":[{"embeddable":true,"href":"https:\/\/by-tv.co.uk\/en\/wp-json\/wp\/v2\/comments?post=4034"}],"version-history":[{"count":0,"href":"https:\/\/by-tv.co.uk\/en\/wp-json\/wp\/v2\/posts\/4034\/revisions"}],"wp:featuredmedia":[{"embeddable":true,"href":"https:\/\/by-tv.co.uk\/en\/wp-json\/wp\/v2\/media\/4045"}],"wp:attachment":[{"href":"https:\/\/by-tv.co.uk\/en\/wp-json\/wp\/v2\/media?parent=4034"}],"wp:term":[{"taxonomy":"category","embeddable":true,"href":"https:\/\/by-tv.co.uk\/en\/wp-json\/wp\/v2\/categories?post=4034"},{"taxonomy":"post_tag","embeddable":true,"href":"https:\/\/by-tv.co.uk\/en\/wp-json\/wp\/v2\/tags?post=4034"}],"curies":[{"name":"wp","href":"https:\/\/api.w.org\/{rel}","templated":true}]}}