{"id":39968,"date":"2026-09-06T19:27:47","date_gmt":"2026-09-06T18:27:47","guid":{"rendered":"https:\/\/by-tv.co.uk\/?p=39968"},"modified":"2026-09-06T19:27:47","modified_gmt":"2026-09-06T18:27:47","slug":"mustafa-sevenin-nasip-sergisi-londrada","status":"publish","type":"post","link":"https:\/\/by-tv.co.uk\/en\/mustafa-sevenin-nasip-sergisi-londrada\/","title":{"rendered":"Mustafa Seven\u2019\u0131n \u2018NAS\u0130P\u2019 sergisi Londra\u2019da"},"content":{"rendered":"<p><span style=\"font-weight: 400;\">Versus Arts Gallery, T\u00fcrk foto\u011fraf\u00e7\u0131 <\/span><b>Mustafa Seven\u2019\u0131n NAS\u0130P<\/b><span style=\"font-weight: 400;\">&nbsp;ba\u015fl\u0131kl\u0131 ki\u015fisel foto\u011fraf sergisini 12\u201326 Eyl\u00fcl 2026 tarihleri aras\u0131nda Londra\u2019da izleyiciyle bulu\u015fturuyor. Dr. Nilay \u0130\u015flek k\u00fcrat\u00f6rl\u00fc\u011f\u00fcnde ger\u00e7ekle\u015fen sergi, Seven\u2019\u0131n uzun y\u0131llar boyunca \u0130stanbul sokaklar\u0131nda \u00fcretti\u011fi foto\u011fraflar \u00fczerinden kar\u015f\u0131la\u015fma, rastlant\u0131, g\u00f6rme ve modern kentte birlikte ya\u015fama deneyimini oda\u011f\u0131na al\u0131yor.<\/span><\/p>\n<p><img loading=\"lazy\" decoding=\"async\" class=\"alignnone size-full wp-image-39970\" src=\"https:\/\/by-tv.co.uk\/wp-content\/uploads\/2026\/09\/mustafa-seen-nasip.jpeg\" alt=\"\" width=\"1066\" height=\"1600\" title=\"\"><\/p>\n<p><span style=\"font-weight: 400;\">Londonist DMC, Impervia Group ve Dilara Arslan sponsorlu\u011funda ger\u00e7ekle\u015fen <\/span><i><span style=\"font-weight: 400;\">NAS\u0130P<\/span><\/i><span style=\"font-weight: 400;\">, \u0130stanbul\u2019u yaln\u0131zca foto\u011fraflanan bir \u015fehir olarak de\u011fil, farkl\u0131 hayatlar\u0131n, zamanlar\u0131n ve olas\u0131l\u0131klar\u0131n s\u00fcrekli kesi\u015fti\u011fi canl\u0131 bir alan olarak ele al\u0131yor. Seven\u2019\u0131n foto\u011fraflar\u0131nda sokaklar, meydanlar, vapurlar ve k\u0131y\u0131lar birer arka plan olmaktan \u00e7\u0131kar; insanlar\u0131n g\u00fcndelik hareketleriyle s\u00fcrekli yeniden kurulan toplumsal mek\u00e2nlara d\u00f6n\u00fc\u015f\u00fcr. Bir bak\u0131\u015f, bir bekleyi\u015f, yan yana gelen yabanc\u0131lar ya da kalabal\u0131\u011f\u0131n i\u00e7inde bir anl\u0131\u011f\u0131na olu\u015fan yak\u0131nl\u0131klar, kent ya\u015fam\u0131n\u0131n \u00e7o\u011fu zaman fark edilmeden ge\u00e7en ili\u015fkilerini g\u00f6r\u00fcn\u00fcr k\u0131lar.<\/span><\/p>\n<p><img loading=\"lazy\" decoding=\"async\" class=\"alignnone size-full wp-image-39969\" src=\"https:\/\/by-tv.co.uk\/wp-content\/uploads\/2026\/09\/mustafa-seven-2.jpeg\" alt=\"\" width=\"1600\" height=\"1200\" title=\"\"><\/p>\n<p><span style=\"font-weight: 400;\">Serginin ad\u0131n\u0131 ald\u0131\u011f\u0131 T\u00fcrk\u00e7e&nbsp;<\/span><b>\u201cnasip\u201d<\/b><span style=\"font-weight: 400;\">&nbsp;kelimesinin \u0130ngilizcede tam bir kar\u015f\u0131l\u0131\u011f\u0131 bulunmuyor.&nbsp;<\/span><i><span style=\"font-weight: 400;\">Fate, chance, serendipity<\/span><\/i><span style=\"font-weight: 400;\">&nbsp;ya da&nbsp;<\/span><i><span style=\"font-weight: 400;\">contingency<\/span><\/i><span style=\"font-weight: 400;\">&nbsp;gibi kavramlar kelimenin anlam alan\u0131na yakla\u015fsa da hi\u00e7biri onu b\u00fct\u00fcn\u00fcyle kar\u015f\u0131lam\u0131yor. Nasip; olas\u0131l\u0131k, zamanlama, kar\u015f\u0131la\u015fma ve insan\u0131n kontrol\u00fc d\u0131\u015f\u0131nda geli\u015fen ko\u015fullarla kurdu\u011fu ili\u015fkiyi ayn\u0131 anda i\u00e7inde bar\u0131nd\u0131r\u0131yor. Bu nedenle serginin ad\u0131 uluslararas\u0131 dola\u015f\u0131m\u0131nda da T\u00fcrk\u00e7e bi\u00e7imiyle korunuyor.<\/span><\/p><div id=\"briti-238449700\" class=\"briti-icerik\" style=\"margin-top: 5px;margin-bottom: 5px;\"><a href=\"https:\/\/piaryum.com\/services\/\" aria-label=\"piaryum banner\"><img loading=\"lazy\" decoding=\"async\" src=\"https:\/\/by-tv.co.uk\/wp-content\/uploads\/2025\/12\/Gemini_Generated_Image_g5yqr1g5yqr1g5yq.jpg\" alt=\"\"  width=\"2064\" height=\"1152\"   \/><\/a><\/div>\n<p><span style=\"font-weight: 400;\">Serginin k\u00fcrat\u00f6ryel yakla\u015f\u0131m\u0131n\u0131n merkezinde ise&nbsp;<\/span><b>bakmak ile g\u00f6rmek aras\u0131ndaki ayr\u0131m<\/b><span style=\"font-weight: 400;\">&nbsp;yer al\u0131yor. Kent ya\u015fam\u0131nda her g\u00fcn binlerce insan, g\u00f6r\u00fcnt\u00fc ve olayla kar\u015f\u0131la\u015f\u0131rken bunlar\u0131n yaln\u0131zca k\u00fc\u00e7\u00fck bir b\u00f6l\u00fcm\u00fc bizim i\u00e7in ger\u00e7ekten g\u00f6r\u00fcn\u00fcr h\u00e2le geliyor. Seven\u2019\u0131n foto\u011fraf prati\u011fi, g\u00fcndelik hayat\u0131n ola\u011fan ak\u0131\u015f\u0131 i\u00e7erisinde kolayl\u0131kla g\u00f6zden ka\u00e7abilecek bu anlara y\u00f6neliyor. Foto\u011fraf b\u00f6ylece yaln\u0131zca ger\u00e7ekle\u015fmi\u015f bir an\u0131n kayd\u0131 de\u011fil; foto\u011fraf\u00e7\u0131n\u0131n dikkatinin, zaman\u0131n ve rastlant\u0131n\u0131n kesi\u015fti\u011fi bir kar\u015f\u0131la\u015fma alan\u0131na d\u00f6n\u00fc\u015f\u00fcyor.<\/span><\/p>\n<p><span style=\"font-weight: 400;\">K\u00fcrat\u00f6r Dr. Nilay \u0130\u015flek serginin kavramsal yakla\u015f\u0131m\u0131n\u0131 \u015fu s\u00f6zlerle ifade ediyor:<\/span><\/p>\n<p><b>\u201cBir kar\u015f\u0131la\u015fman\u0131n ger\u00e7ekle\u015fmesi rastlant\u0131 olabilir. Fakat onu fark etmek ba\u015fka bir \u015feydir. NAS\u0130P, tam da rastlant\u0131n\u0131n fark\u0131ndal\u0131kla ve bak\u0131\u015f\u0131n g\u00f6rmeyle kesi\u015fti\u011fi o k\u0131sa anda ortaya \u00e7\u0131k\u0131yor.\u201d<\/b><\/p>\n<p><span style=\"font-weight: 400;\">\u0130stanbul\u2019un yo\u011fun, katmanl\u0131 ve s\u00fcrekli d\u00f6n\u00fc\u015fen kamusal ya\u015fam\u0131ndan do\u011fan bu foto\u011fraflar, yaln\u0131zca belirli bir \u015fehrin hik\u00e2yesini anlatm\u0131yor.&nbsp;<\/span><i><span style=\"font-weight: 400;\">NAS\u0130P<\/span><\/i><span style=\"font-weight: 400;\">, \u0130stanbul \u00fczerinden daha evrensel bir soruya y\u00f6neliyor: Bir \u015fehirde ba\u015fkalar\u0131yla birlikte var olmak ne anlama gelir?<\/span><\/p>\n<p><span style=\"font-weight: 400;\">Serginin uluslararas\u0131 yolculu\u011funa&nbsp;<\/span><b>Londra\u2019da<\/b><span style=\"font-weight: 400;\">&nbsp;ba\u015flamas\u0131 da bu ba\u011flamda \u00f6zel bir anlam ta\u015f\u0131yor. \u0130stanbul gibi Londra da farkl\u0131 k\u00fclt\u00fcrlerin, dillerin, g\u00f6\u00e7 hik\u00e2yelerinin ve ya\u015fam deneyimlerinin s\u00fcrekli kar\u015f\u0131la\u015ft\u0131\u011f\u0131 ve birbirini d\u00f6n\u00fc\u015ft\u00fcrd\u00fc\u011f\u00fc kozmopolit bir kent.&nbsp;<\/span><i><span style=\"font-weight: 400;\">NAS\u0130P<\/span><\/i><span style=\"font-weight: 400;\">\u2019in \u0130stanbul\u2019da ger\u00e7ekle\u015fmi\u015f anlar\u0131 Londra\u2019daki izleyiciyle bulu\u015fturmas\u0131, foto\u011fraf\u0131n farkl\u0131 co\u011frafyalar ve deneyimler aras\u0131nda yeni kar\u015f\u0131la\u015fmalar \u00fcretme potansiyelini de serginin bir par\u00e7as\u0131 h\u00e2line getiriyor.<\/span><\/p>\n<p><i><span style=\"font-weight: 400;\">NAS\u0130P<\/span><\/i><span style=\"font-weight: 400;\">, izleyiciyi yaln\u0131zca \u0130stanbul\u2019a bakmaya de\u011fil;&nbsp;<\/span><b>g\u00f6rmek, g\u00f6r\u00fcn\u00fcr olmak, kar\u015f\u0131la\u015fmak ve ayn\u0131 d\u00fcnyay\u0131 ba\u015fkalar\u0131yla payla\u015fmak<\/b><span style=\"font-weight: 400;\">&nbsp;\u00fczerine yeniden d\u00fc\u015f\u00fcnmeye davet ediyor.<\/span><\/p>\n<p><b>SERG\u0130 B\u0130LG\u0130LER\u0130<\/b><\/p>\n<p><b>Sanat\u00e7\u0131:<\/b><span style=\"font-weight: 400;\">&nbsp;Mustafa Seven<\/span><span style=\"font-weight: 400;\"><br \/>\n<\/span><b>Sergi:<\/b><span style=\"font-weight: 400;\">&nbsp;NAS\u0130P<\/span><span style=\"font-weight: 400;\"><br \/>\n<\/span><b>K\u00fcrat\u00f6r:<\/b><span style=\"font-weight: 400;\">&nbsp;Dr. Nilay \u0130\u015flek<\/span><span style=\"font-weight: 400;\"><br \/>\n<\/span><b>Sanat\u00e7\u0131 Menajeri:<\/b><span style=\"font-weight: 400;\">&nbsp;Onur Ovac\u0131k<\/span><span style=\"font-weight: 400;\"><br \/>\n<\/span><b>Tarih:<\/b><span style=\"font-weight: 400;\">&nbsp;12\u201326 Eyl\u00fcl 2026<\/span><span style=\"font-weight: 400;\"><br \/>\n<\/span><b>Mek\u00e2n:<\/b><span style=\"font-weight: 400;\">&nbsp;Versus Arts Gallery<\/span><span style=\"font-weight: 400;\"><br \/>\n<\/span><b>Adres:<\/b><span style=\"font-weight: 400;\">&nbsp;114A Lower Clapton Rd, London E5 0QR<\/span><span style=\"font-weight: 400;\"><br \/>\n<\/span><b>Web:<\/b><span style=\"font-weight: 400;\">&nbsp;<\/span><a href=\"http:\/\/www.versusarts.com\/\" target=\"_blank\" rel=\"noopener\"><span style=\"font-weight: 400;\">www.versusarts.com<\/span><span style=\"font-weight: 400;\"><br \/>\n<\/span><\/a><b>\u0130leti\u015fim:<\/b><span style=\"font-weight: 400;\">&nbsp;<\/span><a href=\"mailto:info@versusarts.com\"><span style=\"font-weight: 400;\">info@versusarts.com<\/span><\/a><\/p>\n<div id=\"briti-2701909226\" class=\"briti-icerikten-sonra_2\" style=\"margin-top: 25px;margin-bottom: 25px;\"><a href=\"https:\/\/wa.me\/message\/NDZLLIOQT4H3O1\" aria-label=\"bytv reklam banner\"><img loading=\"lazy\" decoding=\"async\" src=\"https:\/\/by-tv.co.uk\/wp-content\/uploads\/2025\/12\/bytv-reklam-banner.jpg\" alt=\"\"  width=\"2376\" height=\"1008\"   \/><\/a><\/div>","protected":false},"excerpt":{"rendered":"<p>Versus Arts Gallery, T\u00fcrk foto\u011fraf\u00e7\u0131 Mustafa Seven\u2019\u0131n NAS\u0130P&nbsp;ba\u015fl\u0131kl\u0131 ki\u015fisel foto\u011fraf sergisini 12\u201326 Eyl\u00fcl 2026 tarihleri aras\u0131nda Londra\u2019da izleyiciyle bulu\u015fturuyor. Dr. Nilay \u0130\u015flek k\u00fcrat\u00f6rl\u00fc\u011f\u00fcnde ger\u00e7ekle\u015fen sergi, Seven\u2019\u0131n uzun y\u0131llar boyunca \u0130stanbul sokaklar\u0131nda \u00fcretti\u011fi foto\u011fraflar \u00fczerinden kar\u015f\u0131la\u015fma, rastlant\u0131, g\u00f6rme ve modern kentte birlikte ya\u015fama deneyimini oda\u011f\u0131na al\u0131yor. Londonist DMC, Impervia Group ve Dilara Arslan sponsorlu\u011funda ger\u00e7ekle\u015fen NAS\u0130P, \u0130stanbul\u2019u yaln\u0131zca foto\u011fraflanan bir \u015fehir olarak de\u011fil, farkl\u0131 hayatlar\u0131n, zamanlar\u0131n ve olas\u0131l\u0131klar\u0131n s\u00fcrekli kesi\u015fti\u011fi canl\u0131 bir alan olarak ele al\u0131yor. Seven\u2019\u0131n foto\u011fraflar\u0131nda sokaklar, meydanlar, vapurlar ve k\u0131y\u0131lar birer arka plan olmaktan \u00e7\u0131kar; insanlar\u0131n g\u00fcndelik hareketleriyle s\u00fcrekli yeniden kurulan toplumsal mek\u00e2nlara d\u00f6n\u00fc\u015f\u00fcr. Bir bak\u0131\u015f, bir bekleyi\u015f, [&hellip;]<\/p>\n","protected":false},"author":11,"featured_media":39971,"comment_status":"open","ping_status":"open","sticky":false,"template":"","format":"standard","meta":{"ngg_post_thumbnail":0,"footnotes":""},"categories":[1],"tags":[],"class_list":["post-39968","post","type-post","status-publish","format-standard","has-post-thumbnail","hentry","category-genel"],"_links":{"self":[{"href":"https:\/\/by-tv.co.uk\/en\/wp-json\/wp\/v2\/posts\/39968","targetHints":{"allow":["GET"]}}],"collection":[{"href":"https:\/\/by-tv.co.uk\/en\/wp-json\/wp\/v2\/posts"}],"about":[{"href":"https:\/\/by-tv.co.uk\/en\/wp-json\/wp\/v2\/types\/post"}],"author":[{"embeddable":true,"href":"https:\/\/by-tv.co.uk\/en\/wp-json\/wp\/v2\/users\/11"}],"replies":[{"embeddable":true,"href":"https:\/\/by-tv.co.uk\/en\/wp-json\/wp\/v2\/comments?post=39968"}],"version-history":[{"count":1,"href":"https:\/\/by-tv.co.uk\/en\/wp-json\/wp\/v2\/posts\/39968\/revisions"}],"predecessor-version":[{"id":39972,"href":"https:\/\/by-tv.co.uk\/en\/wp-json\/wp\/v2\/posts\/39968\/revisions\/39972"}],"wp:featuredmedia":[{"embeddable":true,"href":"https:\/\/by-tv.co.uk\/en\/wp-json\/wp\/v2\/media\/39971"}],"wp:attachment":[{"href":"https:\/\/by-tv.co.uk\/en\/wp-json\/wp\/v2\/media?parent=39968"}],"wp:term":[{"taxonomy":"category","embeddable":true,"href":"https:\/\/by-tv.co.uk\/en\/wp-json\/wp\/v2\/categories?post=39968"},{"taxonomy":"post_tag","embeddable":true,"href":"https:\/\/by-tv.co.uk\/en\/wp-json\/wp\/v2\/tags?post=39968"}],"curies":[{"name":"wp","href":"https:\/\/api.w.org\/{rel}","templated":true}]}}