{"id":39961,"date":"2026-09-04T19:59:32","date_gmt":"2026-09-04T18:59:32","guid":{"rendered":"https:\/\/by-tv.co.uk\/?p=39961"},"modified":"2026-09-04T20:05:48","modified_gmt":"2026-09-04T19:05:48","slug":"reform-ukdeki-bagis-krizi-faragein-yillik-konferansini-golgede-birakti","status":"publish","type":"post","link":"https:\/\/by-tv.co.uk\/en\/reform-ukdeki-bagis-krizi-faragein-yillik-konferansini-golgede-birakti\/","title":{"rendered":"Reform UK\u2019deki ba\u011f\u0131\u015f krizi Farage\u2019\u0131n y\u0131ll\u0131k konferans\u0131n\u0131 g\u00f6lgede b\u0131rakt\u0131"},"content":{"rendered":"<p><span style=\"font-family: Georgia, 'Times New Roman', 'Bitstream Charter', Times, serif; font-size: 1.21429rem; font-weight: 400;\">Nigel Farage liderli\u011findeki <\/span><strong style=\"font-family: Georgia, 'Times New Roman', 'Bitstream Charter', Times, serif; font-size: 1.21429rem;\">Reform UK<\/strong><span style=\"font-family: Georgia, 'Times New Roman', 'Bitstream Charter', Times, serif; font-size: 1.21429rem; font-weight: 400;\">, parti finansman\u0131na ili\u015fkin gizli \u00e7ekimlerle ortaya \u00e7\u0131kan yeni iddialarla g\u00fcndemde. \u0130\u015f\u00e7i Partisi ve Liberal Demokratlar, olas\u0131 yasa ihlallerinin incelenmesi i\u00e7in konuyu polise ta\u015f\u0131d\u0131.<\/span><\/p>\n<p>The Guardian\u2019\u0131n haberine g\u00f6re iddialar, yabanc\u0131 kaynaklardan siyasi ba\u011f\u0131\u015f kabul edilmesine y\u00f6nelik k\u0131s\u0131tlamalar\u0131n a\u015f\u0131lmaya \u00e7al\u0131\u015f\u0131ld\u0131\u011f\u0131 \u015f\u00fcphesine dayan\u0131yor. Reform UK ise herhangi bir usuls\u00fczl\u00fck yap\u0131ld\u0131\u011f\u0131n\u0131 reddediyor.<\/p>\n<h4>32 bin 500 sterlinlik \u00f6deme mercek alt\u0131nda<\/h4>\n<p>\u0130ddialardan biri, Reform UK yetkilileri <strong>Dan Jukes ve James Orr\u2019un<\/strong>, ABD\u2019de ya\u015fad\u0131\u011f\u0131 d\u00fc\u015f\u00fcn\u00fclen ve bu nedenle do\u011frudan ba\u011f\u0131\u015f yapmas\u0131na izin verilmeyen bir ki\u015finin siyasi kamuoyu ara\u015ft\u0131rmalar\u0131 i\u00e7in toplam <strong>32 bin 500 sterlinlik \u00f6deme<\/strong> yapmas\u0131n\u0131 organize etti\u011fi y\u00f6n\u00fcnde. S\u00f6z konusu ki\u015fi ger\u00e7ekte gizli g\u00f6rev yapan bir gazeteciydi.<\/p><div id=\"briti-461939337\" class=\"briti-icerik\" style=\"margin-top: 5px;margin-bottom: 5px;\"><a href=\"https:\/\/piaryum.com\/services\/\" aria-label=\"piaryum banner\"><img loading=\"lazy\" decoding=\"async\" src=\"https:\/\/by-tv.co.uk\/wp-content\/uploads\/2025\/12\/Gemini_Generated_Image_g5yqr1g5yqr1g5yq.jpg\" alt=\"\"  width=\"2064\" height=\"1152\"   \/><\/a><\/div>\n<p>Bu harcamalar\u0131n partiye sa\u011flanan ayni katk\u0131 olarak Se\u00e7im Komisyonu\u2019na bildirilmesi gerekip gerekmedi\u011fi de tart\u0131\u015f\u0131l\u0131yor.<\/p>\n<p>Gizli \u00e7ekimlerde ayr\u0131ca, izin verilmeyen bir ABD\u2019li ba\u011f\u0131\u015f\u00e7\u0131n\u0131n <strong>500 bin sterlinlik olas\u0131 ba\u011f\u0131\u015f\u0131n\u0131n Birle\u015fik Krall\u0131k\u2019taki bir arac\u0131 \u00fczerinden aktar\u0131labilece\u011fi<\/strong> y\u00f6n\u00fcnde g\u00f6r\u00fc\u015fmeler yer ald\u0131.<\/p>\n<p>Haberde, benzer y\u00f6ntemlerin ge\u00e7mi\u015fte yabanc\u0131 kaynakl\u0131 paralar\u0131 Birle\u015fik Krall\u0131k\u2019taki aile \u00fcyeleri \u00fczerinden partiye aktarmak i\u00e7in kullan\u0131lm\u0131\u015f olabilece\u011fine ili\u015fkin ifadelerin de kayda ge\u00e7ti\u011fi belirtildi.<\/p>\n<h4>Farage\u2019\u0131n bilgisi de tart\u0131\u015f\u0131l\u0131yor<\/h4>\n<p>G\u00f6r\u00fcnt\u00fclerde <strong>Nigel Farage\u2019\u0131n<\/strong> 32 bin 500 sterlinlik d\u00fczenlemeden haberdar oldu\u011funa i\u015faret etti\u011fi \u00f6ne s\u00fcr\u00fclen ifadeler bulunuyor. Farage\u2019\u0131n 500 bin sterlinlik olas\u0131 ba\u011f\u0131\u015f plan\u0131 kendisine anlat\u0131ld\u0131\u011f\u0131nda verdi\u011fi yan\u0131t da iddialar\u0131n bir par\u00e7as\u0131 olarak de\u011ferlendiriliyor.<\/p>\n<p>Olas\u0131 hukuki incelemenin, <strong>2000 tarihli Siyasi Partiler, Se\u00e7imler ve Referandumlar Yasas\u0131\u2019n\u0131n 61. maddesine<\/strong> odaklanabilece\u011fi belirtiliyor. Bu madde, siyasi ba\u011f\u0131\u015flara y\u00f6nelik k\u0131s\u0131tlamalar\u0131 a\u015fmak amac\u0131yla yap\u0131lan d\u00fczenlemelerle ilgili su\u00e7lar\u0131 kaps\u0131yor.<\/p>\n<h4>Metropolitan Police iddialar\u0131 de\u011ferlendirecek<\/h4>\n<p>The Guardian\u2019a g\u00f6re Metropolitan Police, kendisine iletilen bilgileri ve olas\u0131 yeni delilleri de\u011ferlendirece\u011fini a\u00e7\u0131klad\u0131. Hen\u00fcz yeni iddialar hakk\u0131nda resmi bir soru\u015fturma ba\u015flat\u0131ld\u0131\u011f\u0131 duyurulmad\u0131.<\/p>\n<p>Polis halihaz\u0131rda Farage\u2019\u0131n yard\u0131mc\u0131s\u0131 George Cottrell\u2019\u0131n annesi <strong>Fiona Cottrell\u2019\u0131n Reform UK\u2019ye yapt\u0131\u011f\u0131 ba\u011f\u0131\u015flar\u0131<\/strong> inceliyor. George Cottrell\u2019\u0131n avukatlar\u0131 daha \u00f6nce ba\u011f\u0131\u015flar\u0131n tamamen annesinin kendi karar\u0131 oldu\u011funu ve Cottrell\u2019\u0131n partiye usuls\u00fcz ba\u011f\u0131\u015f yapt\u0131\u011f\u0131 y\u00f6n\u00fcndeki iddialar\u0131n temelsiz oldu\u011funu a\u00e7\u0131klam\u0131\u015ft\u0131.<\/p>\n<p>Polis ayr\u0131ca Reform UK Genel Ba\u015fkan Yard\u0131mc\u0131s\u0131 Richard Tice\u2019\u0131n kontrol\u00fcndeki Britain Means Business taraf\u0131ndan 2024 genel se\u00e7imlerinden \u00f6nce partiye yap\u0131lan iki ayr\u0131 <strong>250 bin sterlinlik ba\u011f\u0131\u015f\u0131<\/strong> da inceliyor.<\/p>\n<h4>Reform UK iki ismi g\u00f6revden uzakla\u015ft\u0131rd\u0131<\/h4>\n<p>Reform UK, iddialarda ad\u0131 ge\u00e7en <strong>Jukes ve Orr\u2019u g\u00f6revlerinden uzakla\u015ft\u0131rd\u0131<\/strong>. Parti, tart\u0131\u015fmal\u0131 kamuoyu ara\u015ft\u0131rmas\u0131n\u0131 resmi olarak kendisinin sipari\u015f etmedi\u011fini ve bu nedenle ara\u015ft\u0131rman\u0131n ayni ba\u011f\u0131\u015f say\u0131lamayaca\u011f\u0131n\u0131 savunuyor.<\/p>\n<p>500 bin sterlinlik olas\u0131 ba\u011f\u0131\u015f konusunda ise paran\u0131n hi\u00e7bir zaman partiye aktar\u0131lmad\u0131\u011f\u0131 ve b\u00f6yle bir giri\u015fimin ger\u00e7ekle\u015fmesi halinde parti i\u00e7indeki mali denetim s\u00fcre\u00e7lerine tak\u0131laca\u011f\u0131 belirtiliyor.<\/p>\n<p>Se\u00e7im Komisyonu da konunun \u015fu a\u015famada polisin de\u011ferlendirmesinde oldu\u011funu bildirdi. Polis s\u00fcrecinin ard\u0131ndan bildirim y\u00fck\u00fcml\u00fcl\u00fckleri konusunda ayr\u0131ca inceleme yap\u0131lmas\u0131 ve olas\u0131 yapt\u0131r\u0131mlar\u0131n g\u00fcndeme gelmesi ihtimali bulunuyor.<\/p>\n<h4>Parti y\u00f6netiminden farkl\u0131 a\u00e7\u0131klamalar<\/h4>\n<p>Reform UK\u2019nin y\u0131ll\u0131k konferans\u0131, parti lideri <strong>Nigel Farage\u2019\u0131n<\/strong> yeni politika \u00f6nerilerini \u00f6ne \u00e7\u0131karmay\u0131 hedefledi\u011fi bir etkinlik olarak planlanm\u0131\u015ft\u0131. Ancak \u00fcst d\u00fczey parti yetkililerine y\u00f6nelik siyasi ba\u011f\u0131\u015f kurallar\u0131n\u0131n ihlal edilmi\u015f olabilece\u011fine ili\u015fkin iddialar, konferans\u0131n ana g\u00fcndemlerinden biri haline geldi.<\/p>\n<p>Reform UK Ba\u015fkan\u0131 <strong>Lee Anderson<\/strong>, ilk a\u00e7\u0131klamalar\u0131nda Jukes ve Orr i\u00e7in partiye d\u00f6n\u00fc\u015f ihtimalinin bulunmad\u0131\u011f\u0131n\u0131 belirti.&nbsp;&nbsp;<\/p>\n<p>Reform UK milletvekili <strong>Sarah Pochin<\/strong> ise konferans kapsam\u0131ndaki bir etkinlikte partinin bir \u201ctuzak\u201d operasyonunun hedefi oldu\u011funu savundu.<\/p>\n<p>Farage da Jukes ve Orr ile aras\u0131na mesafe koymaya \u00e7al\u0131\u015f\u0131yor.&nbsp; Ancak The Guardian, Jukes\u2019un yakla\u015f\u0131k 10 y\u0131ld\u0131r Farage ile birlikte \u00e7al\u0131\u015ft\u0131\u011f\u0131na, Orr\u2019un ise partinin politika geli\u015ftirme s\u00fcrecinde \u00f6nemli bir g\u00f6rev \u00fcstlendi\u011fine dikkat \u00e7ekti.<\/p>\n<h4>Anketler Farage \u00fczerindeki bask\u0131y\u0131 art\u0131r\u0131yor<\/h4>\n<p>Son geli\u015fmeler, Farage\u2019\u0131n kamuoyu deste\u011fine ili\u015fkin g\u00f6stergelerin zay\u0131flad\u0131\u011f\u0131 bir d\u00f6neme denk geldi. YouGov verilerine g\u00f6re Farage\u2019\u0131n net be\u011feni oran\u0131 <strong>eksi 44<\/strong> seviyesine geriledi.<\/p>\n<p>Ipsos taraf\u0131ndan yap\u0131lan bir ara\u015ft\u0131rmada ise yeni iddialar ortaya \u00e7\u0131kmadan \u00f6nce Britanyal\u0131lar\u0131n yaln\u0131zca <strong>y\u00fczde 20\u2019si Farage\u2019\u0131 \u201cd\u00fcr\u00fcst bir ki\u015fi\u201d olarak g\u00f6rd\u00fc\u011f\u00fcn\u00fc<\/strong> belirtti. More in Common ara\u015ft\u0131rmas\u0131nda da etik ve usuls\u00fczl\u00fck endi\u015feleri, se\u00e7menlerin Reform UK\u2019ye oy vermesinin \u00f6n\u00fcndeki en b\u00fcy\u00fck engel olarak g\u00f6sterildi.<\/p>\n<h4>Konferans\u0131n politika g\u00fcndemi g\u00f6lgede kald\u0131<\/h4>\n<p>Farage, konferans\u0131 yeni politika a\u00e7\u0131klamalar\u0131n\u0131n merkezi haline getirmeyi ama\u00e7l\u0131yordu. Bunlar aras\u0131nda Reform UK\u2019nin iktidara gelmesi halinde ilk g\u00fcn <strong>\u201culusal acil durum\u201d ilan edilmesi<\/strong> plan\u0131 da bulunuyor.<\/p>\n<p>Ancak ba\u011f\u0131\u015flara ili\u015fkin iddialar ve parti i\u00e7indeki farkl\u0131 a\u00e7\u0131klamalar, politika duyurular\u0131n\u0131n \u00f6n\u00fcne ge\u00e7ti. \u0130ddialar\u0131n polis veya se\u00e7im denetim kurumlar\u0131 taraf\u0131ndan resmi soru\u015fturmaya d\u00f6n\u00fc\u015ft\u00fcr\u00fcl\u00fcp d\u00f6n\u00fc\u015ft\u00fcr\u00fclmeyece\u011fi ise Reform UK ve Farage a\u00e7\u0131s\u0131ndan s\u00fcrecin bundan sonraki seyrini belirleyecek.<\/p>\n<div id=\"briti-3789745632\" class=\"briti-icerikten-sonra_2\" style=\"margin-top: 25px;margin-bottom: 25px;\"><a href=\"https:\/\/wa.me\/message\/NDZLLIOQT4H3O1\" aria-label=\"bytv reklam banner\"><img loading=\"lazy\" decoding=\"async\" src=\"https:\/\/by-tv.co.uk\/wp-content\/uploads\/2025\/12\/bytv-reklam-banner.jpg\" alt=\"\"  width=\"2376\" height=\"1008\"   \/><\/a><\/div>","protected":false},"excerpt":{"rendered":"<p>Nigel Farage liderli\u011findeki Reform UK, parti finansman\u0131na ili\u015fkin gizli \u00e7ekimlerle ortaya \u00e7\u0131kan yeni iddialarla g\u00fcndemde. \u0130\u015f\u00e7i Partisi ve Liberal Demokratlar, olas\u0131 yasa ihlallerinin incelenmesi i\u00e7in konuyu polise ta\u015f\u0131d\u0131. The Guardian\u2019\u0131n haberine g\u00f6re iddialar, yabanc\u0131 kaynaklardan siyasi ba\u011f\u0131\u015f kabul edilmesine y\u00f6nelik k\u0131s\u0131tlamalar\u0131n a\u015f\u0131lmaya \u00e7al\u0131\u015f\u0131ld\u0131\u011f\u0131 \u015f\u00fcphesine dayan\u0131yor. Reform UK ise herhangi bir usuls\u00fczl\u00fck yap\u0131ld\u0131\u011f\u0131n\u0131 reddediyor. 32 bin 500 sterlinlik \u00f6deme mercek alt\u0131nda \u0130ddialardan biri, Reform UK yetkilileri Dan Jukes ve James Orr\u2019un, ABD\u2019de ya\u015fad\u0131\u011f\u0131 d\u00fc\u015f\u00fcn\u00fclen ve bu nedenle do\u011frudan ba\u011f\u0131\u015f yapmas\u0131na izin verilmeyen bir ki\u015finin siyasi kamuoyu ara\u015ft\u0131rmalar\u0131 i\u00e7in toplam 32 bin 500 sterlinlik \u00f6deme yapmas\u0131n\u0131 organize etti\u011fi y\u00f6n\u00fcnde. S\u00f6z konusu ki\u015fi [&hellip;]<\/p>\n","protected":false},"author":11,"featured_media":39962,"comment_status":"open","ping_status":"open","sticky":false,"template":"","format":"standard","meta":{"ngg_post_thumbnail":0,"footnotes":""},"categories":[5269],"tags":[],"class_list":["post-39961","post","type-post","status-publish","format-standard","has-post-thumbnail","hentry","category-birlesik-krallik"],"_links":{"self":[{"href":"https:\/\/by-tv.co.uk\/en\/wp-json\/wp\/v2\/posts\/39961","targetHints":{"allow":["GET"]}}],"collection":[{"href":"https:\/\/by-tv.co.uk\/en\/wp-json\/wp\/v2\/posts"}],"about":[{"href":"https:\/\/by-tv.co.uk\/en\/wp-json\/wp\/v2\/types\/post"}],"author":[{"embeddable":true,"href":"https:\/\/by-tv.co.uk\/en\/wp-json\/wp\/v2\/users\/11"}],"replies":[{"embeddable":true,"href":"https:\/\/by-tv.co.uk\/en\/wp-json\/wp\/v2\/comments?post=39961"}],"version-history":[{"count":4,"href":"https:\/\/by-tv.co.uk\/en\/wp-json\/wp\/v2\/posts\/39961\/revisions"}],"predecessor-version":[{"id":39966,"href":"https:\/\/by-tv.co.uk\/en\/wp-json\/wp\/v2\/posts\/39961\/revisions\/39966"}],"wp:featuredmedia":[{"embeddable":true,"href":"https:\/\/by-tv.co.uk\/en\/wp-json\/wp\/v2\/media\/39962"}],"wp:attachment":[{"href":"https:\/\/by-tv.co.uk\/en\/wp-json\/wp\/v2\/media?parent=39961"}],"wp:term":[{"taxonomy":"category","embeddable":true,"href":"https:\/\/by-tv.co.uk\/en\/wp-json\/wp\/v2\/categories?post=39961"},{"taxonomy":"post_tag","embeddable":true,"href":"https:\/\/by-tv.co.uk\/en\/wp-json\/wp\/v2\/tags?post=39961"}],"curies":[{"name":"wp","href":"https:\/\/api.w.org\/{rel}","templated":true}]}}