{"id":39951,"date":"2026-09-02T14:15:16","date_gmt":"2026-09-02T13:15:16","guid":{"rendered":"https:\/\/by-tv.co.uk\/?p=39951"},"modified":"2026-09-02T14:59:09","modified_gmt":"2026-09-02T13:59:09","slug":"londrada-30-agustos-zafer-bayrami-kutlandi","status":"publish","type":"post","link":"https:\/\/by-tv.co.uk\/en\/londrada-30-agustos-zafer-bayrami-kutlandi\/","title":{"rendered":"Londra\u2019da 30 A\u011fustos Zafer Bayram\u0131 kutland\u0131"},"content":{"rendered":"<p>Londra\u2019da <strong>30 A\u011fustos Zafer Bayram\u0131 ve T\u00fcrk Silahl\u0131 Kuvvetleri G\u00fcn\u00fc<\/strong>, T\u00fcrkiye\u2019nin Londra B\u00fcy\u00fckel\u00e7ili\u011finin ev sahipli\u011finde d\u00fczenlenen resepsiyonla kutland\u0131.<\/p>\n<p>Resepsiyona T\u00fcrkiye\u2019nin Londra B\u00fcy\u00fckel\u00e7isi <strong>Osman Koray Erta\u015f<\/strong> ve e\u015fi Sevcan Erta\u015f ile Silahl\u0131 Kuvvetler Ata\u015fesi <strong>Albay \u00d6zg\u00fcr D\u00fcndar<\/strong> ve e\u015fi L\u00fctfiye \u00d6zg\u00fcr ev sahipli\u011fi yapt\u0131.<\/p>\n<div id=\"attachment_39955\" style=\"width: 1930px\" class=\"wp-caption alignnone\"><img loading=\"lazy\" decoding=\"async\" aria-describedby=\"caption-attachment-39955\" class=\"wp-image-39955 size-full\" src=\"https:\/\/by-tv.co.uk\/wp-content\/uploads\/2026\/09\/30-agustos.jpeg\" alt=\"\" width=\"1920\" height=\"1080\" title=\"\"><p id=\"caption-attachment-39955\" class=\"wp-caption-text\">Foto\u011fraftakiler ( soldan sa\u011fa): L\u00fctfiye \u00d6zg\u00fcr, Albay \u00d6zg\u00fcr D\u00fcndar, Dr. Sinan D\u00fczta\u015f, B\u00fcy\u00fckel\u00e7i Osman Koray Erta\u015f, Sevcan Erta\u015f<\/p><\/div>\n<h4>\u015eehitler i\u00e7in sayg\u0131 duru\u015fu<\/h4>\n<p>Program\u0131n ba\u015flang\u0131c\u0131nda Milli M\u00fccadele de hayat\u0131n\u0131 kaybeden \u015eehitler ile Girne a\u00e7\u0131klar\u0131nda meydana gelen gemi kazas\u0131nda hayat\u0131n\u0131 kaybedenler i\u00e7in sayg\u0131 duru\u015funda bulunuldu. Ard\u0131ndan \u0130stiklal Mar\u015f\u0131 okundu.<\/p><div id=\"briti-2351451581\" class=\"briti-icerik\" style=\"margin-top: 5px;margin-bottom: 5px;\"><a href=\"https:\/\/piaryum.com\/services\/\" aria-label=\"piaryum banner\"><img loading=\"lazy\" decoding=\"async\" src=\"https:\/\/by-tv.co.uk\/wp-content\/uploads\/2025\/12\/Gemini_Generated_Image_g5yqr1g5yqr1g5yq.jpg\" alt=\"\"  width=\"2064\" height=\"1152\"   \/><\/a><\/div>\n<p>Resepsiyona KKTC Londra Temsilcisi B\u00fcy\u00fckel\u00e7i <strong>Aysan Mullahasan At\u0131lgan<\/strong>, Hava Ata\u015fesi Albay \u015eamil Koptekin ve \u0130ngiltere Uluslararas\u0131 Hava Harek\u00e2t\u0131 \u0130li\u015fkiler Koordinat\u00f6r\u00fc T\u00fcmgeneral Shaun Hams\u2019\u0131n yan\u0131 s\u0131ra yabanc\u0131 misyon temsilcileri ve askeri g\u00f6revliler kat\u0131ld\u0131.<\/p>\n<h4>Erdo\u011fan\u2019\u0131n mesaj\u0131 okundu<\/h4>\n<p>B\u00fcy\u00fckel\u00e7i Erta\u015f, Cumhurba\u015fkan\u0131 <strong>Recep Tayyip Erdo\u011fan\u2019\u0131n 30 A\u011fustos Zafer Bayram\u0131 mesaj\u0131n\u0131<\/strong> davetlilerle payla\u015ft\u0131. Erta\u015f ayr\u0131ca Girne a\u00e7\u0131klar\u0131ndaki kazada ya\u015fam\u0131n\u0131 yitirenleri anarak, iletilen taziye mesajlar\u0131 dolay\u0131s\u0131yla \u0130ngiliz makamlar\u0131na te\u015fekk\u00fcr etti.<\/p>\n<p>Erta\u015f, <strong>Mustafa Kemal Atat\u00fcrk\u2019\u00fcn liderli\u011findeki T\u00fcrk ordusunun 30 A\u011fustos 1922\u2019de kazand\u0131\u011f\u0131 zaferin<\/strong> \u00f6nemine dikkat \u00e7ekti. T\u00fcrk Silahl\u0131 Kuvvetlerinin mevcut kapasitesi ve T\u00fcrkiye\u2019nin savunma sanayisindeki geli\u015fmelerine de de\u011findi.<\/p>\n<h4>T\u00fcrkiye-\u0130ngiltere savunma i\u015f birli\u011fi vurgusu<\/h4>\n<p>T\u00fcrkiye ile Birle\u015fik Krall\u0131k aras\u0131ndaki ili\u015fkilere ili\u015fkin de\u011ferlendirmelerde bulunan Erta\u015f, iki \u00fclke aras\u0131ndaki ortakl\u0131\u011f\u0131n \u00f6zellikle <strong>savunma, g\u00fcvenlik ve savunma sanayisi alanlar\u0131nda derinle\u015fti\u011fini<\/strong> ifade etti.<\/p>\n<p>Silahl\u0131 Kuvvetler Ata\u015fesi Albay \u00d6zg\u00fcr D\u00fcndar\u2019\u0131n da konu\u015fma yapt\u0131\u011f\u0131 resepsiyon, program\u0131n ard\u0131ndan davetlilere yap\u0131lan ikramlarla sona erdi.<\/p>\n<div id=\"briti-3311019781\" class=\"briti-icerikten-sonra_2\" style=\"margin-top: 25px;margin-bottom: 25px;\"><a href=\"https:\/\/wa.me\/message\/NDZLLIOQT4H3O1\" aria-label=\"bytv reklam banner\"><img loading=\"lazy\" decoding=\"async\" src=\"https:\/\/by-tv.co.uk\/wp-content\/uploads\/2025\/12\/bytv-reklam-banner.jpg\" alt=\"\"  width=\"2376\" height=\"1008\"   \/><\/a><\/div>","protected":false},"excerpt":{"rendered":"<p>Londra\u2019da 30 A\u011fustos Zafer Bayram\u0131 ve T\u00fcrk Silahl\u0131 Kuvvetleri G\u00fcn\u00fc, T\u00fcrkiye\u2019nin Londra B\u00fcy\u00fckel\u00e7ili\u011finin ev sahipli\u011finde d\u00fczenlenen resepsiyonla kutland\u0131. Resepsiyona T\u00fcrkiye\u2019nin Londra B\u00fcy\u00fckel\u00e7isi Osman Koray Erta\u015f ve e\u015fi Sevcan Erta\u015f ile Silahl\u0131 Kuvvetler Ata\u015fesi Albay \u00d6zg\u00fcr D\u00fcndar ve e\u015fi L\u00fctfiye \u00d6zg\u00fcr ev sahipli\u011fi yapt\u0131. \u015eehitler i\u00e7in sayg\u0131 duru\u015fu Program\u0131n ba\u015flang\u0131c\u0131nda Milli M\u00fccadele de hayat\u0131n\u0131 kaybeden \u015eehitler ile Girne a\u00e7\u0131klar\u0131nda meydana gelen gemi kazas\u0131nda hayat\u0131n\u0131 kaybedenler i\u00e7in sayg\u0131 duru\u015funda bulunuldu. Ard\u0131ndan \u0130stiklal Mar\u015f\u0131 okundu. Resepsiyona KKTC Londra Temsilcisi B\u00fcy\u00fckel\u00e7i Aysan Mullahasan At\u0131lgan, Hava Ata\u015fesi Albay \u015eamil Koptekin ve \u0130ngiltere Uluslararas\u0131 Hava Harek\u00e2t\u0131 \u0130li\u015fkiler Koordinat\u00f6r\u00fc T\u00fcmgeneral Shaun Hams\u2019\u0131n yan\u0131 s\u0131ra yabanc\u0131 misyon temsilcileri [&hellip;]<\/p>\n","protected":false},"author":11,"featured_media":39952,"comment_status":"open","ping_status":"open","sticky":false,"template":"","format":"standard","meta":{"ngg_post_thumbnail":0,"footnotes":""},"categories":[5269],"tags":[],"class_list":["post-39951","post","type-post","status-publish","format-standard","has-post-thumbnail","hentry","category-birlesik-krallik"],"_links":{"self":[{"href":"https:\/\/by-tv.co.uk\/en\/wp-json\/wp\/v2\/posts\/39951","targetHints":{"allow":["GET"]}}],"collection":[{"href":"https:\/\/by-tv.co.uk\/en\/wp-json\/wp\/v2\/posts"}],"about":[{"href":"https:\/\/by-tv.co.uk\/en\/wp-json\/wp\/v2\/types\/post"}],"author":[{"embeddable":true,"href":"https:\/\/by-tv.co.uk\/en\/wp-json\/wp\/v2\/users\/11"}],"replies":[{"embeddable":true,"href":"https:\/\/by-tv.co.uk\/en\/wp-json\/wp\/v2\/comments?post=39951"}],"version-history":[{"count":4,"href":"https:\/\/by-tv.co.uk\/en\/wp-json\/wp\/v2\/posts\/39951\/revisions"}],"predecessor-version":[{"id":39957,"href":"https:\/\/by-tv.co.uk\/en\/wp-json\/wp\/v2\/posts\/39951\/revisions\/39957"}],"wp:featuredmedia":[{"embeddable":true,"href":"https:\/\/by-tv.co.uk\/en\/wp-json\/wp\/v2\/media\/39952"}],"wp:attachment":[{"href":"https:\/\/by-tv.co.uk\/en\/wp-json\/wp\/v2\/media?parent=39951"}],"wp:term":[{"taxonomy":"category","embeddable":true,"href":"https:\/\/by-tv.co.uk\/en\/wp-json\/wp\/v2\/categories?post=39951"},{"taxonomy":"post_tag","embeddable":true,"href":"https:\/\/by-tv.co.uk\/en\/wp-json\/wp\/v2\/tags?post=39951"}],"curies":[{"name":"wp","href":"https:\/\/api.w.org\/{rel}","templated":true}]}}