{"id":39947,"date":"2026-09-02T10:05:56","date_gmt":"2026-09-02T09:05:56","guid":{"rendered":"https:\/\/by-tv.co.uk\/?p=39947"},"modified":"2026-09-02T10:05:56","modified_gmt":"2026-09-02T09:05:56","slug":"keir-starmer-milletvekilliginden-ayriliyor","status":"publish","type":"post","link":"https:\/\/by-tv.co.uk\/en\/keir-starmer-milletvekilliginden-ayriliyor\/","title":{"rendered":"Keir Starmer milletvekilli\u011finden ayr\u0131l\u0131yor"},"content":{"rendered":"<p>\u0130ngiltere&#8217;nin \u00f6nceki Ba\u015fbakan\u0131 <strong>Sir Keir Starmer<\/strong>, Holborn and St Pancras milletvekilli\u011fi g\u00f6revinden de ayr\u0131laca\u011f\u0131n\u0131 a\u00e7\u0131klad\u0131. Karar\u0131n ard\u0131ndan Londra\u2019daki se\u00e7im b\u00f6lgesinde ara se\u00e7ime gidilmesi bekleniyor.<\/p>\n<p>Ara se\u00e7im&nbsp; Ba\u015fbakan <strong>Andy Burnham<\/strong> a\u00e7\u0131s\u0131ndan siyasi bir s\u0131nav olu\u015fturabilir, Ye\u015filler Partisi lideri <strong>Zack Polanski\u2019nin<\/strong> de parlamentoya girmek i\u00e7in bu se\u00e7im b\u00f6lgesinden aday olabilece\u011fi belirtiliyor.<\/p>\n<p>Ye\u015filler Partisi\u2019nin Holborn and St Pancras\u2019ta kayda de\u011fer deste\u011fe sahip oldu\u011fu, Polanski\u2019nin de daha \u00f6nce Londra\u2019daki bir se\u00e7im b\u00f6lgesinden aday olmay\u0131 tercih edebilece\u011finin g\u00fcndeme geldi\u011fi aktar\u0131ld\u0131.<\/p><div id=\"briti-2060896105\" class=\"briti-icerik\" style=\"margin-top: 5px;margin-bottom: 5px;\"><a href=\"https:\/\/piaryum.com\/services\/\" aria-label=\"piaryum banner\"><img loading=\"lazy\" decoding=\"async\" src=\"https:\/\/by-tv.co.uk\/wp-content\/uploads\/2025\/12\/Gemini_Generated_Image_g5yqr1g5yqr1g5yq.jpg\" alt=\"\"  width=\"2064\" height=\"1152\"   \/><\/a><\/div>\n<h4>\u201cBayra\u011f\u0131 halefime devretme zaman\u0131\u201d<\/h4>\n<p>Starmer yapt\u0131\u011f\u0131 a\u00e7\u0131klamada, yaz aylar\u0131nda gelece\u011fi hakk\u0131nda d\u00fc\u015f\u00fcnme f\u0131rsat\u0131 buldu\u011funu belirterek, <strong>Holborn and St Pancras milletvekilli\u011finden ayr\u0131lmak i\u00e7in do\u011fru zaman\u0131n geldi\u011fine karar verdi\u011fini<\/strong> s\u00f6yledi.<\/p>\n<p>Yakla\u015f\u0131k 11 y\u0131l \u00f6nce Frank Dobson\u2019\u0131n ard\u0131ndan b\u00f6lgenin milletvekili oldu\u011funu hat\u0131rlatan Starmer, se\u00e7im b\u00f6lgesini temsil etmenin kendisi i\u00e7in b\u00fcy\u00fck bir onur oldu\u011funu ifade etti.<\/p>\n<p>Starmer, bundan sonraki d\u00f6nemde h\u0131zla de\u011fi\u015fen d\u00fcnyada <strong>savunma, g\u00fcvenlik, ticaret, teknoloji ve uluslararas\u0131 ili\u015fkiler<\/strong> gibi alanlara odaklanaca\u011f\u0131n\u0131 bildirdi. Ayr\u0131ca kad\u0131nlara ve k\u0131z \u00e7ocuklar\u0131na y\u00f6nelik \u015fiddetle m\u00fccadele \u00e7al\u0131\u015fmalar\u0131n\u0131 s\u00fcrd\u00fcrece\u011fini kaydetti.<\/p>\n<h4>\u00d6nceki a\u00e7\u0131klamas\u0131ndan farkl\u0131 karar<\/h4>\n<p>Starmer, 3 Temmuz\u2019da yapt\u0131\u011f\u0131 a\u00e7\u0131klamada bir sonraki genel se\u00e7ime kadar milletvekili olarak kalmay\u0131 planlad\u0131\u011f\u0131n\u0131 s\u00f6ylemi\u015fti. Son karar\u0131yla birlikte bu plan\u0131ndan vazge\u00e7mi\u015f oldu.<\/p>\n<div id=\"briti-1898977880\" class=\"briti-icerikten-sonra_2\" style=\"margin-top: 25px;margin-bottom: 25px;\"><a href=\"https:\/\/wa.me\/message\/NDZLLIOQT4H3O1\" aria-label=\"bytv reklam banner\"><img loading=\"lazy\" decoding=\"async\" src=\"https:\/\/by-tv.co.uk\/wp-content\/uploads\/2025\/12\/bytv-reklam-banner.jpg\" alt=\"\"  width=\"2376\" height=\"1008\"   \/><\/a><\/div>","protected":false},"excerpt":{"rendered":"<p>\u0130ngiltere&#8217;nin \u00f6nceki Ba\u015fbakan\u0131 Sir Keir Starmer, Holborn and St Pancras milletvekilli\u011fi g\u00f6revinden de ayr\u0131laca\u011f\u0131n\u0131 a\u00e7\u0131klad\u0131. Karar\u0131n ard\u0131ndan Londra\u2019daki se\u00e7im b\u00f6lgesinde ara se\u00e7ime gidilmesi bekleniyor. Ara se\u00e7im&nbsp; Ba\u015fbakan Andy Burnham a\u00e7\u0131s\u0131ndan siyasi bir s\u0131nav olu\u015fturabilir, Ye\u015filler Partisi lideri Zack Polanski\u2019nin de parlamentoya girmek i\u00e7in bu se\u00e7im b\u00f6lgesinden aday olabilece\u011fi belirtiliyor. Ye\u015filler Partisi\u2019nin Holborn and St Pancras\u2019ta kayda de\u011fer deste\u011fe sahip oldu\u011fu, Polanski\u2019nin de daha \u00f6nce Londra\u2019daki bir se\u00e7im b\u00f6lgesinden aday olmay\u0131 tercih edebilece\u011finin g\u00fcndeme geldi\u011fi aktar\u0131ld\u0131. \u201cBayra\u011f\u0131 halefime devretme zaman\u0131\u201d Starmer yapt\u0131\u011f\u0131 a\u00e7\u0131klamada, yaz aylar\u0131nda gelece\u011fi hakk\u0131nda d\u00fc\u015f\u00fcnme f\u0131rsat\u0131 buldu\u011funu belirterek, Holborn and St Pancras milletvekilli\u011finden ayr\u0131lmak i\u00e7in do\u011fru zaman\u0131n geldi\u011fine [&hellip;]<\/p>\n","protected":false},"author":11,"featured_media":38915,"comment_status":"open","ping_status":"open","sticky":false,"template":"","format":"standard","meta":{"ngg_post_thumbnail":0,"footnotes":""},"categories":[5269],"tags":[],"class_list":["post-39947","post","type-post","status-publish","format-standard","has-post-thumbnail","hentry","category-birlesik-krallik"],"_links":{"self":[{"href":"https:\/\/by-tv.co.uk\/en\/wp-json\/wp\/v2\/posts\/39947","targetHints":{"allow":["GET"]}}],"collection":[{"href":"https:\/\/by-tv.co.uk\/en\/wp-json\/wp\/v2\/posts"}],"about":[{"href":"https:\/\/by-tv.co.uk\/en\/wp-json\/wp\/v2\/types\/post"}],"author":[{"embeddable":true,"href":"https:\/\/by-tv.co.uk\/en\/wp-json\/wp\/v2\/users\/11"}],"replies":[{"embeddable":true,"href":"https:\/\/by-tv.co.uk\/en\/wp-json\/wp\/v2\/comments?post=39947"}],"version-history":[{"count":2,"href":"https:\/\/by-tv.co.uk\/en\/wp-json\/wp\/v2\/posts\/39947\/revisions"}],"predecessor-version":[{"id":39949,"href":"https:\/\/by-tv.co.uk\/en\/wp-json\/wp\/v2\/posts\/39947\/revisions\/39949"}],"wp:featuredmedia":[{"embeddable":true,"href":"https:\/\/by-tv.co.uk\/en\/wp-json\/wp\/v2\/media\/38915"}],"wp:attachment":[{"href":"https:\/\/by-tv.co.uk\/en\/wp-json\/wp\/v2\/media?parent=39947"}],"wp:term":[{"taxonomy":"category","embeddable":true,"href":"https:\/\/by-tv.co.uk\/en\/wp-json\/wp\/v2\/categories?post=39947"},{"taxonomy":"post_tag","embeddable":true,"href":"https:\/\/by-tv.co.uk\/en\/wp-json\/wp\/v2\/tags?post=39947"}],"curies":[{"name":"wp","href":"https:\/\/api.w.org\/{rel}","templated":true}]}}