{"id":39942,"date":"2026-09-01T22:09:54","date_gmt":"2026-09-01T21:09:54","guid":{"rendered":"https:\/\/by-tv.co.uk\/?p=39942"},"modified":"2026-09-01T22:13:39","modified_gmt":"2026-09-01T21:13:39","slug":"shabana-mahmoodun-gocmenlik-planina-isci-partisinden-tepki","status":"publish","type":"post","link":"https:\/\/by-tv.co.uk\/en\/shabana-mahmoodun-gocmenlik-planina-isci-partisinden-tepki\/","title":{"rendered":"Shabana Mahmood\u2019un g\u00f6\u00e7menlik plan\u0131na \u0130\u015f\u00e7i Partisi\u2019nden tepki"},"content":{"rendered":"<p>Birle\u015fik Krall\u0131k \u0130\u00e7i\u015fleri Bakan\u0131 <strong>Shabana Mahmood\u2019un s\u00fcresiz oturum hakk\u0131na (Indefinite Leave to Remain &#8211; ILR) ili\u015fkin g\u00f6\u00e7menlik reformlar\u0131<\/strong>, \u0130\u015f\u00e7i Partisi milletvekilleri aras\u0131nda b\u00fcy\u00fcyen bir muhalefetle kar\u015f\u0131 kar\u015f\u0131ya.<\/p>\n<p><em>The i Paper\u2019\u0131n<\/em>&nbsp; haberine g\u00f6re, <strong>10 \u0130\u015f\u00e7i Partisi milletvekilinin daha d\u00fczenlemelere a\u00e7\u0131k\u00e7a kar\u015f\u0131 \u00e7\u0131kmas\u0131 bekleniyor.<\/strong> Milletvekilleri, \u00f6nerilen ILR de\u011fi\u015fikliklerinin yumu\u015fat\u0131lmas\u0131n\u0131 isteyen parlamento \u00f6nergesine destek verecek.<\/p>\n<h4>ILR i\u00e7in standart s\u00fcrenin 10 y\u0131la \u00e7\u0131kar\u0131lmas\u0131&nbsp;<\/h4>\n<p>Tart\u0131\u015fman\u0131n merkezinde, g\u00f6\u00e7menlerin ILR hakk\u0131na ula\u015fabilmesi i\u00e7in Birle\u015fik Krall\u0131k\u2019ta ge\u00e7irmesi gereken standart s\u00fcrenin <strong>5 y\u0131ldan 10 y\u0131la \u00e7\u0131kar\u0131lmas\u0131<\/strong> bulunuyor.<\/p><div id=\"briti-3304609353\" class=\"briti-icerik\" style=\"margin-top: 5px;margin-bottom: 5px;\"><a href=\"https:\/\/piaryum.com\/services\/\" aria-label=\"piaryum banner\"><img loading=\"lazy\" decoding=\"async\" src=\"https:\/\/by-tv.co.uk\/wp-content\/uploads\/2025\/12\/Gemini_Generated_Image_g5yqr1g5yqr1g5yq.jpg\" alt=\"\"  width=\"2064\" height=\"1152\"   \/><\/a><\/div>\n<p>Mahmood\u2019un plan\u0131 yaln\u0131zca \u00fclkeye gelecekte gelecek g\u00f6\u00e7menleri kapsam\u0131yor. <strong>Halihaz\u0131rda Birle\u015fik Krall\u0131k\u2019ta ya\u015fayan g\u00f6\u00e7menlerin de yeni kurallara tabi tutulmas\u0131 planlan\u0131yor.<\/strong> D\u00fczenlemenin mevcut g\u00f6\u00e7menlere uygulanmas\u0131, \u0130\u015f\u00e7i Partisi milletvekillerinin ba\u015fl\u0131ca itiraz noktalar\u0131ndan biri.<\/p>\n<div id=\"attachment_39553\" style=\"width: 1034px\" class=\"wp-caption alignnone\"><img loading=\"lazy\" decoding=\"async\" aria-describedby=\"caption-attachment-39553\" class=\"size-full wp-image-39553\" src=\"https:\/\/by-tv.co.uk\/wp-content\/uploads\/2026\/07\/55405577972_eaa67492d0_b.jpg\" alt=\"\" width=\"1024\" height=\"683\" title=\"\"><p id=\"caption-attachment-39553\" class=\"wp-caption-text\">10 Downing Street. Picture by Lauren Hurley \/ No 10 Downing Street<\/p><\/div>\n<p>Mahmood ve Ba\u015fbakan <strong>Andy Burnham\u2019\u0131n<\/strong>, tepkilerin ard\u0131ndan milletvekillerine y\u00f6nelik bir taviz se\u00e7ene\u011fini de\u011ferlendirdi\u011fi belirtiliyor.<\/p>\n<h4>Yakla\u015f\u0131k 100 milletvekilinin endi\u015feli oldu\u011fu belirtiliyor<\/h4>\n<p>\u0130\u015f\u00e7i Partili milletvekili <strong>Neil Duncan-Jordan<\/strong> taraf\u0131ndan sunulan ve d\u00fczenlemelerin de\u011fi\u015ftirilmesini isteyen parlamento \u00f6nergesi 64 milletvekilinin deste\u011fini ald\u0131. Bunlar\u0131n <strong>37\u2019sini \u0130\u015f\u00e7i Partili milletvekilleri<\/strong> olu\u015fturuyor.<\/p>\n<p>Ancak kamuoyuna a\u00e7\u0131k muhalefetin, parti i\u00e7indeki toplam rahats\u0131zl\u0131\u011f\u0131n yaln\u0131zca bir b\u00f6l\u00fcm\u00fcn\u00fc yans\u0131tt\u0131\u011f\u0131 belirtiliyor. Habere g\u00f6re, <strong>yakla\u015f\u0131k 100 milletvekili endi\u015felerini \u00f6zel olarak bakanlara iletti.<\/strong><\/p>\n<p>Duncan-Jordan ve \u00f6nergeyi destekleyen milletvekilleri, sosyal bak\u0131m \u00e7al\u0131\u015fanlar\u0131 dahil olmak \u00fczere <strong>t\u00fcm Skilled Worker vizesi sahiplerinin mevcut 5 y\u0131ll\u0131k yerle\u015fim yolunda kalmas\u0131n\u0131<\/strong> istiyor.<\/p>\n<p>\u00d6nergede bu \u00e7al\u0131\u015fanlar\u0131n vergi \u00f6dedi\u011fi, ya\u015fad\u0131klar\u0131 topluma katk\u0131da bulundu\u011fu ve kamu fonlar\u0131ndan yararlanma hakk\u0131na sahip olmad\u0131\u011f\u0131 vurgulan\u0131yor.<\/p>\n<p>Milletvekilleri ayr\u0131ca s\u00f6z konusu ki\u015filerin Birle\u015fik Krall\u0131k\u2019a, <strong>be\u015f y\u0131ll\u0131k \u00e7al\u0131\u015fma ve ikametin ard\u0131ndan kal\u0131c\u0131 oturuma ba\u015fvurabilecekleri anlay\u0131\u015f\u0131yla geldiklerini<\/strong> ve pek \u00e7o\u011funun hayat\u0131n\u0131 buna g\u00f6re kurdu\u011funu belirtiyor.<\/p>\n<h4>Mevcut g\u00f6\u00e7menlerin muaf tutulmas\u0131na y\u00fczde 45 destek<\/h4>\n<p><em>The i Paper<\/em> taraf\u0131ndan yay\u0131mlanan BMG ara\u015ft\u0131rmas\u0131na g\u00f6re se\u00e7menlerin <strong>y\u00fczde 45\u2019i, halihaz\u0131rda Birle\u015fik Krall\u0131k\u2019ta bulunan ki\u015filerin yeni d\u00fczenlemelerden muaf tutulmas\u0131n\u0131<\/strong> destekliyor. De\u011fi\u015fikliklerin mevcut g\u00f6\u00e7menlere de uygulanmas\u0131 gerekti\u011fini d\u00fc\u015f\u00fcnenlerin oran\u0131 ise y\u00fczde 33.<\/p>\n<p>Ara\u015ft\u0131rmada ayn\u0131 oranda, yani <strong>y\u00fczde 45 d\u00fczeyinde destek, daha d\u00fc\u015f\u00fck vas\u0131fl\u0131 sa\u011fl\u0131k ve sosyal bak\u0131m \u00e7al\u0131\u015fanlar\u0131n\u0131n da d\u00fczenlemeden muaf tutulmas\u0131<\/strong> y\u00f6n\u00fcnde \u00e7\u0131kt\u0131.<\/p>\n<h4>\u201cWindrush benzeri bir skandal\u201d uyar\u0131s\u0131<\/h4>\n<p>Duncan-Jordan, bak\u0131m evlerinde, demiryollar\u0131nda veya sa\u011fl\u0131k sekt\u00f6r\u00fcnde \u00e7al\u0131\u015fan g\u00f6\u00e7menlerin hayatlar\u0131n\u0131 mevcut kurallar temelinde kurduklar\u0131n\u0131 belirterek, ki\u015filerin \u00fclkede kal\u0131\u015f s\u00fcrecinin ortas\u0131nda kurallar\u0131n de\u011fi\u015ftirilmesini \u201cBritanyal\u0131 de\u011ferlere ayk\u0131r\u0131\u201d olarak nitelendirdi.<\/p>\n<p>Milletvekili, d\u00fczenlemenin de\u011fi\u015ftirilmemesi halinde <strong>\u201cb\u00fcy\u00fck \u00f6l\u00e7ekte Windrush benzeri bir skandal\u201d<\/strong> ya\u015fanabilece\u011fini savundu. Bunun kamu hizmetlerini, bu hizmetlerden yararlananlar\u0131 ve hizmetleri sa\u011flayan g\u00f6\u00e7men \u00e7al\u0131\u015fanlar\u0131 olumsuz etkileyebilece\u011fini s\u00f6yledi.<\/p>\n<p>\u00d6nergede ayr\u0131ca reformlar\u0131n <strong>g\u00f6\u00e7menlik sistemine duyulan g\u00fcveni zedeleyebilece\u011fi, Birle\u015fik Krall\u0131k\u2019\u0131n uluslararas\u0131 itibar\u0131na zarar verebilece\u011fi ve nitelikli \u00e7al\u0131\u015fan a\u00e7\u0131\u011f\u0131n\u0131 a\u011f\u0131rla\u015ft\u0131rabilece\u011fi<\/strong> uyar\u0131s\u0131 yap\u0131l\u0131yor.<\/p>\n<h4>Sosyal bak\u0131m sekt\u00f6r\u00fcnde \u00e7al\u0131\u015fan a\u00e7\u0131\u011f\u0131 endi\u015fesi<\/h4>\n<p>Tart\u0131\u015fman\u0131n \u00f6nemli ba\u015fl\u0131klar\u0131ndan biri de sosyal bak\u0131m sekt\u00f6r\u00fc. <em>The i Paper\u2019\u0131n<\/em> aktard\u0131\u011f\u0131 Unison sendikas\u0131 analizine g\u00f6re, g\u00f6\u00e7men \u00e7al\u0131\u015fan say\u0131s\u0131ndaki d\u00fc\u015f\u00fc\u015f nedeniyle sosyal bak\u0131m sekt\u00f6r\u00fcnde olu\u015fan a\u00e7\u0131klar\u0131n <strong>Britanyal\u0131 \u00e7al\u0131\u015fanlar taraf\u0131ndan doldurulmad\u0131\u011f\u0131na<\/strong> ili\u015fkin g\u00f6stergeler bulunuyor.<\/p>\n<p>Unison Genel Sekreteri <strong>Andrea Egan<\/strong>, Mahmood\u2019un geri ad\u0131m atmamas\u0131 halinde konunun eyl\u00fcl sonunda yap\u0131lacak \u0130\u015f\u00e7i Partisi konferans\u0131nda g\u00fcndeme getirilece\u011fini s\u00f6yledi. Egan, \u00e7ok say\u0131da milletvekilinin \u00f6nerilere kar\u015f\u0131 \u00e7\u0131kmas\u0131n\u0131 olumlu bulduklar\u0131n\u0131 ve planlar\u0131n yeniden de\u011ferlendirilmesi gerekti\u011fini belirtti.<\/p>\n<h4>\u0130\u00e7i\u015fleri Bakanl\u0131\u011f\u0131: \u0130sti\u015fare s\u00fcreci tamamland\u0131<\/h4>\n<p>\u0130\u00e7i\u015fleri Bakanl\u0131\u011f\u0131 ise ge\u00e7en kas\u0131m ay\u0131nda a\u00e7\u0131klanan reformlar\u0131n, <strong>\u00e7o\u011fu g\u00f6\u00e7men i\u00e7in standart yerle\u015fim s\u00fcresini 10 y\u0131la \u00e7\u0131kard\u0131\u011f\u0131n\u0131<\/strong>, ancak Birle\u015fik Krall\u0131k\u2019a g\u00fc\u00e7l\u00fc katk\u0131 sa\u011flayan ki\u015filer i\u00e7in daha k\u0131sa yollar \u00f6ng\u00f6r\u00fcld\u00fc\u011f\u00fcn\u00fc bildirdi.<\/p>\n<p>Bakanl\u0131k s\u00f6zc\u00fcs\u00fc, reformlar\u0131n baz\u0131 unsurlar\u0131na ili\u015fkin <strong>kamu isti\u015faresinin tamamland\u0131\u011f\u0131n\u0131<\/strong> ve h\u00fck\u00fcmetin yan\u0131t\u0131n\u0131n ilerleyen d\u00f6nemde a\u00e7\u0131klanaca\u011f\u0131n\u0131 belirtti.<\/p>\n<div id=\"briti-191976154\" class=\"briti-icerikten-sonra_2\" style=\"margin-top: 25px;margin-bottom: 25px;\"><a href=\"https:\/\/wa.me\/message\/NDZLLIOQT4H3O1\" aria-label=\"bytv reklam banner\"><img loading=\"lazy\" decoding=\"async\" src=\"https:\/\/by-tv.co.uk\/wp-content\/uploads\/2025\/12\/bytv-reklam-banner.jpg\" alt=\"\"  width=\"2376\" height=\"1008\"   \/><\/a><\/div>","protected":false},"excerpt":{"rendered":"<p>Birle\u015fik Krall\u0131k \u0130\u00e7i\u015fleri Bakan\u0131 Shabana Mahmood\u2019un s\u00fcresiz oturum hakk\u0131na (Indefinite Leave to Remain &#8211; ILR) ili\u015fkin g\u00f6\u00e7menlik reformlar\u0131, \u0130\u015f\u00e7i Partisi milletvekilleri aras\u0131nda b\u00fcy\u00fcyen bir muhalefetle kar\u015f\u0131 kar\u015f\u0131ya. The i Paper\u2019\u0131n&nbsp; haberine g\u00f6re, 10 \u0130\u015f\u00e7i Partisi milletvekilinin daha d\u00fczenlemelere a\u00e7\u0131k\u00e7a kar\u015f\u0131 \u00e7\u0131kmas\u0131 bekleniyor. Milletvekilleri, \u00f6nerilen ILR de\u011fi\u015fikliklerinin yumu\u015fat\u0131lmas\u0131n\u0131 isteyen parlamento \u00f6nergesine destek verecek. ILR i\u00e7in standart s\u00fcrenin 10 y\u0131la \u00e7\u0131kar\u0131lmas\u0131&nbsp; Tart\u0131\u015fman\u0131n merkezinde, g\u00f6\u00e7menlerin ILR hakk\u0131na ula\u015fabilmesi i\u00e7in Birle\u015fik Krall\u0131k\u2019ta ge\u00e7irmesi gereken standart s\u00fcrenin 5 y\u0131ldan 10 y\u0131la \u00e7\u0131kar\u0131lmas\u0131 bulunuyor. Mahmood\u2019un plan\u0131 yaln\u0131zca \u00fclkeye gelecekte gelecek g\u00f6\u00e7menleri kapsam\u0131yor. Halihaz\u0131rda Birle\u015fik Krall\u0131k\u2019ta ya\u015fayan g\u00f6\u00e7menlerin de yeni kurallara tabi tutulmas\u0131 planlan\u0131yor. D\u00fczenlemenin mevcut g\u00f6\u00e7menlere [&hellip;]<\/p>\n","protected":false},"author":11,"featured_media":39943,"comment_status":"open","ping_status":"open","sticky":false,"template":"","format":"standard","meta":{"ngg_post_thumbnail":0,"footnotes":""},"categories":[5269],"tags":[],"class_list":["post-39942","post","type-post","status-publish","format-standard","has-post-thumbnail","hentry","category-birlesik-krallik"],"_links":{"self":[{"href":"https:\/\/by-tv.co.uk\/en\/wp-json\/wp\/v2\/posts\/39942","targetHints":{"allow":["GET"]}}],"collection":[{"href":"https:\/\/by-tv.co.uk\/en\/wp-json\/wp\/v2\/posts"}],"about":[{"href":"https:\/\/by-tv.co.uk\/en\/wp-json\/wp\/v2\/types\/post"}],"author":[{"embeddable":true,"href":"https:\/\/by-tv.co.uk\/en\/wp-json\/wp\/v2\/users\/11"}],"replies":[{"embeddable":true,"href":"https:\/\/by-tv.co.uk\/en\/wp-json\/wp\/v2\/comments?post=39942"}],"version-history":[{"count":3,"href":"https:\/\/by-tv.co.uk\/en\/wp-json\/wp\/v2\/posts\/39942\/revisions"}],"predecessor-version":[{"id":39946,"href":"https:\/\/by-tv.co.uk\/en\/wp-json\/wp\/v2\/posts\/39942\/revisions\/39946"}],"wp:featuredmedia":[{"embeddable":true,"href":"https:\/\/by-tv.co.uk\/en\/wp-json\/wp\/v2\/media\/39943"}],"wp:attachment":[{"href":"https:\/\/by-tv.co.uk\/en\/wp-json\/wp\/v2\/media?parent=39942"}],"wp:term":[{"taxonomy":"category","embeddable":true,"href":"https:\/\/by-tv.co.uk\/en\/wp-json\/wp\/v2\/categories?post=39942"},{"taxonomy":"post_tag","embeddable":true,"href":"https:\/\/by-tv.co.uk\/en\/wp-json\/wp\/v2\/tags?post=39942"}],"curies":[{"name":"wp","href":"https:\/\/api.w.org\/{rel}","templated":true}]}}