{"id":39929,"date":"2026-08-31T09:33:06","date_gmt":"2026-08-31T08:33:06","guid":{"rendered":"https:\/\/by-tv.co.uk\/?p=39929"},"modified":"2026-08-31T09:33:06","modified_gmt":"2026-08-31T08:33:06","slug":"iran-ve-israil-abd-savasi-ingilteredeki-hanelere-2-400a-mal-olabilir","status":"publish","type":"post","link":"https:\/\/by-tv.co.uk\/en\/iran-ve-israil-abd-savasi-ingilteredeki-hanelere-2-400a-mal-olabilir\/","title":{"rendered":"\u0130ran ve \u0130srail-ABD sava\u015f\u0131 \u0130ngiltere&#8217;deki hanelere \u00a32.400\u2019a mal olabilir"},"content":{"rendered":"<p>\u0130ran ve \u0130srail-ABD sava\u015f\u0131n\u0131n enerji fiyatlar\u0131, enflasyon ve \u00fccretler \u00fczerindeki etkisinin Birle\u015fik Krall\u0131k\u2019taki hanelere maliyetinin <strong>2027 sonuna kadar ortalama \u00a32.400\u2019a<\/strong> ula\u015fabilece\u011fi hesapland\u0131.<\/p>\n<p>The Guardian\u2019\u0131n aktard\u0131\u011f\u0131, Centre for Economics and Business Research (CEBR) analizine g\u00f6re, \u00e7at\u0131\u015fman\u0131n ba\u015flamas\u0131ndan bu yana y\u00fckselen enflasyon ve zay\u0131flayan \u00fccret art\u0131\u015f\u0131, ortalama bir hanenin reel gelirini <strong>2026\u2019da \u00a31.100, 2027\u2019de ise ilave \u00a31.300<\/strong> azaltabilir.<\/p>\n<p>CEBR, Orta Do\u011fu\u2019daki \u00e7at\u0131\u015fman\u0131n Birle\u015fik Krall\u0131k hanelerinin toplam reel harcanabilir gelirinden <strong>\u00a370,4 milyar<\/strong> g\u00f6t\u00fcrebilece\u011fini tahmin ediyor.<\/p><div id=\"briti-1755424571\" class=\"briti-icerik\" style=\"margin-top: 5px;margin-bottom: 5px;\"><a href=\"https:\/\/piaryum.com\/services\/\" aria-label=\"piaryum banner\"><img loading=\"lazy\" decoding=\"async\" src=\"https:\/\/by-tv.co.uk\/wp-content\/uploads\/2025\/12\/Gemini_Generated_Image_g5yqr1g5yqr1g5yq.jpg\" alt=\"\"  width=\"2064\" height=\"1152\"   \/><\/a><\/div>\n<h4>Enerji maliyetleri haneleri do\u011frudan etkiliyor<\/h4>\n<p>H\u00fcrm\u00fcz Bo\u011faz\u0131\u2019n\u0131n kapanmas\u0131n\u0131n yaratt\u0131\u011f\u0131 ekonomik \u015fokun haneleri iki kanaldan etkiledi\u011fini belirten CEBR K\u0131demli Ekonomisti <strong>Liam Daly<\/strong>, enerji maliyetlerindeki art\u0131\u015f\u0131n faturalar\u0131n yan\u0131 s\u0131ra di\u011fer \u00fcr\u00fcn ve hizmetlerin fiyatlar\u0131na da yans\u0131d\u0131\u011f\u0131n\u0131 s\u00f6yledi.<\/p>\n<p>Daly\u2019ye g\u00f6re ikinci etki ise para politikas\u0131 ve i\u015f g\u00fcc\u00fc piyasas\u0131 \u00fczerinden daha yava\u015f ortaya \u00e7\u0131k\u0131yor.<\/p>\n<p>\u0130ran sava\u015f\u0131 \u00f6ncesinde <strong>Bank of England\u2019\u0131n faiz indirimine gitmesi bekleniyordu<\/strong>. Ancak faizler sabit tutulurken, piyasalarda aral\u0131k ay\u0131na kadar bir faiz art\u0131\u015f\u0131 ihtimali fiyatlanmaya ba\u015flad\u0131. Y\u00fcksek enerji maliyetleri ve bor\u00e7lanma ko\u015fullar\u0131n\u0131n hane harcamalar\u0131n\u0131 bask\u0131layarak ekonomik b\u00fcy\u00fcmeyi de olumsuz etkileyebilece\u011fi de\u011ferlendiriliyor.<\/p>\n<h4>Enerji faturalar\u0131 ekimde artacak<\/h4>\n<p>Birle\u015fik Krall\u0131k enerji d\u00fczenleyicisi <strong>Ofgem<\/strong>, \u00fc\u00e7 ayl\u0131k enerji fiyat tavan\u0131n\u0131 y\u00fczde 4 y\u00fckseltme karar\u0131 ald\u0131. Buna g\u00f6re B\u00fcy\u00fck Britanya\u2019daki enerji faturalar\u0131n\u0131n ekim ay\u0131nda artmas\u0131 bekleniyor.<\/p>\n<p>Energy and Climate Intelligence Unit (ECIU) ise ABD-\u0130ran sava\u015f\u0131n\u0131n ba\u015flad\u0131\u011f\u0131 28 \u015eubat\u2019tan bu yana y\u00fckselen toptan petrol ve do\u011fal gaz fiyatlar\u0131n\u0131n, Birle\u015fik Krall\u0131k\u2019\u0131n enerji ve karayolu ula\u015f\u0131m maliyetlerine yakla\u015f\u0131k <strong>\u00a39,8 milyar<\/strong> ek y\u00fck getirece\u011fini hesaplad\u0131.<\/p>\n<p>ECIU\u2019ya g\u00f6re \u00e7at\u0131\u015fman\u0131n devam etti\u011fi her hafta, \u00fclkedeki gaz ve elektrik kullan\u0131c\u0131lar\u0131n\u0131n maliyetine yakla\u015f\u0131k <strong>\u00a3190 milyon<\/strong> daha eklenebilir.<\/p>\n<div id=\"briti-2065074620\" class=\"briti-icerikten-sonra_2\" style=\"margin-top: 25px;margin-bottom: 25px;\"><a href=\"https:\/\/wa.me\/message\/NDZLLIOQT4H3O1\" aria-label=\"bytv reklam banner\"><img loading=\"lazy\" decoding=\"async\" src=\"https:\/\/by-tv.co.uk\/wp-content\/uploads\/2025\/12\/bytv-reklam-banner.jpg\" alt=\"\"  width=\"2376\" height=\"1008\"   \/><\/a><\/div>","protected":false},"excerpt":{"rendered":"<p>\u0130ran ve \u0130srail-ABD sava\u015f\u0131n\u0131n enerji fiyatlar\u0131, enflasyon ve \u00fccretler \u00fczerindeki etkisinin Birle\u015fik Krall\u0131k\u2019taki hanelere maliyetinin 2027 sonuna kadar ortalama \u00a32.400\u2019a ula\u015fabilece\u011fi hesapland\u0131. The Guardian\u2019\u0131n aktard\u0131\u011f\u0131, Centre for Economics and Business Research (CEBR) analizine g\u00f6re, \u00e7at\u0131\u015fman\u0131n ba\u015flamas\u0131ndan bu yana y\u00fckselen enflasyon ve zay\u0131flayan \u00fccret art\u0131\u015f\u0131, ortalama bir hanenin reel gelirini 2026\u2019da \u00a31.100, 2027\u2019de ise ilave \u00a31.300 azaltabilir. CEBR, Orta Do\u011fu\u2019daki \u00e7at\u0131\u015fman\u0131n Birle\u015fik Krall\u0131k hanelerinin toplam reel harcanabilir gelirinden \u00a370,4 milyar g\u00f6t\u00fcrebilece\u011fini tahmin ediyor. Enerji maliyetleri haneleri do\u011frudan etkiliyor H\u00fcrm\u00fcz Bo\u011faz\u0131\u2019n\u0131n kapanmas\u0131n\u0131n yaratt\u0131\u011f\u0131 ekonomik \u015fokun haneleri iki kanaldan etkiledi\u011fini belirten CEBR K\u0131demli Ekonomisti Liam Daly, enerji maliyetlerindeki art\u0131\u015f\u0131n faturalar\u0131n yan\u0131 s\u0131ra di\u011fer [&hellip;]<\/p>\n","protected":false},"author":11,"featured_media":39930,"comment_status":"open","ping_status":"open","sticky":false,"template":"","format":"standard","meta":{"ngg_post_thumbnail":0,"footnotes":""},"categories":[5269],"tags":[],"class_list":["post-39929","post","type-post","status-publish","format-standard","has-post-thumbnail","hentry","category-birlesik-krallik"],"_links":{"self":[{"href":"https:\/\/by-tv.co.uk\/en\/wp-json\/wp\/v2\/posts\/39929","targetHints":{"allow":["GET"]}}],"collection":[{"href":"https:\/\/by-tv.co.uk\/en\/wp-json\/wp\/v2\/posts"}],"about":[{"href":"https:\/\/by-tv.co.uk\/en\/wp-json\/wp\/v2\/types\/post"}],"author":[{"embeddable":true,"href":"https:\/\/by-tv.co.uk\/en\/wp-json\/wp\/v2\/users\/11"}],"replies":[{"embeddable":true,"href":"https:\/\/by-tv.co.uk\/en\/wp-json\/wp\/v2\/comments?post=39929"}],"version-history":[{"count":2,"href":"https:\/\/by-tv.co.uk\/en\/wp-json\/wp\/v2\/posts\/39929\/revisions"}],"predecessor-version":[{"id":39932,"href":"https:\/\/by-tv.co.uk\/en\/wp-json\/wp\/v2\/posts\/39929\/revisions\/39932"}],"wp:featuredmedia":[{"embeddable":true,"href":"https:\/\/by-tv.co.uk\/en\/wp-json\/wp\/v2\/media\/39930"}],"wp:attachment":[{"href":"https:\/\/by-tv.co.uk\/en\/wp-json\/wp\/v2\/media?parent=39929"}],"wp:term":[{"taxonomy":"category","embeddable":true,"href":"https:\/\/by-tv.co.uk\/en\/wp-json\/wp\/v2\/categories?post=39929"},{"taxonomy":"post_tag","embeddable":true,"href":"https:\/\/by-tv.co.uk\/en\/wp-json\/wp\/v2\/tags?post=39929"}],"curies":[{"name":"wp","href":"https:\/\/api.w.org\/{rel}","templated":true}]}}