{"id":3971,"date":"2020-03-16T01:34:46","date_gmt":"2020-03-15T22:34:46","guid":{"rendered":"https:\/\/by-tv.co.uk\/?p=3971"},"modified":"2020-03-16T01:37:07","modified_gmt":"2020-03-15T22:37:07","slug":"saglik-bakani-dr-fahrettin-koca-turkiyede-koroaviruslu-vaka-sayisi-18-oldu","status":"publish","type":"post","link":"https:\/\/by-tv.co.uk\/en\/saglik-bakani-dr-fahrettin-koca-turkiyede-koroaviruslu-vaka-sayisi-18-oldu\/","title":{"rendered":"Sa\u011fl\u0131k Bakan\u0131 Dr. Fahrettin Koca: T\u00fcrkiye&#8217;de koroavir\u00fcsl\u00fc vaka say\u0131s\u0131 18 oldu."},"content":{"rendered":"<div>\n<div class=\"css-1dbjc4n r-1ila09b r-qklmqi r-1adg3ll\">\n<article class=\"css-1dbjc4n r-1loqt21 r-1udh08x r-o7ynqc r-1j63xyz\" tabindex=\"0\" role=\"article\" aria-haspopup=\"false\" data-focusable=\"true\" aria-labelledby=\"tweet-promoted-label conversation-level-label tweet-social-context tweet-user-name tweet-user-screen-name tweet-timestamp tweet-reply-context tweet-text tweet-rich-content-label tweet-action-buttons\">\n<div class=\"css-1dbjc4n\">\n<div class=\"css-1dbjc4n r-1j3t67a\">\n<div class=\"css-1dbjc4n r-18u37iz r-thb0q2\" data-testid=\"tweet\">\n<div class=\"css-1dbjc4n r-1iusvr4 r-16y2uox r-1777fci r-5f2r5o r-1mi0q7o\">\n<div class=\"css-1dbjc4n\">\n<div class=\"css-1dbjc4n\">\n<div dir=\"auto\" lang=\"tr\"><span class=\"css-901oao css-16my406 r-1qd0xha r-ad9z0x r-bcqeeo r-qvutc0\">T.C. Sa\u011fl\u0131k Bakan\u0131 Dr. Fahrettin Koca gece saatlerinde bir a\u00e7\u0131klama yaparak coronavir\u00fcs tan\u0131s\u0131 konan hasta say\u0131s\u0131n\u0131n 18 oldu\u011funu s\u00f6yledi. <\/span><\/div>\n<div dir=\"auto\" lang=\"tr\"><span class=\"css-901oao css-16my406 r-1qd0xha r-ad9z0x r-bcqeeo r-qvutc0\">Dr. Fahrettin Koca:A\u00e7\u0131klad\u0131\u011f\u0131m\u0131z ilk vakan\u0131n g\u00f6zlem alt\u0131nda tutulan \u00e7evresindeki iki ki\u015fiye tan\u0131 konmu\u015ftur. Avrupa \u00fclkelerinden gelmi\u015f yedi, Amerika\u2019dan gelmi\u015f \u00fc\u00e7 vakam\u0131z var. Durum \u00fcz\u00fcc\u00fc ama\u2026 Tespit edilmi\u015f her vaka, her izolasyon hepimiz i\u00e7in emniyettir. <\/span><span class=\"css-901oao css-16my406 r-1qd0xha r-ad9z0x r-bcqeeo r-qvutc0\">Az \u00f6nce a\u00e7\u0131klanan ve yeni olan vaka say\u0131s\u0131, toplam 12\u2019dir. Bunlardan 2\u2019si ilk vakam\u0131z\u0131n temas \u00e7evresindendir. \u015eu ana kadar toplam vaka say\u0131m\u0131zsa 18\u2019dir. Vaka say\u0131s\u0131 bilgisi a\u00e7\u0131k, tam olarak bu \u015fekildedir.<\/span><\/div>\n<\/div>\n<\/div>\n<\/div>\n<\/div>\n<\/div>\n<\/div>\n<\/article>\n<\/div>\n<\/div>\n<div>\n<div class=\"css-1dbjc4n r-1ila09b r-qklmqi r-1adg3ll\">\n<article class=\"css-1dbjc4n r-1loqt21 r-1udh08x r-o7ynqc r-1j63xyz\" tabindex=\"0\" role=\"article\" aria-haspopup=\"false\" data-focusable=\"true\">\n<div class=\"css-1dbjc4n\">\n<div class=\"css-1dbjc4n r-1j3t67a\">\n<div class=\"css-1dbjc4n r-18u37iz r-thb0q2\" data-testid=\"tweet\">\n<div class=\"css-1dbjc4n r-1iusvr4 r-16y2uox r-1777fci r-5f2r5o r-1mi0q7o\">\n<div class=\"css-1dbjc4n\">\n<div class=\"css-1dbjc4n r-zl2h9q\">\n<div class=\"css-1dbjc4n r-1habvwh r-18u37iz r-1wtj0ep\">\n<div class=\"css-1dbjc4n r-1d09ksm r-18u37iz r-1wbh5a2\">\n<div class=\"css-1dbjc4n r-1wbh5a2 r-dnmrzs\">\n<div class=\"css-1dbjc4n r-1awozwy r-18u37iz r-1wbh5a2 r-dnmrzs r-1ny4l3l\">\n<div class=\"css-1dbjc4n r-1awozwy r-18u37iz r-dnmrzs\">\n<div class=\"css-901oao css-bfa6kz r-jwli3a r-1qd0xha r-a023e6 r-vw2c0b r-ad9z0x r-bcqeeo r-3s2u2q r-qvutc0\" dir=\"auto\"><\/div>\n<\/div>\n<\/div>\n<\/div>\n<\/div>\n<\/div>\n<\/div>\n<\/div>\n<div class=\"css-1dbjc4n\">\n<div class=\"css-1dbjc4n\">\n<div class=\"css-901oao r-jwli3a r-1qd0xha r-a023e6 r-16dba41 r-ad9z0x r-bcqeeo r-bnwqim r-qvutc0\" dir=\"auto\" lang=\"tr\"><\/div>\n<\/div>\n<\/div>\n<\/div>\n<\/div>\n<\/div>\n<\/div>\n<\/article>\n<\/div>\n<\/div>\n<div id=\"briti-2023123820\" class=\"briti-icerikten-sonra_2\" style=\"margin-top: 25px;margin-bottom: 25px;\"><a href=\"https:\/\/wa.me\/message\/NDZLLIOQT4H3O1\" aria-label=\"bytv reklam banner\"><img loading=\"lazy\" decoding=\"async\" src=\"https:\/\/by-tv.co.uk\/wp-content\/uploads\/2025\/12\/bytv-reklam-banner.jpg\" alt=\"\"  width=\"2376\" height=\"1008\"   \/><\/a><\/div>","protected":false},"excerpt":{"rendered":"<p>T.C. Sa\u011fl\u0131k Bakan\u0131 Dr. Fahrettin Koca gece saatlerinde bir a\u00e7\u0131klama yaparak coronavir\u00fcs tan\u0131s\u0131 konan hasta say\u0131s\u0131n\u0131n 18 oldu\u011funu s\u00f6yledi. Dr. Fahrettin Koca:A\u00e7\u0131klad\u0131\u011f\u0131m\u0131z ilk vakan\u0131n g\u00f6zlem alt\u0131nda tutulan \u00e7evresindeki iki ki\u015fiye tan\u0131 konmu\u015ftur. Avrupa \u00fclkelerinden gelmi\u015f yedi, Amerika\u2019dan gelmi\u015f \u00fc\u00e7 vakam\u0131z var. Durum \u00fcz\u00fcc\u00fc ama\u2026 Tespit edilmi\u015f her vaka, her izolasyon hepimiz i\u00e7in emniyettir. Az \u00f6nce a\u00e7\u0131klanan ve yeni olan vaka say\u0131s\u0131, toplam 12\u2019dir. Bunlardan 2\u2019si ilk vakam\u0131z\u0131n temas \u00e7evresindendir. \u015eu ana kadar toplam vaka say\u0131m\u0131zsa 18\u2019dir. Vaka say\u0131s\u0131 bilgisi a\u00e7\u0131k, tam olarak bu \u015fekildedir.<\/p>","protected":false},"author":1,"featured_media":3972,"comment_status":"open","ping_status":"open","sticky":false,"template":"","format":"standard","meta":{"ngg_post_thumbnail":0,"footnotes":""},"categories":[1],"tags":[],"class_list":["post-3971","post","type-post","status-publish","format-standard","has-post-thumbnail","hentry","category-genel"],"_links":{"self":[{"href":"https:\/\/by-tv.co.uk\/en\/wp-json\/wp\/v2\/posts\/3971","targetHints":{"allow":["GET"]}}],"collection":[{"href":"https:\/\/by-tv.co.uk\/en\/wp-json\/wp\/v2\/posts"}],"about":[{"href":"https:\/\/by-tv.co.uk\/en\/wp-json\/wp\/v2\/types\/post"}],"author":[{"embeddable":true,"href":"https:\/\/by-tv.co.uk\/en\/wp-json\/wp\/v2\/users\/1"}],"replies":[{"embeddable":true,"href":"https:\/\/by-tv.co.uk\/en\/wp-json\/wp\/v2\/comments?post=3971"}],"version-history":[{"count":0,"href":"https:\/\/by-tv.co.uk\/en\/wp-json\/wp\/v2\/posts\/3971\/revisions"}],"wp:featuredmedia":[{"embeddable":true,"href":"https:\/\/by-tv.co.uk\/en\/wp-json\/wp\/v2\/media\/3972"}],"wp:attachment":[{"href":"https:\/\/by-tv.co.uk\/en\/wp-json\/wp\/v2\/media?parent=3971"}],"wp:term":[{"taxonomy":"category","embeddable":true,"href":"https:\/\/by-tv.co.uk\/en\/wp-json\/wp\/v2\/categories?post=3971"},{"taxonomy":"post_tag","embeddable":true,"href":"https:\/\/by-tv.co.uk\/en\/wp-json\/wp\/v2\/tags?post=3971"}],"curies":[{"name":"wp","href":"https:\/\/api.w.org\/{rel}","templated":true}]}}