{"id":39612,"date":"2026-07-25T21:20:55","date_gmt":"2026-07-25T20:20:55","guid":{"rendered":"https:\/\/by-tv.co.uk\/?p=39612"},"modified":"2026-07-25T21:20:55","modified_gmt":"2026-07-25T20:20:55","slug":"fransa-ve-ispanyada-orman-yanginlari-nedeniyle-250-binden-fazla-kisi-tahliye-edildi","status":"publish","type":"post","link":"https:\/\/by-tv.co.uk\/en\/fransa-ve-ispanyada-orman-yanginlari-nedeniyle-250-binden-fazla-kisi-tahliye-edildi\/","title":{"rendered":"Fransa ve \u0130spanya&#8217;da orman yang\u0131nlar\u0131 nedeniyle 250 binden fazla ki\u015fi tahliye edildi"},"content":{"rendered":"<p>Fransa ve \u0130spanya&#8217;da g\u00fcnlerdir etkisini s\u00fcrd\u00fcren orman yang\u0131nlar\u0131 nedeniyle <strong>250 binden fazla ki\u015fi tahliye edildi<\/strong>. <b>\u00d6<\/b>zellikle Fransa&#8217;n\u0131n g\u00fcneybat\u0131s\u0131 ile \u0130spanya&#8217;n\u0131n Madrid \u00e7evresinde devam eden yang\u0131nlar, y\u00fcksek s\u0131cakl\u0131k ve kuvvetli r\u00fczg\u00e2r nedeniyle kontrol alt\u0131na al\u0131nmakta zorlan\u0131yor.<\/p>\n<h4>Bordeaux yak\u0131n\u0131ndaki yang\u0131nlar b\u00fcy\u00fcyor<\/h4>\n<p>Fransa&#8217;n\u0131n Gironde ve Landes b\u00f6lgelerinde yakla\u015f\u0131k <strong>200 bin ki\u015fi<\/strong> evlerini terk etmek zorunda kald\u0131. Bordeaux&#8217;nun bat\u0131s\u0131ndaki yedi yerle\u015fim yerinde gece boyunca tahliye karar\u0131 uygulan\u0131rken, yang\u0131n\u0131n cumartesi sabah\u0131 itibar\u0131yla kente yakla\u015f\u0131k <strong>40 ila 50 kilometre<\/strong> uzakl\u0131kta oldu\u011fu bildirildi.<\/p>\n<p>Yetkililer, duman\u0131n r\u00fczg\u00e2r\u0131n etkisiyle Bordeaux&#8217;ya ula\u015ft\u0131\u011f\u0131n\u0131 ve kentte yo\u011fun yan\u0131k kokusunun hissedildi\u011fini belirtti. B\u00f6lge Valili\u011fi yetkililerinden biri, yang\u0131n\u0131n <strong>&#8220;kontrol alt\u0131na al\u0131nmas\u0131ndan h\u00e2l\u00e2 \u00e7ok uzak olduklar\u0131n\u0131&#8221;<\/strong> s\u00f6yledi.<\/p><div id=\"briti-631091561\" class=\"briti-icerik\" style=\"margin-top: 5px;margin-bottom: 5px;\"><a href=\"https:\/\/piaryum.com\/services\/\" aria-label=\"piaryum banner\"><img loading=\"lazy\" decoding=\"async\" src=\"https:\/\/by-tv.co.uk\/wp-content\/uploads\/2025\/12\/Gemini_Generated_Image_g5yqr1g5yqr1g5yq.jpg\" alt=\"\"  width=\"2064\" height=\"1152\"   \/><\/a><\/div>\n<p>Frans\u0131z h\u00fck\u00fcmeti, s\u00f6nd\u00fcrme \u00e7al\u0131\u015fmalar\u0131na destek amac\u0131yla orduyu devreye soktu. Asker\u00ee birlikler, itfaiye ekiplerine yang\u0131n \u015feritleri olu\u015fturulmas\u0131 ve bitki \u00f6rt\u00fcs\u00fcn\u00fcn temizlenmesi \u00e7al\u0131\u015fmalar\u0131nda destek veriyor.<\/p>\n<h4>Tour de France etab\u0131 k\u0131salt\u0131ld\u0131<\/h4>\n<p>Yang\u0131nlar nedeniyle pazar g\u00fcn\u00fc d\u00fczenlenecek <strong>Tour de France<\/strong>&#8216;\u0131n son etab\u0131 da g\u00fcvenlik g\u00fc\u00e7lerinin yang\u0131n b\u00f6lgelerine y\u00f6nlendirilebilmesi amac\u0131yla <strong>133 kilometreden 89 kilometreye<\/strong> d\u00fc\u015f\u00fcr\u00fcld\u00fc.<\/p>\n<p>Fransa Cumhurba\u015fkan\u0131 <strong>Emmanuel Macron<\/strong>&#8216;un, \u00fclke genelinde devam eden yakla\u015f\u0131k <strong>30 orman yang\u0131n\u0131<\/strong> nedeniyle ilgili bakanlarla acil toplant\u0131 yapmas\u0131 bekleniyor.<\/p>\n<p>Fransa \u0130\u00e7i\u015fleri Bakan\u0131 <strong>Laurent Nu\u00f1ez<\/strong>, 2026 y\u0131l\u0131n\u0131n ba\u015f\u0131ndan bu yana \u00fclkede <strong>98 bin hektarl\u0131k alan\u0131n<\/strong> yand\u0131\u011f\u0131n\u0131 a\u00e7\u0131klad\u0131.<\/p>\n<h4>\u0130spanya&#8217;da ola\u011fan\u00fcst\u00fc h\u00e2l ilan edildi<\/h4>\n<p>\u0130spanya&#8217;da ise ola\u011fan\u00fcst\u00fc h\u00e2l ilan edilirken, Madrid ve \u00c1vila b\u00f6lgelerinde yakla\u015f\u0131k <strong>60 bin ki\u015fi<\/strong> tahliye edildi, <strong>28 binden fazla ki\u015fi<\/strong> ise evlerinde kalmalar\u0131 y\u00f6n\u00fcnde uyar\u0131ld\u0131.<\/p>\n<p>Ba\u015fbakan <strong>Pedro S\u00e1nchez<\/strong>, hava ko\u015fullar\u0131ndaki ge\u00e7ici iyile\u015fmenin ekiplere f\u0131rsat sa\u011flad\u0131\u011f\u0131n\u0131 ancak \u00f6nlerinde <strong>&#8220;karma\u015f\u0131k saatler&#8221;<\/strong> bulundu\u011funu s\u00f6yledi. S\u00e1nchez, bu y\u0131l \u015fimdiye kadar \u00fclkede <strong>130 bin hektarl\u0131k alan\u0131n<\/strong> yand\u0131\u011f\u0131n\u0131, son on y\u0131l\u0131n y\u0131ll\u0131k ortalamas\u0131n\u0131n ise <strong>100 bin hektar<\/strong> oldu\u011funu belirtti.<\/p>\n<p>Madrid B\u00f6lge Ba\u015fkan\u0131 <strong>Isabel D\u00edaz Ayuso<\/strong>, ya\u015fananlar\u0131 b\u00f6lge tarihindeki <strong>&#8220;en b\u00fcy\u00fck yang\u0131n&#8221;<\/strong> olarak nitelendirdi.<\/p>\n<p>\u00d6te yandan Valensiya b\u00f6lgesindeki Manises&#8217;te \u00e7\u0131kan yang\u0131nda, <strong>70&#8217;li ya\u015flar\u0131nda oldu\u011fu de\u011ferlendirilen bir ki\u015finin<\/strong> arac\u0131nda hayat\u0131n\u0131 kaybetti\u011fi bildirildi.<\/p>\n<h4>AB&#8217;den uluslararas\u0131 destek<\/h4>\n<p>Avrupa Birli\u011fi Kriz Y\u00f6netimi Komiseri <strong>Hadja Lahbib<\/strong>, bu y\u0131l Avrupa&#8217;daki orman yang\u0131nlar\u0131n\u0131n \u00f6nceki rekorlar\u0131 a\u015fabilece\u011fi uyar\u0131s\u0131nda bulundu. Lahbib, yang\u0131n sezonunun normalden erken ba\u015flad\u0131\u011f\u0131n\u0131 ve yaz boyunca yeni s\u0131cak hava dalgalar\u0131n\u0131n beklendi\u011fini s\u00f6yledi.<\/p>\n<p>Fransa&#8217;n\u0131n Avrupa Birli\u011fi Sivil Koruma Mekanizmas\u0131&#8217;n\u0131 devreye almas\u0131n\u0131n ard\u0131ndan, <strong>H\u0131rvatistan&#8217;dan \u00fc\u00e7 Canadair yang\u0131n s\u00f6nd\u00fcrme u\u00e7a\u011f\u0131, Portekiz&#8217;den iki Air Tractor u\u00e7a\u011f\u0131, \u00c7ekya ve Slovakya&#8217;dan Black Hawk helikopterleri ile Romanya&#8217;dan 40 ki\u015filik orman yang\u0131n\u0131 ekibi<\/strong> \u00fclkeye destek verecek.<\/p>\n<p>BBC&#8217;nin haberine g\u00f6re Avrupa Komisyonu Ba\u015fkan\u0131 <strong>Ursula von der Leyen<\/strong> de AB&#8217;nin ortak yang\u0131n s\u00f6nd\u00fcrme filosundan <strong>11 u\u00e7ak ve helikopterin<\/strong> Fransa ve \u0130spanya&#8217;ya g\u00f6nderildi\u011fini a\u00e7\u0131klad\u0131.<\/p>\n<div id=\"briti-1736730424\" class=\"briti-icerikten-sonra_2\" style=\"margin-top: 25px;margin-bottom: 25px;\"><a href=\"https:\/\/wa.me\/message\/NDZLLIOQT4H3O1\" aria-label=\"bytv reklam banner\"><img loading=\"lazy\" decoding=\"async\" src=\"https:\/\/by-tv.co.uk\/wp-content\/uploads\/2025\/12\/bytv-reklam-banner.jpg\" alt=\"\"  width=\"2376\" height=\"1008\"   \/><\/a><\/div>","protected":false},"excerpt":{"rendered":"<p>Fransa ve \u0130spanya&#8217;da g\u00fcnlerdir etkisini s\u00fcrd\u00fcren orman yang\u0131nlar\u0131 nedeniyle 250 binden fazla ki\u015fi tahliye edildi. \u00d6zellikle Fransa&#8217;n\u0131n g\u00fcneybat\u0131s\u0131 ile \u0130spanya&#8217;n\u0131n Madrid \u00e7evresinde devam eden yang\u0131nlar, y\u00fcksek s\u0131cakl\u0131k ve kuvvetli r\u00fczg\u00e2r nedeniyle kontrol alt\u0131na al\u0131nmakta zorlan\u0131yor. Bordeaux yak\u0131n\u0131ndaki yang\u0131nlar b\u00fcy\u00fcyor Fransa&#8217;n\u0131n Gironde ve Landes b\u00f6lgelerinde yakla\u015f\u0131k 200 bin ki\u015fi evlerini terk etmek zorunda kald\u0131. Bordeaux&#8217;nun bat\u0131s\u0131ndaki yedi yerle\u015fim yerinde gece boyunca tahliye karar\u0131 uygulan\u0131rken, yang\u0131n\u0131n cumartesi sabah\u0131 itibar\u0131yla kente yakla\u015f\u0131k 40 ila 50 kilometre uzakl\u0131kta oldu\u011fu bildirildi. Yetkililer, duman\u0131n r\u00fczg\u00e2r\u0131n etkisiyle Bordeaux&#8217;ya ula\u015ft\u0131\u011f\u0131n\u0131 ve kentte yo\u011fun yan\u0131k kokusunun hissedildi\u011fini belirtti. B\u00f6lge Valili\u011fi yetkililerinden biri, yang\u0131n\u0131n &#8220;kontrol alt\u0131na al\u0131nmas\u0131ndan h\u00e2l\u00e2 \u00e7ok uzak [&hellip;]<\/p>\n","protected":false},"author":11,"featured_media":39613,"comment_status":"open","ping_status":"open","sticky":false,"template":"","format":"standard","meta":{"ngg_post_thumbnail":0,"footnotes":""},"categories":[5269],"tags":[],"class_list":["post-39612","post","type-post","status-publish","format-standard","has-post-thumbnail","hentry","category-birlesik-krallik"],"_links":{"self":[{"href":"https:\/\/by-tv.co.uk\/en\/wp-json\/wp\/v2\/posts\/39612","targetHints":{"allow":["GET"]}}],"collection":[{"href":"https:\/\/by-tv.co.uk\/en\/wp-json\/wp\/v2\/posts"}],"about":[{"href":"https:\/\/by-tv.co.uk\/en\/wp-json\/wp\/v2\/types\/post"}],"author":[{"embeddable":true,"href":"https:\/\/by-tv.co.uk\/en\/wp-json\/wp\/v2\/users\/11"}],"replies":[{"embeddable":true,"href":"https:\/\/by-tv.co.uk\/en\/wp-json\/wp\/v2\/comments?post=39612"}],"version-history":[{"count":1,"href":"https:\/\/by-tv.co.uk\/en\/wp-json\/wp\/v2\/posts\/39612\/revisions"}],"predecessor-version":[{"id":39614,"href":"https:\/\/by-tv.co.uk\/en\/wp-json\/wp\/v2\/posts\/39612\/revisions\/39614"}],"wp:featuredmedia":[{"embeddable":true,"href":"https:\/\/by-tv.co.uk\/en\/wp-json\/wp\/v2\/media\/39613"}],"wp:attachment":[{"href":"https:\/\/by-tv.co.uk\/en\/wp-json\/wp\/v2\/media?parent=39612"}],"wp:term":[{"taxonomy":"category","embeddable":true,"href":"https:\/\/by-tv.co.uk\/en\/wp-json\/wp\/v2\/categories?post=39612"},{"taxonomy":"post_tag","embeddable":true,"href":"https:\/\/by-tv.co.uk\/en\/wp-json\/wp\/v2\/tags?post=39612"}],"curies":[{"name":"wp","href":"https:\/\/api.w.org\/{rel}","templated":true}]}}