{"id":39592,"date":"2026-07-23T10:35:20","date_gmt":"2026-07-23T09:35:20","guid":{"rendered":"https:\/\/by-tv.co.uk\/?p=39592"},"modified":"2026-07-23T10:35:20","modified_gmt":"2026-07-23T09:35:20","slug":"ingilterede-pub-ve-muzik-mekanlarina-vergi-indirimi-plani","status":"publish","type":"post","link":"https:\/\/by-tv.co.uk\/en\/ingilterede-pub-ve-muzik-mekanlarina-vergi-indirimi-plani\/","title":{"rendered":"\u0130ngiltere&#8217;de pub ve m\u00fczik mek\u00e2nlar\u0131na vergi indirimi plan\u0131"},"content":{"rendered":"<p><strong>Ba\u015fbakan Andy Burnham<\/strong> h\u00fck\u00fcmeti, \u0130ngiltere&#8217;de pub, kul\u00fcp ve canl\u0131 m\u00fczik mek\u00e2nlar\u0131na uygulanan <strong>i\u015fletme vergilerini (business rates)<\/strong> Nisan 2027&#8217;den itibaren y\u00fczde 20 azaltmay\u0131 planl\u0131yor. D\u00fczenlemenin yakla\u015f\u0131k <strong>32 bin a\u011f\u0131rlama sekt\u00f6r\u00fcndeki i\u015fletmeyi<\/strong> kapsayaca\u011f\u0131, tipik bir pub\u0131n ise y\u0131lda yakla\u015f\u0131k <strong>1.100 sterlin<\/strong> tasarruf etmesinin beklendi\u011fi bildirildi. \u00c7ok b\u00fcy\u00fck canl\u0131 m\u00fczik salonlar\u0131 ise uygulaman\u0131n d\u0131\u015f\u0131nda tutulacak.<\/p>\n<h4>\u0130ndirim nas\u0131l finanse edilecek?<\/h4>\n<p>Downing Street&#8217;in a\u00e7\u0131klamas\u0131na g\u00f6re vergi indirimi, yerel topluluklara olumlu katk\u0131 sa\u011flamad\u0131\u011f\u0131 de\u011ferlendirilen baz\u0131 i\u015fletmelere y\u00f6nelik vergi muafiyetlerinin g\u00f6zden ge\u00e7irilmesi ve vergi y\u00fck\u00fcml\u00fcl\u00fcklerini yerine getirmeyen \u00e7evrim i\u00e7i pazar yerlerine y\u00f6nelik denetimlerin s\u0131k\u0131la\u015ft\u0131r\u0131lmas\u0131yla finanse edilecek.<\/p>\n<p>\u00c7evrim i\u00e7i perakende devlerinin \u015fehir d\u0131\u015f\u0131ndaki b\u00fcy\u00fck depolar\u0131na daha y\u00fcksek vergi uygulanmas\u0131n\u0131n da a\u011f\u0131rlama sekt\u00f6r\u00fcne y\u00f6nelik desteklerin finansman\u0131nda kullan\u0131lmas\u0131n\u0131n planland\u0131\u011f\u0131 belirtildi.<\/p><div id=\"briti-2974725490\" class=\"briti-icerik\" style=\"margin-top: 5px;margin-bottom: 5px;\"><a href=\"https:\/\/piaryum.com\/services\/\" aria-label=\"piaryum banner\"><img loading=\"lazy\" decoding=\"async\" src=\"https:\/\/by-tv.co.uk\/wp-content\/uploads\/2025\/12\/Gemini_Generated_Image_g5yqr1g5yqr1g5yq.jpg\" alt=\"\"  width=\"2064\" height=\"1152\"   \/><\/a><\/div>\n<p><strong>Ba\u015fbakan Andy Burnham<\/strong>, &#8220;\u0130nsanlar\u0131n mahallelerinde g\u00f6rmek istedi\u011fi i\u015fletmeleri destekleyece\u011fiz. Pub&#8217;lar\u0131 ve yerel ana caddeleri koruyaca\u011f\u0131m\u0131 s\u00f6ylemi\u015ftim ve bunu yapaca\u011f\u0131z. Bug\u00fcnk\u00fc ad\u0131m, \u00fclke genelinde yeniden umut olu\u015fturma s\u00fcrecinin ba\u015flang\u0131c\u0131d\u0131r.&#8221; ifadelerini kulland\u0131.<\/p>\n<p>Burnham ayr\u0131ca sosyal medya hesab\u0131ndan yapt\u0131\u011f\u0131 payla\u015f\u0131mda, &#8220;Bu de\u011ferli mek\u00e2nlar\u0131n kapan\u0131p yerlerini bo\u015f d\u00fckk\u00e2nlar\u0131n almas\u0131n\u0131 izlemeyece\u011fim. Bunlar toplumlar\u0131m\u0131z\u0131n kalbidir ve art\u0131k onlar\u0131 destekleme zaman\u0131 geldi.&#8221; dedi.<\/p>\n<h4>Maliye Bakan\u0131: \u0130\u015fletmeler \u00fczerindeki bask\u0131y\u0131 azaltaca\u011f\u0131z<\/h4>\n<p><strong>Maliye Bakan\u0131 John Healey<\/strong>, Londra&#8217;da i\u015f d\u00fcnyas\u0131 temsilcileriyle yapt\u0131\u011f\u0131 toplant\u0131da, pub, kul\u00fcp ve canl\u0131 m\u00fczik mek\u00e2nlar\u0131n\u0131n Birle\u015fik Krall\u0131k genelinde toplum ya\u015fam\u0131n\u0131n \u00f6nemli bir par\u00e7as\u0131 oldu\u011funu s\u00f6yledi.<\/p>\n<p>Healey, h\u00fck\u00fcmetin i\u015fletmeler \u00fczerindeki maliyet bask\u0131s\u0131n\u0131 hafifletmeyi hedefledi\u011fini belirterek, vergi, enerji, tedarik zinciri ve i\u015f g\u00fcc\u00fc maliyetlerinin i\u015fletmeler \u00fczerinde ciddi bask\u0131 olu\u015fturdu\u011funu ifade etti.<\/p>\n<p>\u00d6te yandan <strong>Hazine Bakan\u0131 Emma Reynolds<\/strong>, BBC&#8217;ye yapt\u0131\u011f\u0131 a\u00e7\u0131klamada bu hafta duyurulan desteklerin hi\u00e7birinin yeni vergi art\u0131\u015flar\u0131yla finanse edilmeyece\u011fini s\u00f6yledi. Reynolds, kaynaklar\u0131n mevcut b\u00fct\u00e7elerde \u00f6nceliklerin yeniden belirlenmesiyle kar\u015f\u0131lanaca\u011f\u0131n\u0131 belirterek, sonbahar b\u00fct\u00e7esi \u00f6ncesinde ilave destek se\u00e7eneklerinin de de\u011ferlendirilece\u011fini ifade etti.<\/p>\n<h4>Ekonomistlerden ve sekt\u00f6rden farkl\u0131 tepkiler<\/h4>\n<p><strong>Institute for Fiscal Studies (IFS)<\/strong> Direkt\u00f6r\u00fc <strong>Helen Miller<\/strong>, BBC&#8217;ye yapt\u0131\u011f\u0131 de\u011ferlendirmede h\u00fck\u00fcmetin baz\u0131 i\u015fletmeleri di\u011ferlerine g\u00f6re kay\u0131rd\u0131\u011f\u0131n\u0131 savundu. Miller, pub ve canl\u0131 m\u00fczik mek\u00e2nlar\u0131n\u0131n desteklenirken di\u011fer i\u015fletmelerin benzer desteklerden yararlanamad\u0131\u011f\u0131n\u0131 belirterek bunun e\u015fit rekabet ortam\u0131n\u0131 zedeleyebilece\u011fini s\u00f6yledi.<\/p>\n<p>BBC \u0130\u015f Edit\u00f6r\u00fc <strong>Simon Jack<\/strong> ise otel ve restoran i\u015fletmelerinin destek kapsam\u0131 d\u0131\u015f\u0131nda kalmas\u0131 nedeniyle sekt\u00f6rde rahats\u0131zl\u0131k olu\u015ftu\u011funu aktard\u0131. Jack&#8217;in haberine g\u00f6re, nisan ay\u0131nda publara y\u00fczde 15 indirim sa\u011flanmas\u0131n\u0131n ard\u0131ndan ikinci kez vergi indirimi yap\u0131l\u0131rken, otel ve restoranlar herhangi bir destek alamad\u0131.<\/p>\n<p><strong>UKHospitality<\/strong> \u00dcst Y\u00f6neticisi <strong>Allen Simpson<\/strong>, konaklama sekt\u00f6r\u00fcnde \u00e7al\u0131\u015fan <strong>3,5 milyon ki\u015finin 2,7 milyonunun<\/strong> otel ve restoranlarda g\u00f6rev yapt\u0131\u011f\u0131n\u0131 belirterek, sonbahar b\u00fct\u00e7esinde sekt\u00f6r\u00fcn tamam\u0131n\u0131 kapsayan kal\u0131c\u0131 bir \u00e7\u00f6z\u00fcm beklediklerini s\u00f6yledi.<\/p>\n<p>\u015eef ve pub i\u015fletmecisi <strong>Tom Kerridge<\/strong> ise indirimin olumlu bir ad\u0131m oldu\u011funu ancak y\u0131ll\u0131k yakla\u015f\u0131k <strong>1.100 sterlinlik<\/strong> tasarrufun tek ba\u015f\u0131na yeterli olmayaca\u011f\u0131n\u0131 ifade etti. Kerridge, h\u00fck\u00fcmetin sekt\u00f6r\u00fcn ya\u015fad\u0131\u011f\u0131 sorunlar\u0131 anlamaya ba\u015flad\u0131\u011f\u0131n\u0131 ancak daha kapsaml\u0131 desteklere ihtiya\u00e7 duyuldu\u011funu dile getirdi.<\/p>\n<p><strong>British Beer and Pub Association<\/strong> \u00dcst Y\u00f6neticisi <strong>Emma McClarkin<\/strong> de i\u015fletme vergilerinin y\u0131llard\u0131r publar \u00fczerinde orant\u0131s\u0131z bir y\u00fck olu\u015fturdu\u011funu belirterek, indirimi sekt\u00f6r i\u00e7in \u00f6nemli bir destek olarak de\u011ferlendirdi.<\/p>\n<h4>Muhalefetten ele\u015ftiri<\/h4>\n<p>Muhafazak\u00e2r Parti lideri <strong>Kemi Badenoch<\/strong>, h\u00fck\u00fcmetin ekonomi politikalar\u0131n\u0131 ele\u015ftirerek, <strong>Ba\u015fbakan Andy Burnham&#8217;\u0131n<\/strong> a\u00e7\u0131klad\u0131\u011f\u0131 politikalar\u0131n &#8220;h\u00e2l\u00e2 Manchester Belediye Ba\u015fkan\u0131 gibi d\u00fc\u015f\u00fcnd\u00fc\u011f\u00fcn\u00fc&#8221; g\u00f6sterdi\u011fini savundu. Badenoch, Burnham&#8217;\u0131n Birle\u015fik Krall\u0131k i\u00e7in hedeflerinin yeterince iddial\u0131 olmad\u0131\u011f\u0131n\u0131 \u00f6ne s\u00fcrd\u00fc.<\/p>\n<h4>Milyonerlerden servet vergisi \u00e7a\u011fr\u0131s\u0131<\/h4>\n<p>\u00d6te yandan <strong>120 Birle\u015fik Krall\u0131k merkezli milyoner<\/strong>, h\u00fck\u00fcmete daha y\u00fcksek servet vergisi uygulanmas\u0131 \u00e7a\u011fr\u0131s\u0131nda bulunan a\u00e7\u0131k bir mektup yay\u0131mlad\u0131. <strong>Gary Lineker<\/strong>, <strong>Brian Eno<\/strong> ve <strong>Val McDermid<\/strong> gibi isimlerin de imzalad\u0131\u011f\u0131 mektupta, servet vergisinden elde edilecek gelirin e\u015fitsizli\u011fin azalt\u0131lmas\u0131, kamu hizmetlerinin g\u00fc\u00e7lendirilmesi ve k\u00fc\u00e7\u00fck i\u015fletmelerin desteklenmesi i\u00e7in kullan\u0131lmas\u0131 istendi.<\/p>\n<p><strong>Patriotic Millionaires UK<\/strong> grubuna g\u00f6re, <strong>10 milyon sterlin \u00fczerindeki servetlere uygulanacak y\u00fczde 2&#8217;lik bir vergi y\u0131lda yakla\u015f\u0131k 24 milyar sterlin gelir sa\u011flayabilir.<\/strong><\/p>\n<div id=\"briti-630075379\" class=\"briti-icerikten-sonra_2\" style=\"margin-top: 25px;margin-bottom: 25px;\"><a href=\"https:\/\/wa.me\/message\/NDZLLIOQT4H3O1\" aria-label=\"bytv reklam banner\"><img loading=\"lazy\" decoding=\"async\" src=\"https:\/\/by-tv.co.uk\/wp-content\/uploads\/2025\/12\/bytv-reklam-banner.jpg\" alt=\"\"  width=\"2376\" height=\"1008\"   \/><\/a><\/div>","protected":false},"excerpt":{"rendered":"<p>Ba\u015fbakan Andy Burnham h\u00fck\u00fcmeti, \u0130ngiltere&#8217;de pub, kul\u00fcp ve canl\u0131 m\u00fczik mek\u00e2nlar\u0131na uygulanan i\u015fletme vergilerini (business rates) Nisan 2027&#8217;den itibaren y\u00fczde 20 azaltmay\u0131 planl\u0131yor. D\u00fczenlemenin yakla\u015f\u0131k 32 bin a\u011f\u0131rlama sekt\u00f6r\u00fcndeki i\u015fletmeyi kapsayaca\u011f\u0131, tipik bir pub\u0131n ise y\u0131lda yakla\u015f\u0131k 1.100 sterlin tasarruf etmesinin beklendi\u011fi bildirildi. \u00c7ok b\u00fcy\u00fck canl\u0131 m\u00fczik salonlar\u0131 ise uygulaman\u0131n d\u0131\u015f\u0131nda tutulacak. \u0130ndirim nas\u0131l finanse edilecek? Downing Street&#8217;in a\u00e7\u0131klamas\u0131na g\u00f6re vergi indirimi, yerel topluluklara olumlu katk\u0131 sa\u011flamad\u0131\u011f\u0131 de\u011ferlendirilen baz\u0131 i\u015fletmelere y\u00f6nelik vergi muafiyetlerinin g\u00f6zden ge\u00e7irilmesi ve vergi y\u00fck\u00fcml\u00fcl\u00fcklerini yerine getirmeyen \u00e7evrim i\u00e7i pazar yerlerine y\u00f6nelik denetimlerin s\u0131k\u0131la\u015ft\u0131r\u0131lmas\u0131yla finanse edilecek. \u00c7evrim i\u00e7i perakende devlerinin \u015fehir d\u0131\u015f\u0131ndaki b\u00fcy\u00fck depolar\u0131na daha y\u00fcksek vergi [&hellip;]<\/p>\n","protected":false},"author":11,"featured_media":39542,"comment_status":"open","ping_status":"open","sticky":false,"template":"","format":"standard","meta":{"ngg_post_thumbnail":0,"footnotes":""},"categories":[5269],"tags":[],"class_list":["post-39592","post","type-post","status-publish","format-standard","has-post-thumbnail","hentry","category-birlesik-krallik"],"_links":{"self":[{"href":"https:\/\/by-tv.co.uk\/en\/wp-json\/wp\/v2\/posts\/39592","targetHints":{"allow":["GET"]}}],"collection":[{"href":"https:\/\/by-tv.co.uk\/en\/wp-json\/wp\/v2\/posts"}],"about":[{"href":"https:\/\/by-tv.co.uk\/en\/wp-json\/wp\/v2\/types\/post"}],"author":[{"embeddable":true,"href":"https:\/\/by-tv.co.uk\/en\/wp-json\/wp\/v2\/users\/11"}],"replies":[{"embeddable":true,"href":"https:\/\/by-tv.co.uk\/en\/wp-json\/wp\/v2\/comments?post=39592"}],"version-history":[{"count":1,"href":"https:\/\/by-tv.co.uk\/en\/wp-json\/wp\/v2\/posts\/39592\/revisions"}],"predecessor-version":[{"id":39593,"href":"https:\/\/by-tv.co.uk\/en\/wp-json\/wp\/v2\/posts\/39592\/revisions\/39593"}],"wp:featuredmedia":[{"embeddable":true,"href":"https:\/\/by-tv.co.uk\/en\/wp-json\/wp\/v2\/media\/39542"}],"wp:attachment":[{"href":"https:\/\/by-tv.co.uk\/en\/wp-json\/wp\/v2\/media?parent=39592"}],"wp:term":[{"taxonomy":"category","embeddable":true,"href":"https:\/\/by-tv.co.uk\/en\/wp-json\/wp\/v2\/categories?post=39592"},{"taxonomy":"post_tag","embeddable":true,"href":"https:\/\/by-tv.co.uk\/en\/wp-json\/wp\/v2\/tags?post=39592"}],"curies":[{"name":"wp","href":"https:\/\/api.w.org\/{rel}","templated":true}]}}