{"id":39444,"date":"2026-07-04T09:42:12","date_gmt":"2026-07-04T08:42:12","guid":{"rendered":"https:\/\/by-tv.co.uk\/?p=39444"},"modified":"2026-07-04T09:42:12","modified_gmt":"2026-07-04T08:42:12","slug":"burnham-erken-secim-ihtimalini-reddetti","status":"publish","type":"post","link":"https:\/\/by-tv.co.uk\/en\/burnham-erken-secim-ihtimalini-reddetti\/","title":{"rendered":"Burnham erken se\u00e7im ihtimalini reddetti"},"content":{"rendered":"<p><strong>\u0130ngiltere&#8217;de<\/strong> Ba\u015fbakan <strong>Keir Starmer<\/strong>&#8216;\u0131n istifas\u0131n\u0131n ard\u0131ndan \u0130\u015f\u00e7i Partisi liderli\u011fi i\u00e7in tek aday konumunda bulunan <strong>Andy Burnham<\/strong>, g\u00f6reve gelmesi halinde erken genel se\u00e7im karar\u0131 almayaca\u011f\u0131n\u0131 s\u00f6yledi.<\/p>\n<p>Burnham, Reddit&#8217;te d\u00fczenlenen &#8220;Ask Me Anything (Bana Her \u015eeyi Sor)&#8221; etkinli\u011finde i\u00e7 politika, se\u00e7im sistemi ve d\u0131\u015f politika ba\u015fta olmak \u00fczere \u00e7e\u015fitli konulardaki sorular\u0131 yan\u0131tlad\u0131.<\/p>\n<p>Bir sonraki genel se\u00e7imin 2029 y\u0131l\u0131nda yap\u0131lmas\u0131n\u0131n beklendi\u011fi hat\u0131rlat\u0131lan Burnham, g\u00f6reve gelir gelmez se\u00e7ime gidip gitmeyece\u011fi y\u00f6n\u00fcndeki soruya <strong>&#8220;Hay\u0131r. 2024 se\u00e7im beyannamesi do\u011frultusunda \u00e7al\u0131\u015faca\u011f\u0131m.&#8221;<\/strong> yan\u0131t\u0131n\u0131 verdi.<\/p><div id=\"briti-1938170553\" class=\"briti-icerik\" style=\"margin-top: 5px;margin-bottom: 5px;\"><a href=\"https:\/\/piaryum.com\/services\/\" aria-label=\"piaryum banner\"><img loading=\"lazy\" decoding=\"async\" src=\"https:\/\/by-tv.co.uk\/wp-content\/uploads\/2025\/12\/Gemini_Generated_Image_g5yqr1g5yqr1g5yq.jpg\" alt=\"\"  width=\"2064\" height=\"1152\"   \/><\/a><\/div>\n<h4>2024 se\u00e7im beyannamesine ba\u011fl\u0131 kalacak<\/h4>\n<p>Burnham&#8217;\u0131n i\u015faret etti\u011fi 2024 \u0130\u015f\u00e7i Partisi se\u00e7im beyannamesi, partinin ge\u00e7en y\u0131lki genel se\u00e7im kampanyas\u0131n\u0131n temel politika belgesi olarak \u00f6ne \u00e7\u0131km\u0131\u015ft\u0131. Belgede mali disiplinin korunmas\u0131 ve \u00e7al\u0131\u015fanlar\u0131n <strong>gelir vergisi, ulusal sigorta primi ile KDV oranlar\u0131n\u0131n art\u0131r\u0131lmamas\u0131<\/strong> y\u00f6n\u00fcndeki taahh\u00fctler yer al\u0131yordu.<\/p>\n<p>Bu yakla\u015f\u0131m\u0131n, Burnham&#8217;\u0131n vergi ve kamu harcamalar\u0131na ili\u015fkin kapsaml\u0131 de\u011fi\u015fiklikler yapma alan\u0131n\u0131 s\u0131n\u0131rland\u0131rabilece\u011fi de\u011ferlendiriliyor.<\/p>\n<p>\u00d6te yandan Burnham, daha \u00f6nce <strong>LBC Radyo<\/strong>&#8216;na verdi\u011fi r\u00f6portajda, se\u00e7im beyannamesinin ticari gayrimenkullere y\u00f6nelik vergiler konusunda belirli \u00f6l\u00e7\u00fcde esneklik sa\u011flad\u0131\u011f\u0131n\u0131 ifade etmi\u015fti. Bu kayna\u011f\u0131n, \u00f6zellikle barlar ve ana caddelerde faaliyet g\u00f6steren i\u015fletmelere daha fazla destek verilmesinde kullan\u0131labilece\u011fini s\u00f6yleyen Burnham, ayr\u0131nt\u0131 payla\u015fmad\u0131.<\/p>\n<h4>Se\u00e7im sistemi reformuna deste\u011fini yineledi<\/h4>\n<p>Burnham ayr\u0131ca, \u0130ngiltere&#8217;de uzun y\u0131llard\u0131r uygulanan ve b\u00fcy\u00fck partilere avantaj sa\u011flad\u0131\u011f\u0131 gerek\u00e7esiyle ele\u015ftirilen <strong>dar b\u00f6lge \u00e7o\u011funluk esasl\u0131 se\u00e7im sisteminin<\/strong> de\u011fi\u015ftirilmesine y\u00f6nelik deste\u011fini s\u00fcrd\u00fcrd\u00fc\u011f\u00fcn\u00fc a\u00e7\u0131klad\u0131.<\/p>\n<p>Son y\u0131llarda se\u00e7men deste\u011finin daha fazla parti aras\u0131nda da\u011f\u0131lmas\u0131yla birlikte daha orant\u0131l\u0131 bir se\u00e7im sistemine ge\u00e7ilmesi y\u00f6n\u00fcndeki \u00e7a\u011fr\u0131lar\u0131n g\u00fc\u00e7 kazand\u0131\u011f\u0131n\u0131 belirten Burnham, <strong>&#8220;Se\u00e7im sistemi reformunun g\u00fc\u00e7l\u00fc bir savunucusuyum. Bunun daha i\u015f birli\u011fine dayal\u0131 ve sorun \u00e7\u00f6zmeye odaklanan bir siyaset anlay\u0131\u015f\u0131n\u0131 destekleyece\u011fine inan\u0131yorum.&#8221;<\/strong> ifadelerini kulland\u0131.<\/p>\n<p>Burnham, \u0130\u015f\u00e7i Partisi&#8217;nin bir sonraki se\u00e7im beyannamesine se\u00e7im sistemi reformuna ili\u015fkin a\u00e7\u0131k bir taahh\u00fcd\u00fcn eklenmesi i\u00e7in parti i\u00e7inde giri\u015fimlerde bulunaca\u011f\u0131n\u0131 da s\u00f6zlerine ekledi.<\/p>\n<div id=\"briti-1279090776\" class=\"briti-icerikten-sonra_2\" style=\"margin-top: 25px;margin-bottom: 25px;\"><a href=\"https:\/\/wa.me\/message\/NDZLLIOQT4H3O1\" aria-label=\"bytv reklam banner\"><img loading=\"lazy\" decoding=\"async\" src=\"https:\/\/by-tv.co.uk\/wp-content\/uploads\/2025\/12\/bytv-reklam-banner.jpg\" alt=\"\"  width=\"2376\" height=\"1008\"   \/><\/a><\/div>","protected":false},"excerpt":{"rendered":"<p>\u0130ngiltere&#8217;de Ba\u015fbakan Keir Starmer&#8216;\u0131n istifas\u0131n\u0131n ard\u0131ndan \u0130\u015f\u00e7i Partisi liderli\u011fi i\u00e7in tek aday konumunda bulunan Andy Burnham, g\u00f6reve gelmesi halinde erken genel se\u00e7im karar\u0131 almayaca\u011f\u0131n\u0131 s\u00f6yledi. Burnham, Reddit&#8217;te d\u00fczenlenen &#8220;Ask Me Anything (Bana Her \u015eeyi Sor)&#8221; etkinli\u011finde i\u00e7 politika, se\u00e7im sistemi ve d\u0131\u015f politika ba\u015fta olmak \u00fczere \u00e7e\u015fitli konulardaki sorular\u0131 yan\u0131tlad\u0131. Bir sonraki genel se\u00e7imin 2029 y\u0131l\u0131nda yap\u0131lmas\u0131n\u0131n beklendi\u011fi hat\u0131rlat\u0131lan Burnham, g\u00f6reve gelir gelmez se\u00e7ime gidip gitmeyece\u011fi y\u00f6n\u00fcndeki soruya &#8220;Hay\u0131r. 2024 se\u00e7im beyannamesi do\u011frultusunda \u00e7al\u0131\u015faca\u011f\u0131m.&#8221; yan\u0131t\u0131n\u0131 verdi. 2024 se\u00e7im beyannamesine ba\u011fl\u0131 kalacak Burnham&#8217;\u0131n i\u015faret etti\u011fi 2024 \u0130\u015f\u00e7i Partisi se\u00e7im beyannamesi, partinin ge\u00e7en y\u0131lki genel se\u00e7im kampanyas\u0131n\u0131n temel politika belgesi olarak \u00f6ne [&hellip;]<\/p>\n","protected":false},"author":11,"featured_media":35717,"comment_status":"open","ping_status":"open","sticky":false,"template":"","format":"standard","meta":{"ngg_post_thumbnail":0,"footnotes":""},"categories":[1],"tags":[],"class_list":["post-39444","post","type-post","status-publish","format-standard","has-post-thumbnail","hentry","category-genel"],"_links":{"self":[{"href":"https:\/\/by-tv.co.uk\/en\/wp-json\/wp\/v2\/posts\/39444","targetHints":{"allow":["GET"]}}],"collection":[{"href":"https:\/\/by-tv.co.uk\/en\/wp-json\/wp\/v2\/posts"}],"about":[{"href":"https:\/\/by-tv.co.uk\/en\/wp-json\/wp\/v2\/types\/post"}],"author":[{"embeddable":true,"href":"https:\/\/by-tv.co.uk\/en\/wp-json\/wp\/v2\/users\/11"}],"replies":[{"embeddable":true,"href":"https:\/\/by-tv.co.uk\/en\/wp-json\/wp\/v2\/comments?post=39444"}],"version-history":[{"count":1,"href":"https:\/\/by-tv.co.uk\/en\/wp-json\/wp\/v2\/posts\/39444\/revisions"}],"predecessor-version":[{"id":39445,"href":"https:\/\/by-tv.co.uk\/en\/wp-json\/wp\/v2\/posts\/39444\/revisions\/39445"}],"wp:featuredmedia":[{"embeddable":true,"href":"https:\/\/by-tv.co.uk\/en\/wp-json\/wp\/v2\/media\/35717"}],"wp:attachment":[{"href":"https:\/\/by-tv.co.uk\/en\/wp-json\/wp\/v2\/media?parent=39444"}],"wp:term":[{"taxonomy":"category","embeddable":true,"href":"https:\/\/by-tv.co.uk\/en\/wp-json\/wp\/v2\/categories?post=39444"},{"taxonomy":"post_tag","embeddable":true,"href":"https:\/\/by-tv.co.uk\/en\/wp-json\/wp\/v2\/tags?post=39444"}],"curies":[{"name":"wp","href":"https:\/\/api.w.org\/{rel}","templated":true}]}}