{"id":39367,"date":"2026-06-23T22:08:17","date_gmt":"2026-06-23T21:08:17","guid":{"rendered":"https:\/\/by-tv.co.uk\/?p=39367"},"modified":"2026-06-23T22:08:17","modified_gmt":"2026-06-23T21:08:17","slug":"isci-partili-milletvekili-feryal-clark-ecaa-vize-basvurularindaki-gecikmeleri-gocten-sorumlu-bakana-iletti","status":"publish","type":"post","link":"https:\/\/by-tv.co.uk\/en\/isci-partili-milletvekili-feryal-clark-ecaa-vize-basvurularindaki-gecikmeleri-gocten-sorumlu-bakana-iletti\/","title":{"rendered":"\u0130\u015f\u00e7i Partili milletvekili Feryal Clark ECAA vize ba\u015fvurular\u0131ndaki gecikmeleri G\u00f6\u00e7ten Sorumlu Bakana iletti"},"content":{"rendered":"<p><strong>Birle\u015fik Krall\u0131k Enfield North Milletvekili<\/strong> <strong>Feryal Clark<\/strong>, G\u00f6\u00e7ten Sorumlu Bakan <strong>Mike Tapp<\/strong> ile yapt\u0131\u011f\u0131 g\u00f6r\u00fc\u015fmede, vize ba\u015fvurular\u0131n\u0131n sonu\u00e7lanmas\u0131nda ya\u015fanan uzun bekleme s\u00fcrelerine ili\u015fkin endi\u015felerini dile getirdi.<\/p>\n<p>Clark\u2019\u0131n aktard\u0131\u011f\u0131na g\u00f6re, bir\u00e7ok ba\u015fvuru sahibi gecikmelerin kas\u0131tl\u0131 oldu\u011funu d\u00fc\u015f\u00fcnd\u00fc\u011f\u00fcn\u00fc ifade etti. Ancak Bakan Tapp, sorunun h\u00fck\u00fcmet politikalar\u0131ndan de\u011fil, ba\u015fvuru yo\u011funlu\u011fu ve i\u015flem kapasitesinden kaynakland\u0131\u011f\u0131n\u0131 belirtti.<\/p>\n<h4>Ba\u015fvurular beklentilerin \u00fczerinde artt\u0131<\/h4>\n<p>Tapp, vize ba\u015fvurular\u0131n\u0131n \u00f6ng\u00f6r\u00fclen seviyelerin yakla\u015f\u0131k <strong>y\u00fczde 65 \u00fczerinde<\/strong> ger\u00e7ekle\u015fti\u011fini s\u00f6yledi. Bu art\u0131\u015fa yan\u0131t olarak h\u00fck\u00fcmetin, ba\u015fvurular\u0131n de\u011ferlendirilmesi i\u00e7in <strong>48 ek vaka \u00e7al\u0131\u015fan\u0131n\u0131 (caseworker)<\/strong> g\u00f6revlendirdi\u011fini a\u00e7\u0131klad\u0131.<\/p><div id=\"briti-3597472939\" class=\"briti-icerik\" style=\"margin-top: 5px;margin-bottom: 5px;\"><a href=\"https:\/\/piaryum.com\/services\/\" aria-label=\"piaryum banner\"><img loading=\"lazy\" decoding=\"async\" src=\"https:\/\/by-tv.co.uk\/wp-content\/uploads\/2025\/12\/Gemini_Generated_Image_g5yqr1g5yqr1g5yq.jpg\" alt=\"\"  width=\"2064\" height=\"1152\"   \/><\/a><\/div>\n<p><strong>Feryal Clark\u2019\u0131n a\u00e7\u0131klamas\u0131na g\u00f6re<\/strong>, g\u00f6r\u00fc\u015fmede ba\u015fvuru sahiplerinin ve ailelerinin gecikmeler nedeniyle ya\u015fad\u0131\u011f\u0131 ma\u011fduriyetler de g\u00fcndeme geldi. Clark, uzun bekleme s\u00fcrelerinin bireyler ve aileler \u00fczerinde ciddi etkiler yaratabilece\u011fini vurgulad\u0131.<\/p>\n<p>Milletvekili Clark, Enfield North b\u00f6lgesindeki sakinler ad\u0131na vize ba\u015fvurular\u0131n\u0131n <strong>adil, verimli ve makul s\u00fcreler i\u00e7inde<\/strong> sonu\u00e7land\u0131r\u0131lmas\u0131 i\u00e7in h\u00fck\u00fcmet nezdinde giri\u015fimlerini s\u00fcrd\u00fcrece\u011fini ifade etti.<\/p>\n<p>&nbsp;<\/p>\n<div id=\"briti-1783299580\" class=\"briti-icerikten-sonra_2\" style=\"margin-top: 25px;margin-bottom: 25px;\"><a href=\"https:\/\/wa.me\/message\/NDZLLIOQT4H3O1\" aria-label=\"bytv reklam banner\"><img loading=\"lazy\" decoding=\"async\" src=\"https:\/\/by-tv.co.uk\/wp-content\/uploads\/2025\/12\/bytv-reklam-banner.jpg\" alt=\"\"  width=\"2376\" height=\"1008\"   \/><\/a><\/div>","protected":false},"excerpt":{"rendered":"<p>Birle\u015fik Krall\u0131k Enfield North Milletvekili Feryal Clark, G\u00f6\u00e7ten Sorumlu Bakan Mike Tapp ile yapt\u0131\u011f\u0131 g\u00f6r\u00fc\u015fmede, vize ba\u015fvurular\u0131n\u0131n sonu\u00e7lanmas\u0131nda ya\u015fanan uzun bekleme s\u00fcrelerine ili\u015fkin endi\u015felerini dile getirdi. Clark\u2019\u0131n aktard\u0131\u011f\u0131na g\u00f6re, bir\u00e7ok ba\u015fvuru sahibi gecikmelerin kas\u0131tl\u0131 oldu\u011funu d\u00fc\u015f\u00fcnd\u00fc\u011f\u00fcn\u00fc ifade etti. Ancak Bakan Tapp, sorunun h\u00fck\u00fcmet politikalar\u0131ndan de\u011fil, ba\u015fvuru yo\u011funlu\u011fu ve i\u015flem kapasitesinden kaynakland\u0131\u011f\u0131n\u0131 belirtti. Ba\u015fvurular beklentilerin \u00fczerinde artt\u0131 Tapp, vize ba\u015fvurular\u0131n\u0131n \u00f6ng\u00f6r\u00fclen seviyelerin yakla\u015f\u0131k y\u00fczde 65 \u00fczerinde ger\u00e7ekle\u015fti\u011fini s\u00f6yledi. Bu art\u0131\u015fa yan\u0131t olarak h\u00fck\u00fcmetin, ba\u015fvurular\u0131n de\u011ferlendirilmesi i\u00e7in 48 ek vaka \u00e7al\u0131\u015fan\u0131n\u0131 (caseworker) g\u00f6revlendirdi\u011fini a\u00e7\u0131klad\u0131. Feryal Clark\u2019\u0131n a\u00e7\u0131klamas\u0131na g\u00f6re, g\u00f6r\u00fc\u015fmede ba\u015fvuru sahiplerinin ve ailelerinin gecikmeler nedeniyle ya\u015fad\u0131\u011f\u0131 ma\u011fduriyetler de g\u00fcndeme geldi. Clark, uzun [&hellip;]<\/p>\n","protected":false},"author":11,"featured_media":39368,"comment_status":"open","ping_status":"open","sticky":false,"template":"","format":"standard","meta":{"ngg_post_thumbnail":0,"footnotes":""},"categories":[5269],"tags":[],"class_list":["post-39367","post","type-post","status-publish","format-standard","has-post-thumbnail","hentry","category-birlesik-krallik"],"_links":{"self":[{"href":"https:\/\/by-tv.co.uk\/en\/wp-json\/wp\/v2\/posts\/39367","targetHints":{"allow":["GET"]}}],"collection":[{"href":"https:\/\/by-tv.co.uk\/en\/wp-json\/wp\/v2\/posts"}],"about":[{"href":"https:\/\/by-tv.co.uk\/en\/wp-json\/wp\/v2\/types\/post"}],"author":[{"embeddable":true,"href":"https:\/\/by-tv.co.uk\/en\/wp-json\/wp\/v2\/users\/11"}],"replies":[{"embeddable":true,"href":"https:\/\/by-tv.co.uk\/en\/wp-json\/wp\/v2\/comments?post=39367"}],"version-history":[{"count":1,"href":"https:\/\/by-tv.co.uk\/en\/wp-json\/wp\/v2\/posts\/39367\/revisions"}],"predecessor-version":[{"id":39369,"href":"https:\/\/by-tv.co.uk\/en\/wp-json\/wp\/v2\/posts\/39367\/revisions\/39369"}],"wp:featuredmedia":[{"embeddable":true,"href":"https:\/\/by-tv.co.uk\/en\/wp-json\/wp\/v2\/media\/39368"}],"wp:attachment":[{"href":"https:\/\/by-tv.co.uk\/en\/wp-json\/wp\/v2\/media?parent=39367"}],"wp:term":[{"taxonomy":"category","embeddable":true,"href":"https:\/\/by-tv.co.uk\/en\/wp-json\/wp\/v2\/categories?post=39367"},{"taxonomy":"post_tag","embeddable":true,"href":"https:\/\/by-tv.co.uk\/en\/wp-json\/wp\/v2\/tags?post=39367"}],"curies":[{"name":"wp","href":"https:\/\/api.w.org\/{rel}","templated":true}]}}