{"id":39364,"date":"2026-06-22T21:43:08","date_gmt":"2026-06-22T20:43:08","guid":{"rendered":"https:\/\/by-tv.co.uk\/?p=39364"},"modified":"2026-06-22T21:43:08","modified_gmt":"2026-06-22T20:43:08","slug":"liderlik-yarisina-hazirlanan-burnham-makerfield-milletvekili-olarak-yemin-etti","status":"publish","type":"post","link":"https:\/\/by-tv.co.uk\/en\/liderlik-yarisina-hazirlanan-burnham-makerfield-milletvekili-olarak-yemin-etti\/","title":{"rendered":"Liderlik yar\u0131\u015f\u0131na haz\u0131rlanan Burnham, Makerfield milletvekili olarak yemin etti"},"content":{"rendered":"<p>Eski Greater Manchester Belediye Ba\u015fkan\u0131 <strong>Andy Burnham<\/strong>, bug\u00fcn Avam Kamaras\u0131\u2019nda d\u00fczenlenen t\u00f6renle <strong>Makerfield milletvekili<\/strong> olarak yemin ederek g\u00f6revine ba\u015flad\u0131.<\/p>\n<p>Burnham, Londra\u2019daki Westminster Saray\u0131\u2019nda ger\u00e7ekle\u015ftirilen t\u00f6rende \u0130ncil \u00fczerine yemin etti. T\u00f6rende Burnham\u2019a Knowsley Milletvekili <strong>Anneliese Midgley<\/strong> ile Leigh and Atherton Milletvekili <strong>Jo Platt<\/strong> e\u015flik etti.<\/p>\n<p>Yemin t\u00f6reninden \u00f6nce gazetecilere konu\u015fan Burnham, ayn\u0131 g\u00fcn sabah saatlerinde istifa eden Ba\u015fbakan <strong>Sir Keir Starmer\u2019\u0131n<\/strong> yerine ge\u00e7ecek liderlik yar\u0131\u015f\u0131nda aday olaca\u011f\u0131n\u0131 do\u011frulad\u0131.<\/p><div id=\"briti-2434509197\" class=\"briti-icerik\" style=\"margin-top: 5px;margin-bottom: 5px;\"><a href=\"https:\/\/piaryum.com\/services\/\" aria-label=\"piaryum banner\"><img loading=\"lazy\" decoding=\"async\" src=\"https:\/\/by-tv.co.uk\/wp-content\/uploads\/2025\/12\/Gemini_Generated_Image_g5yqr1g5yqr1g5yq.jpg\" alt=\"\"  width=\"2064\" height=\"1152\"   \/><\/a><\/div>\n<h4>Liderlik yar\u0131\u015f\u0131na haz\u0131rlan\u0131yor<\/h4>\n<p>Yemin t\u00f6reninin ard\u0131ndan Burnham\u2019\u0131n \u00e7ok say\u0131da \u0130\u015f\u00e7i Partisi milletvekiliyle bir araya geldi\u011fi ve parlamentoda g\u00f6r\u00fc\u015fmeler yapt\u0131\u011f\u0131 belirtildi. Toplant\u0131lara Hazine Bakan\u0131 <strong>Rachel Reeves<\/strong>, Ba\u015fbakan Yard\u0131mc\u0131s\u0131 <strong>Angela Rayner<\/strong>, Enerji Bakan\u0131 <strong>Ed Miliband<\/strong> ve \u0130\u015f D\u00fcnyas\u0131 ve Ticaret Bakan\u0131 <strong>Jonathan Reynolds<\/strong> gibi \u00f6nde gelen isimlerin de kat\u0131ld\u0131\u011f\u0131 aktar\u0131ld\u0131.<\/p>\n<p>Burnham, sosyal medya platformu X \u00fczerinden yapt\u0131\u011f\u0131 payla\u015f\u0131mda Starmer\u2019a \u00fclkeye yapt\u0131\u011f\u0131 hizmetler i\u00e7in te\u015fekk\u00fcr ederek, istifan\u0131n \u201cge\u00e7i\u015f s\u00fcrecinin ba\u015flang\u0131c\u0131\u201d oldu\u011funu s\u00f6yledi.<\/p>\n<p>Burnham payla\u015f\u0131m\u0131nda, \u201cBu s\u00fcrecin d\u00fczenli ve sorumlu \u015fekilde y\u00fcr\u00fct\u00fclmesi \u00f6nem ta\u015f\u0131yor. Bu s\u00fcrecin bir par\u00e7as\u0131 olarak adayl\u0131\u011f\u0131m\u0131 koyaca\u011f\u0131m. \u00dclke istikrar, ciddiyet ve \u00f6nemli meselelerde kararl\u0131 bir yakla\u015f\u0131m bekliyor\u201d ifadelerini kulland\u0131.<\/p>\n<h4>Wes Streeting\u2019den destek<\/h4>\n<p>Sa\u011fl\u0131k ve Sosyal Bak\u0131m Bakan\u0131 <strong>Wes Streeting<\/strong>, daha \u00f6nce kendi adayl\u0131\u011f\u0131yla ilgili spek\u00fclasyonlara ra\u011fmen liderlik yar\u0131\u015f\u0131na kat\u0131lmayaca\u011f\u0131n\u0131 a\u00e7\u0131klad\u0131 ve Burnham\u2019a destek verdi.<\/p>\n<p>Streeting, Burnham ile son g\u00fcnlerde kapsaml\u0131 g\u00f6r\u00fc\u015fmeler yapt\u0131\u011f\u0131n\u0131 belirterek, \u201cPartimizin ve \u00fclkemizin ihtiya\u00e7 duydu\u011fu de\u011fi\u015fimi ger\u00e7ekle\u015ftirmesi i\u00e7in ona destek vermeliyiz\u201d dedi.<\/p>\n<p>\u0130\u015f\u00e7i Partisi y\u00f6netiminin yeni lideri belirlemek i\u00e7in haz\u0131rlayaca\u011f\u0131 takvimin <strong>9 Temmuz\u2019da ba\u015flamas\u0131<\/strong> ve parlamentonun yaz tatiline girmesinden \u00f6nce tamamlanmas\u0131 bekleniyor. B\u00f6ylece yeni liderin Eyl\u00fcl ay\u0131nda parlamentonun yeniden a\u00e7\u0131lmas\u0131ndan \u00f6nce g\u00f6reve gelmesi hedefleniyor.<\/p>\n<h4>Starmer veda konu\u015fmas\u0131n\u0131 yapt\u0131<\/h4>\n<p>Ba\u015fbakanl\u0131k konutu Downing Street\u2019te konu\u015fan <strong>Keir Starmer<\/strong>, partisinin art\u0131k kendisinin bir sonraki genel se\u00e7ime liderlik etmesi gerekti\u011fine inanmad\u0131\u011f\u0131n\u0131 kabul etti\u011fini belirterek g\u00f6revinden ayr\u0131ld\u0131\u011f\u0131n\u0131 a\u00e7\u0131klad\u0131.<\/p>\n<p>Starmer, ba\u015fbakanl\u0131\u011f\u0131n hayat\u0131n\u0131n en b\u00fcy\u00fck gurur kaynaklar\u0131ndan biri oldu\u011funu ifade ederken, e\u015fi <strong>Victoria Starmer\u2019a<\/strong> ve ailesine te\u015fekk\u00fcr etti. G\u00f6revden ayr\u0131ld\u0131ktan sonra ailesiyle daha fazla vakit ge\u00e7irmek istedi\u011fini s\u00f6yledi.<\/p>\n<p>Son aylarda parti i\u00e7inden artan bask\u0131yla kar\u015f\u0131 kar\u015f\u0131ya kalan Starmer\u2019\u0131n istifas\u0131, \u0130\u015f\u00e7i Partisi i\u00e7inde yeni liderlik yar\u0131\u015f\u0131n\u0131n \u00f6n\u00fcn\u00fc a\u00e7t\u0131.<\/p>\n<h4>Uluslararas\u0131 ve siyasi tepkiler<\/h4>\n<p>Starmer\u2019\u0131n istifas\u0131 uluslararas\u0131 arenada da yank\u0131 buldu. Ukrayna Devlet Ba\u015fkan\u0131 <strong>Volodimir Zelenskiy<\/strong>, Starmer\u2019a deste\u011fi ve i\u015f birli\u011fi i\u00e7in te\u015fekk\u00fcr ederken, Avrupa Komisyonu Ba\u015fkan\u0131 <strong>Ursula von der Leyen<\/strong> de eski ba\u015fbakan\u0131n Avrupa ve Ukrayna\u2019n\u0131n g\u00fcvenli\u011fine \u00f6nemli katk\u0131lar sa\u011flad\u0131\u011f\u0131n\u0131 s\u00f6yledi.<\/p>\n<p>Londra Belediye Ba\u015fkan\u0131 <strong>Sadiq Khan<\/strong>, Starmer\u2019\u0131 \u201cy\u00fcksek d\u00fcr\u00fcstl\u00fck sahibi bir lider\u201d olarak nitelendirdi.<\/p>\n<p>Muhalefet cephesinde ise Muhafazak\u00e2r Parti lideri <strong>Kemi Badenoch<\/strong>, Starmer\u2019\u0131 ele\u015ftirerek yeni liderin \u00fclkenin g\u00fcvenli\u011fi konusunda net bir plan ortaya koymas\u0131 gerekti\u011fini savundu. Reform UK lideri <strong>Nigel Farage<\/strong> ise istifan\u0131n ard\u0131ndan genel se\u00e7im \u00e7a\u011fr\u0131s\u0131nda bulundu.<\/p>\n<div id=\"briti-557110441\" class=\"briti-icerikten-sonra_2\" style=\"margin-top: 25px;margin-bottom: 25px;\"><a href=\"https:\/\/wa.me\/message\/NDZLLIOQT4H3O1\" aria-label=\"bytv reklam banner\"><img loading=\"lazy\" decoding=\"async\" src=\"https:\/\/by-tv.co.uk\/wp-content\/uploads\/2025\/12\/bytv-reklam-banner.jpg\" alt=\"\"  width=\"2376\" height=\"1008\"   \/><\/a><\/div>","protected":false},"excerpt":{"rendered":"<p>Eski Greater Manchester Belediye Ba\u015fkan\u0131 Andy Burnham, bug\u00fcn Avam Kamaras\u0131\u2019nda d\u00fczenlenen t\u00f6renle Makerfield milletvekili olarak yemin ederek g\u00f6revine ba\u015flad\u0131. Burnham, Londra\u2019daki Westminster Saray\u0131\u2019nda ger\u00e7ekle\u015ftirilen t\u00f6rende \u0130ncil \u00fczerine yemin etti. T\u00f6rende Burnham\u2019a Knowsley Milletvekili Anneliese Midgley ile Leigh and Atherton Milletvekili Jo Platt e\u015flik etti. Yemin t\u00f6reninden \u00f6nce gazetecilere konu\u015fan Burnham, ayn\u0131 g\u00fcn sabah saatlerinde istifa eden Ba\u015fbakan Sir Keir Starmer\u2019\u0131n yerine ge\u00e7ecek liderlik yar\u0131\u015f\u0131nda aday olaca\u011f\u0131n\u0131 do\u011frulad\u0131. Liderlik yar\u0131\u015f\u0131na haz\u0131rlan\u0131yor Yemin t\u00f6reninin ard\u0131ndan Burnham\u2019\u0131n \u00e7ok say\u0131da \u0130\u015f\u00e7i Partisi milletvekiliyle bir araya geldi\u011fi ve parlamentoda g\u00f6r\u00fc\u015fmeler yapt\u0131\u011f\u0131 belirtildi. Toplant\u0131lara Hazine Bakan\u0131 Rachel Reeves, Ba\u015fbakan Yard\u0131mc\u0131s\u0131 Angela Rayner, Enerji Bakan\u0131 Ed Miliband [&hellip;]<\/p>\n","protected":false},"author":11,"featured_media":39365,"comment_status":"open","ping_status":"open","sticky":false,"template":"","format":"standard","meta":{"ngg_post_thumbnail":0,"footnotes":""},"categories":[1],"tags":[],"class_list":["post-39364","post","type-post","status-publish","format-standard","has-post-thumbnail","hentry","category-genel"],"_links":{"self":[{"href":"https:\/\/by-tv.co.uk\/en\/wp-json\/wp\/v2\/posts\/39364","targetHints":{"allow":["GET"]}}],"collection":[{"href":"https:\/\/by-tv.co.uk\/en\/wp-json\/wp\/v2\/posts"}],"about":[{"href":"https:\/\/by-tv.co.uk\/en\/wp-json\/wp\/v2\/types\/post"}],"author":[{"embeddable":true,"href":"https:\/\/by-tv.co.uk\/en\/wp-json\/wp\/v2\/users\/11"}],"replies":[{"embeddable":true,"href":"https:\/\/by-tv.co.uk\/en\/wp-json\/wp\/v2\/comments?post=39364"}],"version-history":[{"count":1,"href":"https:\/\/by-tv.co.uk\/en\/wp-json\/wp\/v2\/posts\/39364\/revisions"}],"predecessor-version":[{"id":39366,"href":"https:\/\/by-tv.co.uk\/en\/wp-json\/wp\/v2\/posts\/39364\/revisions\/39366"}],"wp:featuredmedia":[{"embeddable":true,"href":"https:\/\/by-tv.co.uk\/en\/wp-json\/wp\/v2\/media\/39365"}],"wp:attachment":[{"href":"https:\/\/by-tv.co.uk\/en\/wp-json\/wp\/v2\/media?parent=39364"}],"wp:term":[{"taxonomy":"category","embeddable":true,"href":"https:\/\/by-tv.co.uk\/en\/wp-json\/wp\/v2\/categories?post=39364"},{"taxonomy":"post_tag","embeddable":true,"href":"https:\/\/by-tv.co.uk\/en\/wp-json\/wp\/v2\/tags?post=39364"}],"curies":[{"name":"wp","href":"https:\/\/api.w.org\/{rel}","templated":true}]}}