{"id":39313,"date":"2026-06-17T22:08:15","date_gmt":"2026-06-17T21:08:15","guid":{"rendered":"https:\/\/by-tv.co.uk\/?p=39313"},"modified":"2026-06-17T22:12:59","modified_gmt":"2026-06-17T21:12:59","slug":"starmerdan-burnhama-liderlik-uyarisi","status":"publish","type":"post","link":"https:\/\/by-tv.co.uk\/en\/starmerdan-burnhama-liderlik-uyarisi\/","title":{"rendered":"Starmer\u2019dan Burnham\u2019a liderlik uyar\u0131s\u0131"},"content":{"rendered":"<p>Birle\u015fik Krall\u0131k Ba\u015fbakan\u0131 <strong>Keir Starmer<\/strong>, \u0130\u015f\u00e7i Partisi i\u00e7inde olas\u0131 bir liderlik yar\u0131\u015f\u0131na ili\u015fkin spek\u00fclasyonlara kar\u015f\u0131 \u00e7\u0131karak, <strong>Andy Burnham\u2019\u0131n Makerfield ara se\u00e7imini kazanmas\u0131 durumunda \u00f6nceli\u011fin Manchester B\u00fcy\u00fck\u015fehir Belediye Ba\u015fkanl\u0131\u011f\u0131 i\u00e7in yap\u0131lacak ara se\u00e7im olmas\u0131 gerekti\u011fini<\/strong> belirtti.<\/p>\n<p>Starmer, Sa\u011fl\u0131k ve Sosyal Bak\u0131m Bakan\u0131 <strong>Wes Streeting\u2019in<\/strong> olas\u0131 liderlik tart\u0131\u015fmalar\u0131na ili\u015fkin a\u00e7\u0131klamalar\u0131 soruldu\u011funda, Westminster\u2019daki siyasi kulislerde ara se\u00e7imlerin ard\u0131ndan neler ya\u015fanaca\u011f\u0131na dair \u00e7ok fazla konu\u015fma yap\u0131ld\u0131\u011f\u0131n\u0131 s\u00f6yledi.<\/p>\n<p>Starmer, \u201cMakerfield ara se\u00e7imini Andy Burnham\u2019\u0131n kazanmas\u0131n\u0131 umuyorum. Ancak bunun hemen ard\u0131ndan Manchester belediye ba\u015fkanl\u0131\u011f\u0131 ara se\u00e7imine ge\u00e7ece\u011fiz. Hepimizin dikkatini buna vermesi gerekecek\u201d ifadelerini kulland\u0131.<\/p><div id=\"briti-3402640666\" class=\"briti-icerik\" style=\"margin-top: 5px;margin-bottom: 5px;\"><a href=\"https:\/\/piaryum.com\/services\/\" aria-label=\"piaryum banner\"><img loading=\"lazy\" decoding=\"async\" src=\"https:\/\/by-tv.co.uk\/wp-content\/uploads\/2025\/12\/Gemini_Generated_Image_g5yqr1g5yqr1g5yq.jpg\" alt=\"\"  width=\"2064\" height=\"1152\"   \/><\/a><\/div>\n<h4>Manchester yar\u0131\u015f\u0131 endi\u015fe yarat\u0131yor<\/h4>\n<p>Ba\u015fbakan\u0131n a\u00e7\u0131klamalar\u0131, Burnham\u2019\u0131n Makerfield\u2019da zafer kazanmas\u0131 halinde cuma g\u00fcn\u00fc \u00f6ne s\u00fcrmesi beklenen arg\u00fcmanlar\u0131n bir \u00f6n izlemesi olarak de\u011ferlendiriliyor.<\/p>\n<p>Baz\u0131 \u0130\u015f\u00e7i Partili milletvekilleri, Manchester\u2019daki olas\u0131 belediye ba\u015fkanl\u0131\u011f\u0131 ara se\u00e7iminde <strong>Reform UK\u2019nin s\u00fcrpriz bir sonu\u00e7 elde edebilece\u011finden<\/strong> endi\u015fe duyuyor. Ancak Burnham, son olarak 2024 y\u0131l\u0131nda yap\u0131lan se\u00e7imlerde rakiplerine kar\u015f\u0131 a\u00e7\u0131k farkla kazanm\u0131\u015ft\u0131.<\/p>\n<p>Burnham\u2019a yak\u0131n isimler ise Manchester belediye ba\u015fkanl\u0131\u011f\u0131n\u0131n \u00f6neminin, onun ulusal siyasette daha \u00fcst bir g\u00f6reve gelmesi gerekti\u011fi y\u00f6n\u00fcndeki g\u00f6r\u00fc\u015fleri g\u00fc\u00e7lendirdi\u011fini savunuyor.<\/p>\n<h4>\u201cBa\u015fbakanl\u0131k hayat\u0131m\u0131n ayr\u0131cal\u0131\u011f\u0131\u201d<\/h4>\n<p>Liderli\u011fi hakk\u0131ndaki sorular\u0131 da yan\u0131tlayan Starmer, ba\u015fbakanl\u0131k g\u00f6revini \u201chayat\u0131n\u0131n ayr\u0131cal\u0131\u011f\u0131\u201d olarak nitelendirdi.<\/p>\n<p>Starmer, \u201cHer g\u00fcn bunun bir onur oldu\u011funu kendime hat\u0131rlat\u0131yorum. Bu bir g\u00f6revdir ve ben hizmet etmek i\u00e7in buraday\u0131m. Siyasete girme nedenim de buydu\u201d dedi.<\/p>\n<p>Olas\u0131 bir liderlik yar\u0131\u015f\u0131nda bakanlar\u0131n rakip adaylar\u0131 desteklemek istemeleri halinde g\u00f6revlerinden ayr\u0131l\u0131p ayr\u0131lmayacaklar\u0131 sorusuna ise Starmer, \u201cvarsay\u0131msal senaryolarla ilgilenmeyece\u011fini\u201d s\u00f6yleyerek yan\u0131t vermekten ka\u00e7\u0131nd\u0131.<\/p>\n<h4>Savunma b\u00fct\u00e7esi tart\u0131\u015fmalar\u0131 s\u00fcr\u00fcyor<\/h4>\n<p>\u00d6te yandan Starmer\u2019\u0131n liderli\u011fi, savunma harcamalar\u0131 konusunda ya\u015fanan anla\u015fmazl\u0131k nedeniyle ge\u00e7en hafta Savunma Bakan\u0131 <strong>John Healey<\/strong> ve Savunmadan Sorumlu Devlet Bakan\u0131 <strong>Al Carns\u2019\u0131n<\/strong> istifalar\u0131yla yeni bir bask\u0131 alt\u0131nda kald\u0131.<\/p>\n<p>Sal\u0131 g\u00fcn\u00fc Birle\u015fik Krall\u0131k Genelkurmay Ba\u015fkan\u0131, mevcut b\u00fct\u00e7e teklifinin art\u0131r\u0131lmamas\u0131 halinde silahl\u0131 kuvvetlerin e\u011fitim ve operasyonlar\u0131n\u0131 azaltmak zorunda kalabilece\u011fi uyar\u0131s\u0131nda bulundu.<\/p>\n<p>Starmer ise yeni Savunma Bakan\u0131 <strong>Dan Jarvis\u2019in<\/strong> \u00f6ncelikler ve kabiliyetler \u00fczerinde \u00e7al\u0131\u015ft\u0131\u011f\u0131n\u0131 belirterek, savunma b\u00fct\u00e7esine ili\u015fkin g\u00f6r\u00fc\u015fmelerin devam etti\u011fini ifade etti.<\/p>\n<div id=\"briti-2446191460\" class=\"briti-icerikten-sonra_2\" style=\"margin-top: 25px;margin-bottom: 25px;\"><a href=\"https:\/\/wa.me\/message\/NDZLLIOQT4H3O1\" aria-label=\"bytv reklam banner\"><img loading=\"lazy\" decoding=\"async\" src=\"https:\/\/by-tv.co.uk\/wp-content\/uploads\/2025\/12\/bytv-reklam-banner.jpg\" alt=\"\"  width=\"2376\" height=\"1008\"   \/><\/a><\/div>","protected":false},"excerpt":{"rendered":"<p>Birle\u015fik Krall\u0131k Ba\u015fbakan\u0131 Keir Starmer, \u0130\u015f\u00e7i Partisi i\u00e7inde olas\u0131 bir liderlik yar\u0131\u015f\u0131na ili\u015fkin spek\u00fclasyonlara kar\u015f\u0131 \u00e7\u0131karak, Andy Burnham\u2019\u0131n Makerfield ara se\u00e7imini kazanmas\u0131 durumunda \u00f6nceli\u011fin Manchester B\u00fcy\u00fck\u015fehir Belediye Ba\u015fkanl\u0131\u011f\u0131 i\u00e7in yap\u0131lacak ara se\u00e7im olmas\u0131 gerekti\u011fini belirtti. Starmer, Sa\u011fl\u0131k ve Sosyal Bak\u0131m Bakan\u0131 Wes Streeting\u2019in olas\u0131 liderlik tart\u0131\u015fmalar\u0131na ili\u015fkin a\u00e7\u0131klamalar\u0131 soruldu\u011funda, Westminster\u2019daki siyasi kulislerde ara se\u00e7imlerin ard\u0131ndan neler ya\u015fanaca\u011f\u0131na dair \u00e7ok fazla konu\u015fma yap\u0131ld\u0131\u011f\u0131n\u0131 s\u00f6yledi. Starmer, \u201cMakerfield ara se\u00e7imini Andy Burnham\u2019\u0131n kazanmas\u0131n\u0131 umuyorum. Ancak bunun hemen ard\u0131ndan Manchester belediye ba\u015fkanl\u0131\u011f\u0131 ara se\u00e7imine ge\u00e7ece\u011fiz. Hepimizin dikkatini buna vermesi gerekecek\u201d ifadelerini kulland\u0131. Manchester yar\u0131\u015f\u0131 endi\u015fe yarat\u0131yor Ba\u015fbakan\u0131n a\u00e7\u0131klamalar\u0131, Burnham\u2019\u0131n Makerfield\u2019da zafer kazanmas\u0131 halinde cuma [&hellip;]<\/p>\n","protected":false},"author":11,"featured_media":35746,"comment_status":"open","ping_status":"open","sticky":false,"template":"","format":"standard","meta":{"ngg_post_thumbnail":0,"footnotes":""},"categories":[1],"tags":[],"class_list":["post-39313","post","type-post","status-publish","format-standard","has-post-thumbnail","hentry","category-genel"],"_links":{"self":[{"href":"https:\/\/by-tv.co.uk\/en\/wp-json\/wp\/v2\/posts\/39313","targetHints":{"allow":["GET"]}}],"collection":[{"href":"https:\/\/by-tv.co.uk\/en\/wp-json\/wp\/v2\/posts"}],"about":[{"href":"https:\/\/by-tv.co.uk\/en\/wp-json\/wp\/v2\/types\/post"}],"author":[{"embeddable":true,"href":"https:\/\/by-tv.co.uk\/en\/wp-json\/wp\/v2\/users\/11"}],"replies":[{"embeddable":true,"href":"https:\/\/by-tv.co.uk\/en\/wp-json\/wp\/v2\/comments?post=39313"}],"version-history":[{"count":2,"href":"https:\/\/by-tv.co.uk\/en\/wp-json\/wp\/v2\/posts\/39313\/revisions"}],"predecessor-version":[{"id":39315,"href":"https:\/\/by-tv.co.uk\/en\/wp-json\/wp\/v2\/posts\/39313\/revisions\/39315"}],"wp:featuredmedia":[{"embeddable":true,"href":"https:\/\/by-tv.co.uk\/en\/wp-json\/wp\/v2\/media\/35746"}],"wp:attachment":[{"href":"https:\/\/by-tv.co.uk\/en\/wp-json\/wp\/v2\/media?parent=39313"}],"wp:term":[{"taxonomy":"category","embeddable":true,"href":"https:\/\/by-tv.co.uk\/en\/wp-json\/wp\/v2\/categories?post=39313"},{"taxonomy":"post_tag","embeddable":true,"href":"https:\/\/by-tv.co.uk\/en\/wp-json\/wp\/v2\/tags?post=39313"}],"curies":[{"name":"wp","href":"https:\/\/api.w.org\/{rel}","templated":true}]}}