{"id":39300,"date":"2026-06-17T11:11:32","date_gmt":"2026-06-17T10:11:32","guid":{"rendered":"https:\/\/by-tv.co.uk\/?p=39300"},"modified":"2026-06-17T22:19:19","modified_gmt":"2026-06-17T21:19:19","slug":"turkonfed-ve-isbank-ukden-londrada-ortak-resepsiyon","status":"publish","type":"post","link":"https:\/\/by-tv.co.uk\/en\/turkonfed-ve-isbank-ukden-londrada-ortak-resepsiyon\/","title":{"rendered":"T\u00dcRKONFED ve \u0130\u015fbank UK&#8217;den Londra&#8217;da ortak resepsiyon"},"content":{"rendered":"<p>Londra\u2019daki <strong>T\u00fcrkiye B\u00fcy\u00fckel\u00e7ili\u011fi Rezidans\u0131\u2019nda<\/strong> d\u00fczenlenen T\u00dcRKONFED ve \u0130\u015fbank UK ortak resepsiyonunda, T\u00fcrkiye ile Birle\u015fik Krall\u0131k aras\u0131ndaki ekonomik ili\u015fkilerin gelece\u011fi ve Serbest Ticaret Anla\u015fmas\u0131\u2019n\u0131n (STA) modernizasyon s\u00fcreci masaya yat\u0131r\u0131ld\u0131.<\/p>\n<p>T\u00fcrkiye&#8217;nin Londra B\u00fcy\u00fckel\u00e7isi <strong>Osman Koray Erta\u015f\u2019\u0131n<\/strong> ev sahipli\u011finde ger\u00e7ekle\u015ftirilen etkinlikte, iki \u00fclke aras\u0131nda y\u00fcr\u00fct\u00fclen STA m\u00fczakerelerinde gelecek y\u0131l ilerleme sa\u011flanabilece\u011fine y\u00f6nelik de\u011ferlendirmeler dikkat \u00e7ekti.<\/p>\n<p>T\u00dcRKONFED Y\u00f6netim Kurulu Ba\u015fkan Yard\u0131mc\u0131s\u0131 ve \u0130\u015f D\u00fcnyas\u0131nda Kad\u0131n Komisyonu (\u0130DK) Ba\u015fkan\u0131 Prof. Dr. Yasemin A\u00e7\u0131k, \u0130\u015fbank UK Genel M\u00fcd\u00fcr\u00fc Berkin Ergan, T\u00fcrkiye \u0130\u015f Bankas\u0131 KOB\u0130 ve \u0130\u015fletme Bankac\u0131l\u0131\u011f\u0131 Pazarlama B\u00f6l\u00fcm\u00fc M\u00fcd\u00fcr\u00fc \u00d6zge K\u00fcllah Kurtulu\u015f, Londra Borsas\u0131 Uluslararas\u0131 Birincil Piyasalar Ba\u015fkan\u0131 Tom Attenborough ve Birle\u015fik Krall\u0131k Ba\u015fbakanl\u0131k Yat\u0131r\u0131m Ofisi M\u00fctevelli Heyeti \u00dcyesi Neil Cosgrove, T\u00dcS\u0130AD Londra Temsilcisi Hasan Turun\u00e7 da etkinlikte haz\u0131r bulundu. &nbsp;<\/p><div id=\"briti-2903604122\" class=\"briti-icerik\" style=\"margin-top: 5px;margin-bottom: 5px;\"><a href=\"https:\/\/piaryum.com\/services\/\" aria-label=\"piaryum banner\"><img loading=\"lazy\" decoding=\"async\" src=\"https:\/\/by-tv.co.uk\/wp-content\/uploads\/2025\/12\/Gemini_Generated_Image_g5yqr1g5yqr1g5yq.jpg\" alt=\"\"  width=\"2064\" height=\"1152\"   \/><\/a><\/div>\n<p><img loading=\"lazy\" decoding=\"async\" class=\"alignnone size-full wp-image-39301\" src=\"https:\/\/by-tv.co.uk\/wp-content\/uploads\/2026\/06\/turkonfed.jpeg\" alt=\"\" width=\"1600\" height=\"900\" title=\"\"><\/p>\n<h4>Modernizasyon s\u00fcreci g\u00fcndemdeydi<\/h4>\n<p>\u0130\u015f d\u00fcnyas\u0131, finans ve kamu politikas\u0131 temsilcilerini bir araya getiren etkinli\u011fin ana g\u00fcndemini, T\u00fcrkiye ile Birle\u015fik Krall\u0131k aras\u0131nda devam eden Serbest Ticaret Anla\u015fmas\u0131\u2019n\u0131n modernizasyon g\u00f6r\u00fc\u015fmeleri olu\u015fturdu.<\/p>\n<p>Taraflar, \u00f6zellikle <strong>finansal hizmetler, dijital inovasyon ve ye\u015fil d\u00f6n\u00fc\u015f\u00fcm<\/strong> alanlar\u0131nda i\u015f birli\u011finin geli\u015ftirilmesi \u00fczerinde durdu.<\/p>\n<p>Aral\u0131k 2020\u2019de imzalanan mevcut T\u00fcrkiye-\u0130ngiltere Serbest Ticaret Anla\u015fmas\u0131, Birle\u015fik Krall\u0131k\u2019\u0131n Brexit sonras\u0131 yapt\u0131\u011f\u0131 ilk ticaret anla\u015fmalar\u0131 aras\u0131nda yer alm\u0131\u015ft\u0131. Anla\u015fman\u0131n kapsam\u0131n\u0131n geni\u015fletilmesine y\u00f6nelik m\u00fczakereler ise yakla\u015f\u0131k iki y\u0131ld\u0131r devam ediyor.<\/p>\n<h4>Be\u015finci m\u00fczakere turu tamamland\u0131<\/h4>\n<p>Etkinlikte payla\u015f\u0131lan bilgilere g\u00f6re, modernizasyon g\u00f6r\u00fc\u015fmelerinin <strong>be\u015finci turu<\/strong> bu hafta tamamland\u0131. Son turda \u00f6zellikle hizmetler sekt\u00f6r\u00fcne ili\u015fkin ba\u015fl\u0131klar\u0131n ele al\u0131nd\u0131\u011f\u0131 \u00f6\u011frenildi.<\/p>\n<p>T\u00fcrkiye ile Birle\u015fik Krall\u0131k aras\u0131ndaki ticaret hacminin son y\u0131llarda istikrarl\u0131 \u015fekilde b\u00fcy\u00fcd\u00fc\u011f\u00fcne dikkat \u00e7ekilirken, mevcut anla\u015fman\u0131n hizmetler, yat\u0131r\u0131mlar ve dijital ekonomi gibi alanlar\u0131 da kapsayacak \u015fekilde geni\u015fletilmesinin hedeflendi\u011fi belirtildi.<\/p>\n<h4>Yat\u0131r\u0131mlarda stratejik sekt\u00f6rler \u00f6ne \u00e7\u0131k\u0131yor<\/h4>\n<p>Resepsiyonda iki \u00fclke aras\u0131ndaki kar\u015f\u0131l\u0131kl\u0131 yat\u0131r\u0131mlar da \u00f6nemli g\u00fcndem maddeleri aras\u0131nda yer ald\u0131.<\/p>\n<p>Birle\u015fik Krall\u0131k Ba\u015fbakanl\u0131k Yat\u0131r\u0131m Ofisi\u2019nden (The <strong>Number 10 Investment Office<\/strong>) temsilcilerin de kat\u0131ld\u0131\u011f\u0131 etkinlikte, <strong>yapay zek\u00e2, enerji, ya\u015fam bilimleri ve savunma<\/strong> sekt\u00f6rlerinin \u00f6n\u00fcm\u00fczdeki d\u00f6nemde yat\u0131r\u0131m i\u015f birli\u011finin odak alanlar\u0131 aras\u0131nda bulundu\u011fu ifade edildi.<\/p>\n<p>Program kapsam\u0131nda ayr\u0131ca London School of Economics (LSE) Uluslararas\u0131 Birincil Piyasalar Ba\u015fkan\u0131 Tom Attenborough, \u0130ngiltere Finansal Davran\u0131\u015f Otoritesi (FCA) taraf\u0131ndan d\u00fczenlenen yeni <strong>PISCES<\/strong> platformuna ili\u015fkin bilgi verdi. Sistem, \u00f6zel \u015firket hissedarlar\u0131n\u0131n halka arz s\u00fcrecine ihtiya\u00e7 duymadan belirli d\u00f6nemlerde hisse sat\u0131\u015f\u0131na imk\u00e2n tan\u0131yor.<\/p>\n<p>Londra\u2019daki bulu\u015fma, T\u00fcrkiye ve Birle\u015fik Krall\u0131k aras\u0131nda hem ticaret hem de yat\u0131r\u0131m alanlar\u0131nda daha kapsaml\u0131 bir ekonomik ortakl\u0131\u011fa y\u00f6nelik \u00e7al\u0131\u015fmalar\u0131n h\u0131z kazand\u0131\u011f\u0131na i\u015faret eden \u00f6nemli temaslardan biri olarak de\u011ferlendirildi.<\/p>\n<div id=\"briti-3845725831\" class=\"briti-icerikten-sonra_2\" style=\"margin-top: 25px;margin-bottom: 25px;\"><a href=\"https:\/\/wa.me\/message\/NDZLLIOQT4H3O1\" aria-label=\"bytv reklam banner\"><img loading=\"lazy\" decoding=\"async\" src=\"https:\/\/by-tv.co.uk\/wp-content\/uploads\/2025\/12\/bytv-reklam-banner.jpg\" alt=\"\"  width=\"2376\" height=\"1008\"   \/><\/a><\/div>","protected":false},"excerpt":{"rendered":"<p>Londra\u2019daki T\u00fcrkiye B\u00fcy\u00fckel\u00e7ili\u011fi Rezidans\u0131\u2019nda d\u00fczenlenen T\u00dcRKONFED ve \u0130\u015fbank UK ortak resepsiyonunda, T\u00fcrkiye ile Birle\u015fik Krall\u0131k aras\u0131ndaki ekonomik ili\u015fkilerin gelece\u011fi ve Serbest Ticaret Anla\u015fmas\u0131\u2019n\u0131n (STA) modernizasyon s\u00fcreci masaya yat\u0131r\u0131ld\u0131. T\u00fcrkiye&#8217;nin Londra B\u00fcy\u00fckel\u00e7isi Osman Koray Erta\u015f\u2019\u0131n ev sahipli\u011finde ger\u00e7ekle\u015ftirilen etkinlikte, iki \u00fclke aras\u0131nda y\u00fcr\u00fct\u00fclen STA m\u00fczakerelerinde gelecek y\u0131l ilerleme sa\u011flanabilece\u011fine y\u00f6nelik de\u011ferlendirmeler dikkat \u00e7ekti. T\u00dcRKONFED Y\u00f6netim Kurulu Ba\u015fkan Yard\u0131mc\u0131s\u0131 ve \u0130\u015f D\u00fcnyas\u0131nda Kad\u0131n Komisyonu (\u0130DK) Ba\u015fkan\u0131 Prof. Dr. Yasemin A\u00e7\u0131k, \u0130\u015fbank UK Genel M\u00fcd\u00fcr\u00fc Berkin Ergan, T\u00fcrkiye \u0130\u015f Bankas\u0131 KOB\u0130 ve \u0130\u015fletme Bankac\u0131l\u0131\u011f\u0131 Pazarlama B\u00f6l\u00fcm\u00fc M\u00fcd\u00fcr\u00fc \u00d6zge K\u00fcllah Kurtulu\u015f, Londra Borsas\u0131 Uluslararas\u0131 Birincil Piyasalar Ba\u015fkan\u0131 Tom Attenborough ve Birle\u015fik Krall\u0131k Ba\u015fbakanl\u0131k Yat\u0131r\u0131m [&hellip;]<\/p>\n","protected":false},"author":11,"featured_media":39302,"comment_status":"open","ping_status":"open","sticky":false,"template":"","format":"standard","meta":{"ngg_post_thumbnail":0,"footnotes":""},"categories":[5269],"tags":[],"class_list":["post-39300","post","type-post","status-publish","format-standard","has-post-thumbnail","hentry","category-birlesik-krallik"],"_links":{"self":[{"href":"https:\/\/by-tv.co.uk\/en\/wp-json\/wp\/v2\/posts\/39300","targetHints":{"allow":["GET"]}}],"collection":[{"href":"https:\/\/by-tv.co.uk\/en\/wp-json\/wp\/v2\/posts"}],"about":[{"href":"https:\/\/by-tv.co.uk\/en\/wp-json\/wp\/v2\/types\/post"}],"author":[{"embeddable":true,"href":"https:\/\/by-tv.co.uk\/en\/wp-json\/wp\/v2\/users\/11"}],"replies":[{"embeddable":true,"href":"https:\/\/by-tv.co.uk\/en\/wp-json\/wp\/v2\/comments?post=39300"}],"version-history":[{"count":4,"href":"https:\/\/by-tv.co.uk\/en\/wp-json\/wp\/v2\/posts\/39300\/revisions"}],"predecessor-version":[{"id":39316,"href":"https:\/\/by-tv.co.uk\/en\/wp-json\/wp\/v2\/posts\/39300\/revisions\/39316"}],"wp:featuredmedia":[{"embeddable":true,"href":"https:\/\/by-tv.co.uk\/en\/wp-json\/wp\/v2\/media\/39302"}],"wp:attachment":[{"href":"https:\/\/by-tv.co.uk\/en\/wp-json\/wp\/v2\/media?parent=39300"}],"wp:term":[{"taxonomy":"category","embeddable":true,"href":"https:\/\/by-tv.co.uk\/en\/wp-json\/wp\/v2\/categories?post=39300"},{"taxonomy":"post_tag","embeddable":true,"href":"https:\/\/by-tv.co.uk\/en\/wp-json\/wp\/v2\/tags?post=39300"}],"curies":[{"name":"wp","href":"https:\/\/api.w.org\/{rel}","templated":true}]}}