{"id":39297,"date":"2026-06-17T09:50:27","date_gmt":"2026-06-17T08:50:27","guid":{"rendered":"https:\/\/by-tv.co.uk\/?p=39297"},"modified":"2026-06-17T09:50:27","modified_gmt":"2026-06-17T08:50:27","slug":"starmer-trumpa-ovgu-iceren-g7-bildirisini-savundu","status":"publish","type":"post","link":"https:\/\/by-tv.co.uk\/en\/starmer-trumpa-ovgu-iceren-g7-bildirisini-savundu\/","title":{"rendered":"Starmer, Trump\u2019a \u00f6vg\u00fc i\u00e7eren G7 bildirisini savundu"},"content":{"rendered":"<p>Birle\u015fik Krall\u0131k Ba\u015fbakan\u0131 <strong>Keir Starmer<\/strong>, G7 Zirvesi\u2019nde yay\u0131mlanan ve ABD Ba\u015fkan\u0131 <strong>Donald Trump\u2019\u0131n<\/strong> \u0130ran konusundaki giri\u015fimlerini \u00f6ven liderler bildirisini imzalamas\u0131na y\u00f6nelik ele\u015ftirilere yan\u0131t verdi.<\/p>\n<p><strong>ITV News Siyasi Edit\u00f6r\u00fc Robert Peston\u2019a konu\u015fan Starmer<\/strong>, Trump taraf\u0131ndan sa\u011flanan anla\u015fman\u0131n \u201ciyi bir geli\u015fme\u201d oldu\u011funu ve Orta Do\u011fu\u2019daki \u00e7at\u0131\u015fmalarda \u201cyeni bir d\u00f6nemin ba\u015flang\u0131c\u0131 i\u00e7in f\u0131rsat sundu\u011funu\u201d s\u00f6yledi.<\/p>\n<p>\u00c7ar\u015famba g\u00fcn\u00fc yay\u0131mlanan ve G7 liderleri taraf\u0131ndan imzalanan bildiride, Trump\u2019\u0131n \u0130ran ile ABD aras\u0131nda var\u0131lan son bar\u0131\u015f anla\u015fmas\u0131ndaki rol\u00fc nedeniyle \u201cg\u00fc\u00e7l\u00fc liderlik\u201d sergiledi\u011fi ifade edilirken, anla\u015fma b\u00f6lge i\u00e7in \u201ctarihi bir f\u0131rsat\u201d olarak nitelendirildi.<\/p><div id=\"briti-3494734722\" class=\"briti-icerik\" style=\"margin-top: 5px;margin-bottom: 5px;\"><a href=\"https:\/\/piaryum.com\/services\/\" aria-label=\"piaryum banner\"><img loading=\"lazy\" decoding=\"async\" src=\"https:\/\/by-tv.co.uk\/wp-content\/uploads\/2025\/12\/Gemini_Generated_Image_g5yqr1g5yqr1g5yq.jpg\" alt=\"\"  width=\"2064\" height=\"1152\"   \/><\/a><\/div>\n<h4>\u0130ran sava\u015f\u0131 ele\u015ftirileri s\u00fcr\u00fcyor<\/h4>\n<p>Starmer ve h\u00fck\u00fcmet \u00fcyeleri, ABD ve \u0130srail\u2019in \u015fubat ay\u0131nda d\u00fczenledi\u011fi ortak sald\u0131r\u0131lar\u0131n ard\u0131ndan ba\u015flayan \u0130ran sava\u015f\u0131na y\u00f6nelik daha \u00f6nce sert ele\u015ftirilerde bulunmu\u015ftu. Ba\u015fbakan, \u00e7at\u0131\u015fmalar\u0131n enerji faturalar\u0131n\u0131 art\u0131rmas\u0131ndan duydu\u011fu rahats\u0131zl\u0131\u011f\u0131 dile getirirken, baz\u0131 bakanlar sava\u015f\u0131 \u201chata\u201d olarak tan\u0131mlam\u0131\u015ft\u0131.<\/p>\n<p>Sava\u015f\u0131n ard\u0131ndan H\u00fcrm\u00fcz Bo\u011faz\u0131\u2019n\u0131n kapanmas\u0131, k\u00fcresel enerji piyasalar\u0131n\u0131 ve deniz ticaretini etkilerken petrol fiyatlar\u0131nda ve hane halk\u0131 faturalar\u0131nda \u00f6nemli art\u0131\u015flara yol a\u00e7t\u0131.<\/p>\n<p>Bo\u011faz\u0131n ne zaman yeniden tam olarak a\u00e7\u0131laca\u011f\u0131 sorusuna yan\u0131t veren Starmer, bunun \u201cm\u00fcmk\u00fcn olan en k\u0131sa s\u00fcrede\u201d ger\u00e7ekle\u015fmesini istediklerini s\u00f6yledi.<\/p>\n<p>Sigorta \u015firketleriyle temas halinde olduklar\u0131n\u0131 belirten Ba\u015fbakan, g\u00fcvenli ge\u00e7i\u015f konusunda gerekli g\u00fcvencelerin sa\u011flanmas\u0131 i\u00e7in \u00e7al\u0131\u015fmalar\u0131n s\u00fcrd\u00fc\u011f\u00fcn\u00fc ifade etti.<\/p>\n<p>Enerji maliyetlerindeki art\u0131\u015fa dikkat \u00e7eken Starmer, son d\u00f6nemde akaryak\u0131t fiyatlar\u0131ndaki y\u00fckseli\u015fin vatanda\u015flar \u00fczerindeki etkisinin a\u00e7\u0131k \u015fekilde g\u00f6r\u00fcld\u00fc\u011f\u00fcn\u00fc s\u00f6yledi.<\/p>\n<h4>Savunma harcamalar\u0131 tart\u0131\u015fmas\u0131<\/h4>\n<p>Ge\u00e7ti\u011fimiz hafta Savunma Bakan\u0131 <strong>John Healey<\/strong>, silahl\u0131 kuvvetlere yeterli yat\u0131r\u0131m yap\u0131lmad\u0131\u011f\u0131n\u0131 gerek\u00e7e g\u00f6stererek g\u00f6revinden ayr\u0131ld\u0131. Healey\u2019nin, Birle\u015fik Krall\u0131k\u2019\u0131n g\u00fcvenli\u011fini koruyabilmesi i\u00e7in savunmaya ilave 10 milyar sterlin ayr\u0131lmas\u0131 gerekti\u011fini savundu\u011fu belirtilmi\u015fti.<\/p>\n<h4>Starmer ise bu de\u011ferlendirmeye kat\u0131lmad\u0131\u011f\u0131n\u0131 s\u00f6yledi.<\/h4>\n<p>Ba\u015fbakan, h\u00fck\u00fcmetin savunma harcamalar\u0131n\u0131 2030 y\u0131l\u0131na kadar gayrisafi yurt i\u00e7i has\u0131lan\u0131n y\u00fczde 3\u2019\u00fcne \u00e7\u0131karma taahh\u00fcd\u00fcn\u00fc hat\u0131rlatarak mevcut yat\u0131r\u0131m plan\u0131n\u0131n gelecekteki savunma kabiliyetlerini g\u00fc\u00e7lendirmeyi hedefledi\u011fini belirtti.<\/p>\n<p>Ayr\u0131ca savunma b\u00fct\u00e7esindeki art\u0131\u015f\u0131n, di\u011fer kamu harcamalar\u0131ndan kaynak aktar\u0131lmas\u0131n\u0131 gerektiren zor kararlar i\u00e7erdi\u011fini ifade etti.<\/p>\n<h4>Liderlik tart\u0131\u015fmalar\u0131na yan\u0131t<\/h4>\n<p>\u00d6te yandan Starmer\u2019\u0131n liderli\u011fi \u00fczerindeki tart\u0131\u015fmalar da g\u00fcndemdeki yerini koruyor. Yakla\u015fan Makerfield ara se\u00e7iminin, \u0130\u015f\u00e7i Partisi i\u00e7inde yeni liderlik tart\u0131\u015fmalar\u0131n\u0131 tetikleyebilece\u011fi \u00f6ne s\u00fcr\u00fcl\u00fcyor.<\/p>\n<p>Kamuoyundaki pop\u00fclaritesine ili\u015fkin sorular\u0131 yan\u0131tlayan Starmer, 2024 genel se\u00e7imlerinde elde edilen g\u00fc\u00e7l\u00fc se\u00e7im zaferine dikkat \u00e7ekerek h\u00fck\u00fcmetin de\u011fi\u015fim program\u0131n\u0131 uygulamaya devam edece\u011fini s\u00f6yledi.<\/p>\n<p>Ba\u015fbakan, olas\u0131 bir liderlik yar\u0131\u015f\u0131nda g\u00f6revini b\u0131rakmay\u0131 d\u00fc\u015f\u00fcnmedi\u011fini belirterek, se\u00e7menlerin kendilerine verdi\u011fi be\u015f y\u0131ll\u0131k yetkiyi tamamlamaya odakland\u0131\u011f\u0131n\u0131 vurgulad\u0131.<\/p>\n<p>\u201cAmac\u0131m milyonlarca insan\u0131n ya\u015fam\u0131n\u0131 iyile\u015ftirmek\u201d diyen Starmer, siyasi g\u00fcndem yerine h\u00fck\u00fcmetin reform program\u0131na odakland\u0131\u011f\u0131n\u0131 ifade etti.<\/p>\n<div id=\"briti-2412636797\" class=\"briti-icerikten-sonra_2\" style=\"margin-top: 25px;margin-bottom: 25px;\"><a href=\"https:\/\/wa.me\/message\/NDZLLIOQT4H3O1\" aria-label=\"bytv reklam banner\"><img loading=\"lazy\" decoding=\"async\" src=\"https:\/\/by-tv.co.uk\/wp-content\/uploads\/2025\/12\/bytv-reklam-banner.jpg\" alt=\"\"  width=\"2376\" height=\"1008\"   \/><\/a><\/div>","protected":false},"excerpt":{"rendered":"<p>Birle\u015fik Krall\u0131k Ba\u015fbakan\u0131 Keir Starmer, G7 Zirvesi\u2019nde yay\u0131mlanan ve ABD Ba\u015fkan\u0131 Donald Trump\u2019\u0131n \u0130ran konusundaki giri\u015fimlerini \u00f6ven liderler bildirisini imzalamas\u0131na y\u00f6nelik ele\u015ftirilere yan\u0131t verdi. ITV News Siyasi Edit\u00f6r\u00fc Robert Peston\u2019a konu\u015fan Starmer, Trump taraf\u0131ndan sa\u011flanan anla\u015fman\u0131n \u201ciyi bir geli\u015fme\u201d oldu\u011funu ve Orta Do\u011fu\u2019daki \u00e7at\u0131\u015fmalarda \u201cyeni bir d\u00f6nemin ba\u015flang\u0131c\u0131 i\u00e7in f\u0131rsat sundu\u011funu\u201d s\u00f6yledi. \u00c7ar\u015famba g\u00fcn\u00fc yay\u0131mlanan ve G7 liderleri taraf\u0131ndan imzalanan bildiride, Trump\u2019\u0131n \u0130ran ile ABD aras\u0131nda var\u0131lan son bar\u0131\u015f anla\u015fmas\u0131ndaki rol\u00fc nedeniyle \u201cg\u00fc\u00e7l\u00fc liderlik\u201d sergiledi\u011fi ifade edilirken, anla\u015fma b\u00f6lge i\u00e7in \u201ctarihi bir f\u0131rsat\u201d olarak nitelendirildi. \u0130ran sava\u015f\u0131 ele\u015ftirileri s\u00fcr\u00fcyor Starmer ve h\u00fck\u00fcmet \u00fcyeleri, ABD ve \u0130srail\u2019in \u015fubat ay\u0131nda d\u00fczenledi\u011fi ortak [&hellip;]<\/p>\n","protected":false},"author":11,"featured_media":38915,"comment_status":"open","ping_status":"open","sticky":false,"template":"","format":"standard","meta":{"ngg_post_thumbnail":0,"footnotes":""},"categories":[5269],"tags":[],"class_list":["post-39297","post","type-post","status-publish","format-standard","has-post-thumbnail","hentry","category-birlesik-krallik"],"_links":{"self":[{"href":"https:\/\/by-tv.co.uk\/en\/wp-json\/wp\/v2\/posts\/39297","targetHints":{"allow":["GET"]}}],"collection":[{"href":"https:\/\/by-tv.co.uk\/en\/wp-json\/wp\/v2\/posts"}],"about":[{"href":"https:\/\/by-tv.co.uk\/en\/wp-json\/wp\/v2\/types\/post"}],"author":[{"embeddable":true,"href":"https:\/\/by-tv.co.uk\/en\/wp-json\/wp\/v2\/users\/11"}],"replies":[{"embeddable":true,"href":"https:\/\/by-tv.co.uk\/en\/wp-json\/wp\/v2\/comments?post=39297"}],"version-history":[{"count":2,"href":"https:\/\/by-tv.co.uk\/en\/wp-json\/wp\/v2\/posts\/39297\/revisions"}],"predecessor-version":[{"id":39299,"href":"https:\/\/by-tv.co.uk\/en\/wp-json\/wp\/v2\/posts\/39297\/revisions\/39299"}],"wp:featuredmedia":[{"embeddable":true,"href":"https:\/\/by-tv.co.uk\/en\/wp-json\/wp\/v2\/media\/38915"}],"wp:attachment":[{"href":"https:\/\/by-tv.co.uk\/en\/wp-json\/wp\/v2\/media?parent=39297"}],"wp:term":[{"taxonomy":"category","embeddable":true,"href":"https:\/\/by-tv.co.uk\/en\/wp-json\/wp\/v2\/categories?post=39297"},{"taxonomy":"post_tag","embeddable":true,"href":"https:\/\/by-tv.co.uk\/en\/wp-json\/wp\/v2\/tags?post=39297"}],"curies":[{"name":"wp","href":"https:\/\/api.w.org\/{rel}","templated":true}]}}