{"id":39278,"date":"2026-06-13T21:05:50","date_gmt":"2026-06-13T20:05:50","guid":{"rendered":"https:\/\/by-tv.co.uk\/?p=39278"},"modified":"2026-06-13T21:05:50","modified_gmt":"2026-06-13T20:05:50","slug":"ingilterede-asistan-doktorlar-grevi-iptal-etti","status":"publish","type":"post","link":"https:\/\/by-tv.co.uk\/en\/ingilterede-asistan-doktorlar-grevi-iptal-etti\/","title":{"rendered":"\u0130ngiltere\u2019de asistan doktorlar grevi iptal etti"},"content":{"rendered":"<p>\u0130ngiltere\u2019de g\u00f6rev yapan asistan doktorlar (resident doctors), pazartesi g\u00fcn\u00fc ba\u015flamas\u0131 planlanan grevlerini iptal etti. <strong>\u0130ngiliz Tabipler Birli\u011fi (BMA)<\/strong>, h\u00fck\u00fcmetin son anda yeni bir teklif sundu\u011funu ve teklifin \u00fcyelerin oyuna sunulaca\u011f\u0131n\u0131 a\u00e7\u0131klad\u0131.<\/p>\n<p>Grev 15 Haziran Pazartesi g\u00fcn\u00fc saat 07.00\u2019de ba\u015flayacak ve 19 Haziran Cuma g\u00fcn\u00fc saat 06.59\u2019a kadar s\u00fcrecekti. Uzun s\u00fcredir devam eden \u00fccret anla\u015fmazl\u0131\u011f\u0131 kapsam\u0131nda bu, planlanan <strong>16\u2019nc\u0131 grev<\/strong> olacakt\u0131.<\/p>\n<h4>H\u00fck\u00fcmet: Hastalar i\u00e7in olumlu bir geli\u015fme<\/h4>\n<p>Sa\u011fl\u0131k Bakanl\u0131\u011f\u0131 ad\u0131na a\u00e7\u0131klama yapan <strong>Sa\u011fl\u0131k Bakan\u0131 James Murray<\/strong>, yeni teklifin asistan doktorlar i\u00e7in iyi bir anla\u015fma oldu\u011funu s\u00f6yledi.<\/p><div id=\"briti-3497721872\" class=\"briti-icerik\" style=\"margin-top: 5px;margin-bottom: 5px;\"><a href=\"https:\/\/piaryum.com\/services\/\" aria-label=\"piaryum banner\"><img loading=\"lazy\" decoding=\"async\" src=\"https:\/\/by-tv.co.uk\/wp-content\/uploads\/2025\/12\/Gemini_Generated_Image_g5yqr1g5yqr1g5yq.jpg\" alt=\"\"  width=\"2064\" height=\"1152\"   \/><\/a><\/div>\n<p>Murray, \u201cSon y\u0131llardaki y\u0131prat\u0131c\u0131 anla\u015fmazl\u0131klar\u0131 geride b\u0131rakmak i\u00e7in bir f\u0131rsat sunuyor. BMA\u2019n\u0131n bu gereksiz grevleri iptal etmi\u015f olmas\u0131 \u00f6zellikle hastalar a\u00e7\u0131s\u0131ndan olumlu ve memnuniyet verici bir geli\u015fmedir\u201d ifadelerini kulland\u0131.<\/p>\n<p>H\u00fck\u00fcmetin bu y\u0131l i\u00e7in \u00fccret teklifini art\u0131rmas\u0131n\u0131n m\u00fcmk\u00fcn olmad\u0131\u011f\u0131n\u0131 belirten Murray, taraflar\u0131n e\u011fitim kontenjanlar\u0131 ve \u00e7al\u0131\u015fma ko\u015fullar\u0131 gibi alanlarda ilerleme kaydetti\u011fini dile getirdi.<\/p>\n<h4>BMA: H\u00fck\u00fcmet pozisyonunu de\u011fi\u015ftirdi<\/h4>\n<p>BMA Asistan Doktorlar Komitesi Ba\u015fkan\u0131 <strong>Dr Jack Fletcher<\/strong>, uygun bir teklif sunulmas\u0131 halinde grevlerin ger\u00e7ekle\u015fmeyebilece\u011fini daha \u00f6nce de a\u00e7\u0131k\u00e7a ifade ettiklerini s\u00f6yledi.<\/p>\n<p>Fletcher, \u201cBu durumun son ana b\u0131rak\u0131lmamas\u0131 gerekirdi. Ancak h\u00fck\u00fcmet pozisyonunu de\u011fi\u015ftirdi\u011finde biz de \u00fczerimize d\u00fc\u015feni yap\u0131yoruz\u201d dedi.<\/p>\n<p>BMA, yeni teklifin <strong>i\u015f imkanlar\u0131, \u00fccret ve kariyer ilerlemesi<\/strong> ba\u015fl\u0131klar\u0131n\u0131 kapsad\u0131\u011f\u0131n\u0131 a\u00e7\u0131klad\u0131.<\/p>\n<h4>\u00dccret tart\u0131\u015fmas\u0131 s\u00fcr\u00fcyor<\/h4>\n<p>Asistan doktorlar, son d\u00f6rt y\u0131lda bu y\u0131lki y\u00fczde 3,5\u2019lik art\u0131\u015f da dahil olmak \u00fczere toplamda <strong>y\u00fczde 33 oran\u0131nda \u00fccret art\u0131\u015f\u0131<\/strong> ald\u0131.<\/p>\n<p>Buna g\u00f6re yeni ba\u015flayan bir asistan doktorun maa\u015f\u0131 y\u0131ll\u0131k <strong>40 bin sterlinin \u00fczerine<\/strong> \u00e7\u0131karken, en k\u0131demli asistan doktorlar\u0131n temel maa\u015f\u0131 <strong>76 bin 500 sterline<\/strong> ula\u015ft\u0131. N\u00f6betler, ek \u00e7al\u0131\u015fma saatleri ve mesai d\u0131\u015f\u0131 g\u00f6revler nedeniyle gelirler daha da artabiliyor.<\/p>\n<p>Ancak BMA, enflasyon dikkate al\u0131nd\u0131\u011f\u0131nda asistan doktorlar\u0131n \u00fccretlerinin h\u00e2l\u00e2 <strong>2008 seviyelerine k\u0131yasla yakla\u015f\u0131k y\u00fczde 20 daha d\u00fc\u015f\u00fck<\/strong> oldu\u011funu savunuyor.<\/p>\n<div id=\"briti-4050593396\" class=\"briti-icerikten-sonra_2\" style=\"margin-top: 25px;margin-bottom: 25px;\"><a href=\"https:\/\/wa.me\/message\/NDZLLIOQT4H3O1\" aria-label=\"bytv reklam banner\"><img loading=\"lazy\" decoding=\"async\" src=\"https:\/\/by-tv.co.uk\/wp-content\/uploads\/2025\/12\/bytv-reklam-banner.jpg\" alt=\"\"  width=\"2376\" height=\"1008\"   \/><\/a><\/div>","protected":false},"excerpt":{"rendered":"<p>\u0130ngiltere\u2019de g\u00f6rev yapan asistan doktorlar (resident doctors), pazartesi g\u00fcn\u00fc ba\u015flamas\u0131 planlanan grevlerini iptal etti. \u0130ngiliz Tabipler Birli\u011fi (BMA), h\u00fck\u00fcmetin son anda yeni bir teklif sundu\u011funu ve teklifin \u00fcyelerin oyuna sunulaca\u011f\u0131n\u0131 a\u00e7\u0131klad\u0131. Grev 15 Haziran Pazartesi g\u00fcn\u00fc saat 07.00\u2019de ba\u015flayacak ve 19 Haziran Cuma g\u00fcn\u00fc saat 06.59\u2019a kadar s\u00fcrecekti. Uzun s\u00fcredir devam eden \u00fccret anla\u015fmazl\u0131\u011f\u0131 kapsam\u0131nda bu, planlanan 16\u2019nc\u0131 grev olacakt\u0131. H\u00fck\u00fcmet: Hastalar i\u00e7in olumlu bir geli\u015fme Sa\u011fl\u0131k Bakanl\u0131\u011f\u0131 ad\u0131na a\u00e7\u0131klama yapan Sa\u011fl\u0131k Bakan\u0131 James Murray, yeni teklifin asistan doktorlar i\u00e7in iyi bir anla\u015fma oldu\u011funu s\u00f6yledi. Murray, \u201cSon y\u0131llardaki y\u0131prat\u0131c\u0131 anla\u015fmazl\u0131klar\u0131 geride b\u0131rakmak i\u00e7in bir f\u0131rsat sunuyor. BMA\u2019n\u0131n bu gereksiz grevleri [&hellip;]<\/p>\n","protected":false},"author":11,"featured_media":25308,"comment_status":"open","ping_status":"open","sticky":false,"template":"","format":"standard","meta":{"ngg_post_thumbnail":0,"footnotes":""},"categories":[1],"tags":[],"class_list":["post-39278","post","type-post","status-publish","format-standard","has-post-thumbnail","hentry","category-genel"],"_links":{"self":[{"href":"https:\/\/by-tv.co.uk\/en\/wp-json\/wp\/v2\/posts\/39278","targetHints":{"allow":["GET"]}}],"collection":[{"href":"https:\/\/by-tv.co.uk\/en\/wp-json\/wp\/v2\/posts"}],"about":[{"href":"https:\/\/by-tv.co.uk\/en\/wp-json\/wp\/v2\/types\/post"}],"author":[{"embeddable":true,"href":"https:\/\/by-tv.co.uk\/en\/wp-json\/wp\/v2\/users\/11"}],"replies":[{"embeddable":true,"href":"https:\/\/by-tv.co.uk\/en\/wp-json\/wp\/v2\/comments?post=39278"}],"version-history":[{"count":2,"href":"https:\/\/by-tv.co.uk\/en\/wp-json\/wp\/v2\/posts\/39278\/revisions"}],"predecessor-version":[{"id":39280,"href":"https:\/\/by-tv.co.uk\/en\/wp-json\/wp\/v2\/posts\/39278\/revisions\/39280"}],"wp:featuredmedia":[{"embeddable":true,"href":"https:\/\/by-tv.co.uk\/en\/wp-json\/wp\/v2\/media\/25308"}],"wp:attachment":[{"href":"https:\/\/by-tv.co.uk\/en\/wp-json\/wp\/v2\/media?parent=39278"}],"wp:term":[{"taxonomy":"category","embeddable":true,"href":"https:\/\/by-tv.co.uk\/en\/wp-json\/wp\/v2\/categories?post=39278"},{"taxonomy":"post_tag","embeddable":true,"href":"https:\/\/by-tv.co.uk\/en\/wp-json\/wp\/v2\/tags?post=39278"}],"curies":[{"name":"wp","href":"https:\/\/api.w.org\/{rel}","templated":true}]}}