{"id":39239,"date":"2026-06-09T12:53:01","date_gmt":"2026-06-09T11:53:01","guid":{"rendered":"https:\/\/by-tv.co.uk\/?p=39239"},"modified":"2026-06-09T12:55:20","modified_gmt":"2026-06-09T11:55:20","slug":"turkiyenin-canli-eglence-sektoru-icin-londrada-stratejik-bulusma","status":"publish","type":"post","link":"https:\/\/by-tv.co.uk\/en\/turkiyenin-canli-eglence-sektoru-icin-londrada-stratejik-bulusma\/","title":{"rendered":"T\u00fcrkiye&#8217;nin canl\u0131 e\u011flence sekt\u00f6r\u00fc i\u00e7in Londra&#8217;da stratejik bulu\u015fma"},"content":{"rendered":"<p>T\u00fcrkiye\u2019nin canl\u0131 m\u00fczik sekt\u00f6r\u00fcn\u00fcn uluslararas\u0131 \u00f6l\u00e7ekteki y\u00fckseli\u015fini kutlamak amac\u0131yla d\u00fcn ak\u015fam, Birle\u015fik Krall\u0131k ve T\u00fcrkiye canl\u0131 m\u00fczik end\u00fcstrisinin \u00f6nde gelen isimleri, <b>T\u00fcrkiye&#8217;nin Londra\u2019daki&nbsp; B\u00fcy\u00fckel\u00e7ilik Rezidans\u0131\u2019nda <\/b>d\u00fczenlenen \u00f6zel bir resepsiyonda bir araya geldi. Geceye,&nbsp; <b>T\u00fcrkiye&#8217;nin Londra B\u00fcy\u00fckel\u00e7isi Osman Koray Erta\u015f<\/b>&nbsp;ve T\u00fcrkiye\u2019nin \u00f6nde gelen canl\u0131 e\u011flence \u015firketi&nbsp;<b>BKM<\/b>\u2019nin CEO\u2019su Z\u00fcmr\u00fct Arol ev sahipli\u011fi yapt\u0131. Resepsiyon,&nbsp;<b>T\u00fcrkiye Turizm Tan\u0131t\u0131m ve Geli\u015ftirme Ajans\u0131&#8217;n\u0131n&nbsp;<i>(TGA)<\/i><\/b>&nbsp;deste\u011fiyle ger\u00e7ekle\u015ftirildi.<\/p>\n<div id=\"attachment_39243\" style=\"width: 2570px\" class=\"wp-caption alignnone\"><img loading=\"lazy\" decoding=\"async\" aria-describedby=\"caption-attachment-39243\" class=\"size-full wp-image-39243\" src=\"https:\/\/by-tv.co.uk\/wp-content\/uploads\/2026\/06\/IMG_0009-scaled.jpg\" alt=\"\" width=\"2560\" height=\"1706\" title=\"\"><p id=\"caption-attachment-39243\" class=\"wp-caption-text\">Z\u00fcmr\u00fct Arol (BKM), John Giddings,<\/p><\/div>\n<p>T\u00fcrkiye\u2019nin canl\u0131 e\u011flence sekt\u00f6r\u00fc son y\u0131llarda dikkat \u00e7ekici bir b\u00fcy\u00fcme g\u00f6sterirken, 2025 y\u0131l\u0131nda bilet gelirlerinde y\u00fczde 30\u2019luk art\u0131\u015f kaydedildi. Bu ba\u015far\u0131, \u00fclkenin zengin k\u00fclt\u00fcrel ya\u015fam\u0131n\u0131n ve g\u00fc\u00e7l\u00fc m\u00fczik end\u00fcstrisinin \u00f6nemli bir g\u00f6stergesi olarak de\u011ferlendiriliyor.<\/p>\n<h4><b>Canl\u0131 E\u011flence End\u00fcstrisinde T\u00fcrkiye, Uluslararas\u0131 Turne Ekonomisinin Y\u00fckselen Oyuncular\u0131 Aras\u0131nda<\/b><\/h4>\n<p>Resepsiyonda T\u00fcrkiye canl\u0131 e\u011flence ve k\u00fclt\u00fcr-sanat sekt\u00f6r\u00fcn\u00fcn \u00f6nde gelen temsilcileri de yer ald\u0131. Kat\u0131l\u0131mc\u0131lar aras\u0131nda T\u00fcrkiye&#8217;nin k\u00fclt\u00fcr ve sanat politikalar\u0131n\u0131n belirlenmesi alan\u0131nda bakan dan\u0131\u015fman\u0131&nbsp;<b>Tan Sa\u011ft\u00fcrk, \u0130stanbul K\u00fclt\u00fcr Sanat Vakf\u0131 (\u0130KSV) Genel M\u00fcd\u00fcr\u00fc G\u00f6rg\u00fcn Taner, Piu Entertainment Genel M\u00fcd\u00fcr\u00fc Cemil Demirok, Pozitif\u2019ten Batuhan Alio\u011flu Zorlu PSM Genel M\u00fcd\u00fcr\u00fc Filiz Ova<\/b>&nbsp;ile&nbsp;<b>Biletix T\u00fcrkiye Genel M\u00fcd\u00fcr\u00fc Karao\u011flan Ta\u015f\u00e7\u0131<\/b>&nbsp;yer ald\u0131.<\/p><div id=\"briti-403136995\" class=\"briti-icerik\" style=\"margin-top: 5px;margin-bottom: 5px;\"><a href=\"https:\/\/piaryum.com\/services\/\" aria-label=\"piaryum banner\"><img loading=\"lazy\" decoding=\"async\" src=\"https:\/\/by-tv.co.uk\/wp-content\/uploads\/2025\/12\/Gemini_Generated_Image_g5yqr1g5yqr1g5yq.jpg\" alt=\"\"  width=\"2064\" height=\"1152\"   \/><\/a><\/div>\n<div id=\"attachment_39240\" style=\"width: 2570px\" class=\"wp-caption alignnone\"><img loading=\"lazy\" decoding=\"async\" aria-describedby=\"caption-attachment-39240\" class=\"wp-image-39240 size-full\" src=\"https:\/\/by-tv.co.uk\/wp-content\/uploads\/2026\/06\/Turkiyenin-canli-eglence-sektoru-icin-Londrada-stratejik-bulusma-6-scaled.jpg\" alt=\"\" width=\"2560\" height=\"1706\" title=\"\"><p id=\"caption-attachment-39240\" class=\"wp-caption-text\">Hakan \u00d6zdemirci (Pozitif), Batuhan Alio\u011flu (Pozitif), Levent Dokuzer (Zorlu PSM), Fato\u015f \u015eahin, Cemil Demirok (P\u0130U), Filiz Ova (Zorlu PSM), Sevcan Erta\u015f, Osman Koray Erta\u015f (B\u00fcy\u00fckel\u00e7i), Z\u00fcmr\u00fct Arol (BKM), Tan Sa\u011ft\u00fcrk, G\u00f6rg\u00fcn Taner (\u0130KSV), Mustafa \u00d6zkaya, Kadir Serdar Zengin, Rana Uluda\u011f (\u0130KSV), Harun \u0130zer (\u0130KSV)<\/p><\/div>\n<p>Birle\u015fik Krall\u0131k taraf\u0131ndan ise&nbsp;<b>Kilimanjaro\u2019nun Kurucusu ve CEO\u2019su Stuart Galbraith, Ticketmaster EMEA B\u00f6lgesi Ba\u015fkan Yard\u0131mc\u0131s\u0131 Andrew Parsons, SOLO\u2019nun Kurucusu ve Genel M\u00fcd\u00fcr\u00fc<\/b>, ayn\u0131 zamanda&nbsp;<b>Isle of Wight Festivali\u2019nin organizat\u00f6r\u00fc John Giddings<\/b>,&nbsp;<b>Kilimanjaro Promoter Operations Ba\u015fkan\u0131 Sam Phillips, The Leighton-Pope Organisation\u2019\u0131n kurucusu Carl Leighton-Pope<\/b>&nbsp;ve&nbsp;<b>ITB\u2019nin Kurucusu ve CEO\u2019su Rod MacSween<\/b>\u2019in yan\u0131 s\u0131ra Birle\u015fik Krall\u0131k m\u00fczik end\u00fcstrisinin \u00f6nde gelen medya kurulu\u015flar\u0131n\u0131n temsilcileri geceye kat\u0131ld\u0131.&nbsp;<\/p>\n<h4><b>B\u00fcy\u00fckel\u00e7i Erta\u015f: <\/b><strong data-start=\"0\" data-end=\"54\">T\u00fcrkiye, \u0130ngiliz turistler i\u00e7in cazibesini koruyor<\/strong><\/h4>\n<p>T\u00fcrkiye\u2019nin d\u00fcnyan\u0131n en \u00e7ok ziyaret edilen ilk be\u015f turizm destinasyonu aras\u0131nda yer ald\u0131\u011f\u0131n\u0131 belirterek, her y\u0131l yakla\u015f\u0131k d\u00f6rt milyonu a\u015fk\u0131n \u0130ngiliz ziyaret\u00e7iyi a\u011f\u0131rlad\u0131\u011f\u0131n\u0131 s\u00f6yledi. T\u00fcrkiye\u2019nin yaln\u0131zca e\u015fsiz sahilleri ve do\u011fal g\u00fczellikleriyle de\u011fil, zengin tarihi miras\u0131, arkeolojik hazineleri, d\u00fcnya \u00e7ap\u0131nda tan\u0131nan mutfa\u011f\u0131 ve k\u00f6kl\u00fc misafirperverlik gelene\u011fiyle de \u00f6ne \u00e7\u0131kt\u0131\u011f\u0131n\u0131 vurgulayan Erta\u015f, \u00fclkenin yabanc\u0131 ziyaret\u00e7iler, yat\u0131r\u0131mc\u0131lar ve uluslararas\u0131 organizasyonlar i\u00e7in cazibe merkezi olmaya devam etti\u011fini ifade etti.<\/p>\n<div id=\"attachment_39242\" style=\"width: 1110px\" class=\"wp-caption alignnone\"><img loading=\"lazy\" decoding=\"async\" aria-describedby=\"caption-attachment-39242\" class=\"size-full wp-image-39242\" src=\"https:\/\/by-tv.co.uk\/wp-content\/uploads\/2026\/06\/osman-koray-ertas-3.jpeg\" alt=\"\" width=\"1100\" height=\"732\" title=\"\"><p id=\"caption-attachment-39242\" class=\"wp-caption-text\">T\u00fcrkiye&#8217;nin Londra B\u00fcy\u00fckel\u00e7isi Osman Koray Erta\u015f<\/p><\/div>\n<p>T\u00fcrkiye\u2019nin uluslararas\u0131 diplomasi, k\u00fclt\u00fcr ve spor alanlar\u0131nda giderek daha \u00f6nemli bir merkez haline geldi\u011fini kaydeden B\u00fcy\u00fckel\u00e7i Erta\u015f, bu y\u0131l NATO Zirvesi, COP31 ve T\u00fcrk Devletleri Te\u015fkilat\u0131 Zirvesi gibi \u00f6nemli k\u00fcresel toplant\u0131lara ev sahipli\u011fi yap\u0131laca\u011f\u0131n\u0131 hat\u0131rlatt\u0131. \u0130stanbul\u2019un ayn\u0131 zamanda d\u00fcnyan\u0131n \u00f6nde gelen sanat\u00e7\u0131lar\u0131n\u0131, k\u00fclt\u00fcr ve spor etkinliklerini bulu\u015fturan k\u00fcresel bir merkez konumuna y\u00fckseldi\u011fini belirten Erta\u015f, Formula 1\u2019in 2027 y\u0131l\u0131nda \u0130stanbul Park\u2019a d\u00f6n\u00fc\u015f\u00fcn\u00fcn de T\u00fcrkiye\u2019nin uluslararas\u0131 g\u00f6r\u00fcn\u00fcrl\u00fc\u011f\u00fcne \u00f6nemli katk\u0131 sa\u011flayaca\u011f\u0131n\u0131 s\u00f6yledi.<\/p>\n<h4><b>Etkinlikte s\u00f6z alan John Giddings ise \u015funlar\u0131 s\u00f6yledi:&nbsp;<\/b><\/h4>\n<p>\u201cBuraya gelene kadar, bu harika \u00fclkede ne kadar \u00e7ok konser ger\u00e7ekle\u015ftirdi\u011fimi fark etmemi\u015ftim. The Rolling Stones, U2, Madonna, Shakira, Rihanna, Justin Timberlake, Pharrell Williams ve daha niceleriyle \u00e7al\u0131\u015ft\u0131m. D\u00fcnyada ya\u015fanan t\u00fcm geli\u015fmeleri d\u00fc\u015f\u00fcnd\u00fc\u011f\u00fcm\u00fczde, art\u0131k bu noktada sizin bize ihtiya\u00e7 duydu\u011funuzdan daha fazla bizim size ihtiyac\u0131m\u0131z var. K\u0131sa s\u00fcre \u00f6nce harika k\u0131z grubunuz Manifest\u2019in temsilcili\u011fini \u00fcstlendim. T\u00fcrkiye\u2019de d\u00f6rt arena konserlerinin ve \u00fc\u00e7 festival gecelerinin biletleri t\u00fckendi. Ekim ay\u0131nda Wembley\u2019de sahne alacaklar. L\u00fctfen siz de gelin. T-pop\u2019u d\u00fcnyaya ta\u015f\u0131yaca\u011f\u0131z.\u201d<\/p>\n<p><b>\u0130stanbul K\u00fclt\u00fcr Sanat Vakf\u0131 (\u0130KSV) Genel M\u00fcd\u00fcr\u00fc G\u00f6rg\u00fcn Taner ise T\u00fcrkiye\u2019nin gen\u00e7 n\u00fcfusuna ve canl\u0131 m\u00fczik alan\u0131ndaki potansiyeline dikkat \u00e7ekerek \u015funlar\u0131 s\u00f6yledi:<\/b><\/p>\n<p>\u201cEn \u00f6nemli unsur, T\u00fcrkiye\u2019nin \u00e7ok gen\u00e7 bir n\u00fcfusa sahip olmas\u0131. Bu gen\u00e7 ku\u015fak konserleri ve canl\u0131 m\u00fczik etkinliklerini b\u00fcy\u00fck bir ilgiyle takip ediyor. Bug\u00fcn art\u0131k T\u00fcrkiye\u2019nin uluslararas\u0131 sanat\u00e7\u0131lar\u0131n, konserlerin, m\u00fczikallerin ve farkl\u0131 etkinliklerin turne haritas\u0131nda \u00f6nemli bir yer edindi\u011fini g\u00f6r\u00fcyoruz. T\u00fcrkiye\u2019de daha fazla uluslararas\u0131 sanat\u00e7\u0131 g\u00f6rmek istiyoruz; ayn\u0131 zamanda T\u00fcrkiye\u2019den daha fazla sanat\u00e7\u0131n\u0131n da Birle\u015fik Krall\u0131k\u2019ta sahne almas\u0131n\u0131 arzu ediyoruz.\u201d<\/p>\n<div id=\"briti-3102987348\" class=\"briti-icerikten-sonra_2\" style=\"margin-top: 25px;margin-bottom: 25px;\"><a href=\"https:\/\/wa.me\/message\/NDZLLIOQT4H3O1\" aria-label=\"bytv reklam banner\"><img loading=\"lazy\" decoding=\"async\" src=\"https:\/\/by-tv.co.uk\/wp-content\/uploads\/2025\/12\/bytv-reklam-banner.jpg\" alt=\"\"  width=\"2376\" height=\"1008\"   \/><\/a><\/div>","protected":false},"excerpt":{"rendered":"<p>T\u00fcrkiye\u2019nin canl\u0131 m\u00fczik sekt\u00f6r\u00fcn\u00fcn uluslararas\u0131 \u00f6l\u00e7ekteki y\u00fckseli\u015fini kutlamak amac\u0131yla d\u00fcn ak\u015fam, Birle\u015fik Krall\u0131k ve T\u00fcrkiye canl\u0131 m\u00fczik end\u00fcstrisinin \u00f6nde gelen isimleri, T\u00fcrkiye&#8217;nin Londra\u2019daki&nbsp; B\u00fcy\u00fckel\u00e7ilik Rezidans\u0131\u2019nda d\u00fczenlenen \u00f6zel bir resepsiyonda bir araya geldi. Geceye,&nbsp; T\u00fcrkiye&#8217;nin Londra B\u00fcy\u00fckel\u00e7isi Osman Koray Erta\u015f&nbsp;ve T\u00fcrkiye\u2019nin \u00f6nde gelen canl\u0131 e\u011flence \u015firketi&nbsp;BKM\u2019nin CEO\u2019su Z\u00fcmr\u00fct Arol ev sahipli\u011fi yapt\u0131. Resepsiyon,&nbsp;T\u00fcrkiye Turizm Tan\u0131t\u0131m ve Geli\u015ftirme Ajans\u0131&#8217;n\u0131n&nbsp;(TGA)&nbsp;deste\u011fiyle ger\u00e7ekle\u015ftirildi. T\u00fcrkiye\u2019nin canl\u0131 e\u011flence sekt\u00f6r\u00fc son y\u0131llarda dikkat \u00e7ekici bir b\u00fcy\u00fcme g\u00f6sterirken, 2025 y\u0131l\u0131nda bilet gelirlerinde y\u00fczde 30\u2019luk art\u0131\u015f kaydedildi. Bu ba\u015far\u0131, \u00fclkenin zengin k\u00fclt\u00fcrel ya\u015fam\u0131n\u0131n ve g\u00fc\u00e7l\u00fc m\u00fczik end\u00fcstrisinin \u00f6nemli bir g\u00f6stergesi olarak de\u011ferlendiriliyor. Canl\u0131 E\u011flence End\u00fcstrisinde T\u00fcrkiye, Uluslararas\u0131 Turne Ekonomisinin Y\u00fckselen [&hellip;]<\/p>\n","protected":false},"author":11,"featured_media":39244,"comment_status":"open","ping_status":"open","sticky":false,"template":"","format":"standard","meta":{"ngg_post_thumbnail":0,"footnotes":""},"categories":[5269],"tags":[],"class_list":["post-39239","post","type-post","status-publish","format-standard","has-post-thumbnail","hentry","category-birlesik-krallik"],"_links":{"self":[{"href":"https:\/\/by-tv.co.uk\/en\/wp-json\/wp\/v2\/posts\/39239","targetHints":{"allow":["GET"]}}],"collection":[{"href":"https:\/\/by-tv.co.uk\/en\/wp-json\/wp\/v2\/posts"}],"about":[{"href":"https:\/\/by-tv.co.uk\/en\/wp-json\/wp\/v2\/types\/post"}],"author":[{"embeddable":true,"href":"https:\/\/by-tv.co.uk\/en\/wp-json\/wp\/v2\/users\/11"}],"replies":[{"embeddable":true,"href":"https:\/\/by-tv.co.uk\/en\/wp-json\/wp\/v2\/comments?post=39239"}],"version-history":[{"count":2,"href":"https:\/\/by-tv.co.uk\/en\/wp-json\/wp\/v2\/posts\/39239\/revisions"}],"predecessor-version":[{"id":39246,"href":"https:\/\/by-tv.co.uk\/en\/wp-json\/wp\/v2\/posts\/39239\/revisions\/39246"}],"wp:featuredmedia":[{"embeddable":true,"href":"https:\/\/by-tv.co.uk\/en\/wp-json\/wp\/v2\/media\/39244"}],"wp:attachment":[{"href":"https:\/\/by-tv.co.uk\/en\/wp-json\/wp\/v2\/media?parent=39239"}],"wp:term":[{"taxonomy":"category","embeddable":true,"href":"https:\/\/by-tv.co.uk\/en\/wp-json\/wp\/v2\/categories?post=39239"},{"taxonomy":"post_tag","embeddable":true,"href":"https:\/\/by-tv.co.uk\/en\/wp-json\/wp\/v2\/tags?post=39239"}],"curies":[{"name":"wp","href":"https:\/\/api.w.org\/{rel}","templated":true}]}}