{"id":3918,"date":"2022-02-17T13:25:31","date_gmt":"2022-02-17T13:25:31","guid":{"rendered":"https:\/\/by-tv.co.uk\/?p=3918"},"modified":"2022-02-17T14:07:37","modified_gmt":"2022-02-17T14:07:37","slug":"kolonya-tarihi","status":"publish","type":"post","link":"https:\/\/by-tv.co.uk\/en\/kolonya-tarihi\/","title":{"rendered":"T\u00fcrk k\u00fclt\u00fcr\u00fcnde \u00f6nemli bir yeri olan Kolonya nereden geliyor?"},"content":{"rendered":"<p style=\"text-align: left;\">T\u00fcrk k\u00fclt\u00fcr\u00fcnde \u00f6nemli bir yeri olan Kolonya nereden geliyor? Tarih boyunca insanlar farkl\u0131 kokular elde etmek istedi. Do\u011fada deneyimledikleri \u00e7o\u011fu \u015feyin kokusunu elde etmek i\u00e7in u\u011fra\u015ft\u0131lar. Bir rivayete g\u00f6re parf\u00fcm\u00fcn ortaya \u00e7\u0131kt\u0131\u011f\u0131 Fransa&#8217;da bu kokular\u0131n \u015fehrin k\u00f6t\u00fc kokusunu bast\u0131rmak i\u00e7in \u00fcretildi\u011fi s\u00f6ylenir. Ancak tabii ki o d\u00f6nemlere tan\u0131kl\u0131k edemedi\u011fimizden bunun do\u011frulu\u011funu bilip bilmemek zor. T\u00fcrkiye&#8217;de ise \u00f6zellikle bayramlarda kolonyalar ikram edilir. Berberler tra\u015ftan sonra, kolonya verir m\u00fc\u015fterilerine ya da bir lokantada yeme\u011fin ard\u0131ndan kasada hem kolonya hem de karanfil ikram edildi\u011fini g\u00f6r\u00fcrs\u00fcn\u00fcz. Yani kolonya T\u00fcrk k\u00fclt\u00fcr\u00fcne olduk\u00e7a i\u015flemi\u015ftir. Peki bayramlar\u0131m\u0131z\u0131n, \u00e7ocuklu\u011fumuzun bu kokusu nereden geliyor? Sizler i\u00e7in kolonyan\u0131n tarihini yazd\u0131k.<\/p>\n<h3 style=\"text-align: left;\">Bug\u00fcnlerde <a href=\"https:\/\/by-tv.co.uk\/en\/?s=covid+19\" target=\"_blank\" rel=\"noopener noreferrer\">corona vir\u00fcs\u00fc <\/a>sebebiyle olduk\u00e7a fazla ilgi g\u00f6ren kolonya, asl\u0131nda etil alkol, su ve limon, \u00e7i\u00e7ek veya t\u00fct\u00fcn esans\u0131 gibi ho\u015f koku veren maddelerin kar\u0131\u015f\u0131m\u0131ndan olu\u015fan bir t\u00fcr parf\u00fcm<\/h3>\n<p style=\"text-align: left;\"><img loading=\"lazy\" decoding=\"async\" class=\"alignnone size-full wp-image-3924\" src=\"https:\/\/by-tv.co.uk\/wp-content\/uploads\/2020\/03\/kolonya-4.jpg\" alt=\"kolonya\" width=\"600\" height=\"450\" title=\"\"><\/p>\n<h3 style=\"text-align: left;\">T\u00fcrk k\u00fclt\u00fcr\u00fcnde kendine bir yer bulan kolonyan\u0131n ge\u00e7i\u015fi ise 1709 y\u0131l\u0131na kadar dayan\u0131yor. Kolonya ilk kez bu tarihte \u0130talyan Giovanni Paolo Feminis taraf\u0131ndan K\u00f6ln\u2019de \u00fcretildi<\/h3>\n<p style=\"text-align: left;\"><img loading=\"lazy\" decoding=\"async\" class=\"alignnone size-full wp-image-3922\" src=\"https:\/\/by-tv.co.uk\/wp-content\/uploads\/2020\/03\/kolonya-2.jpg\" alt=\"kolonya\" width=\"800\" height=\"1067\" title=\"\"><\/p>\n<h3 style=\"text-align: left;\">Peki t\u00fcm zamanlar\u0131n en \u00e7ok kullan\u0131lan kokular\u0131ndan biri olan kolonya nas\u0131l ortaya \u00e7\u0131kt\u0131? Bu konu hakk\u0131nda farkl\u0131 hikayeler var<\/h3>\n<p style=\"text-align: left;\"><img loading=\"lazy\" decoding=\"async\" class=\"alignnone size-full wp-image-3928\" src=\"https:\/\/by-tv.co.uk\/wp-content\/uploads\/2020\/03\/kolonya-8-e1584177395117.jpg\" alt=\"kolonya\" width=\"1344\" height=\"900\" title=\"\"><\/p>\n<h3 style=\"text-align: left;\">Bunlardan biri de kolonyan\u0131n ilk kez Macaristan Krali\u00e7esi Elizabeth i\u00e7in \u00fcretilmesi. S\u00f6ylentilere g\u00f6re; Macar Suyu olarak bilinen ve ilk defa bir ke\u015fi\u015f taraf\u0131ndan Macaristan Krali\u00e7esi Elizabeth i\u00e7in \u00fcretildi<\/h3>\n<p style=\"text-align: left;\"><img loading=\"lazy\" decoding=\"async\" class=\"alignnone size-full wp-image-3921\" src=\"https:\/\/by-tv.co.uk\/wp-content\/uploads\/2020\/03\/kolonya-1.jpg\" alt=\"kolonya\" width=\"800\" height=\"1067\" title=\"\"><\/p>\n<h3 style=\"text-align: left;\">Kolonyan\u0131n atas\u0131 olan bu koku, Floransa&#8217;daki Santa Maria Manast\u0131r\u0131 rahibelerinin aqua reginae ad\u0131yla 14. y\u00fczy\u0131ldan itibaren \u00fcretiliyordu<\/h3>\n<p style=\"text-align: left;\"><img loading=\"lazy\" decoding=\"async\" class=\"alignnone size-full wp-image-3927\" src=\"https:\/\/by-tv.co.uk\/wp-content\/uploads\/2020\/03\/kolonya-7-scaled.jpg\" alt=\"\" width=\"2048\" height=\"2560\" title=\"\"><\/p>\n<h3 style=\"text-align: left;\">Ancak 17. y\u00fczy\u0131la gelindi\u011finde Floransa&#8217;da bulunan \u0130talyan parf\u00fcmc\u00fc Giovanni Paolo Feminis bu kokuyu ke\u015ffetti ve ba\u015f rahibeden kokunun form\u00fcl\u00fcn\u00fc \u00f6\u011frendi<\/h3>\n<p style=\"text-align: left;\"><img loading=\"lazy\" decoding=\"async\" class=\"alignnone size-full wp-image-3925\" src=\"https:\/\/by-tv.co.uk\/wp-content\/uploads\/2020\/03\/kolonya-5.jpg\" alt=\"kolonya\" width=\"1920\" height=\"1280\" title=\"\"><\/p>\n<p style=\"text-align: left;\">Feminis, ya\u015fad\u0131\u011f\u0131 \u015fehir olan K\u00f6ln&#8217;e d\u00f6nerek hemen bu konu \u00fczerinde \u00e7al\u0131\u015fmaya ba\u015flad\u0131. Form\u00fcl\u00fc ise i\u00e7ine ba\u015fka bile\u015fenler katarak ki\u015fiselle\u015ftirdi ve bug\u00fcn kolonya denilen koku ortaya \u00e7\u0131kt\u0131. Kolonya ilk \u00e7\u0131kt\u0131\u011f\u0131nda; Eau Admirable&#8221; (Hayranl\u0131k verici su), daha sonra da &#8220;Eau de Cologne&#8221; (K\u00f6ln suyu, Almanca \u201cK\u00f6lnisch Wasser\u201d) olarak isimleri ile sat\u0131l\u0131yordu.<\/p>\n<h3 style=\"text-align: left;\">Koku k\u0131sa s\u00fcrede pop\u00fcler hale geldi. Hatta K\u00f6ln T\u0131p Fak\u00fcltesi, bu kokuyu medikal bir \u00fcr\u00fcn olarak onayland\u0131. Bu andan itibaren ise <a href=\"https:\/\/bestgrocery.co.uk\/search?type=article%2Cpage%2Cproduct&amp;q=kolonya*\" target=\"_blank\" rel=\"noopener\">kolonya<\/a> Avrupa&#8217;da daha da yayg\u0131n hale gelmeye ba\u015flad\u0131<\/h3>\n<p style=\"text-align: left;\"><img loading=\"lazy\" decoding=\"async\" class=\"alignnone size-full wp-image-3926\" src=\"https:\/\/by-tv.co.uk\/wp-content\/uploads\/2020\/03\/kolonya-6.jpg\" alt=\"\" width=\"720\" height=\"403\" title=\"\"><\/p>\n<p style=\"text-align: left;\">Kolonya \u00fcretildi\u011fi ilk y\u0131llarda medikal bir \u00fcr\u00fcn olarak kullan\u0131l\u0131yordu. O d\u00f6nemki form\u00fcl\u00fcn\u00fcn i\u00e7erisinde limonun yan\u0131 s\u0131ra; bergamot, portakal \u00e7i\u00e7e\u011fi ve biberiye de bulunuyordu. Bu nedenle de ba\u015f a\u011fr\u0131s\u0131ndan sindirim problemlerine kadar pek \u00e7ok rahats\u0131zl\u0131\u011fa iyi geliyordu. Sindirim sisteminde problem olanlar; kolonyay\u0131 \u015fekerin \u00fczerine damlatarak yiyor ya da \u015faraplar\u0131na kat\u0131yorlard\u0131. A\u011fr\u0131lar\u0131 olanlar ise a\u011fr\u0131l\u0131 b\u00f6lgeye s\u00fcr\u00fcyorlard\u0131.<\/p><div id=\"briti-2018795674\" class=\"briti-icerik\" style=\"margin-top: 5px;margin-bottom: 5px;\"><a href=\"https:\/\/piaryum.com\/services\/\" aria-label=\"piaryum banner\"><img loading=\"lazy\" decoding=\"async\" src=\"https:\/\/by-tv.co.uk\/wp-content\/uploads\/2025\/12\/Gemini_Generated_Image_g5yqr1g5yqr1g5yq.jpg\" alt=\"\"  width=\"2064\" height=\"1152\"   \/><\/a><\/div>\n<h3 style=\"text-align: left;\">Ancak tabii ki kolonya da di\u011fer her \u015fey gibi zamana yenildi ve zaman i\u00e7erisinde farkl\u0131 kokular\u0131n da \u00fcretilmesiyle pop\u00fclerli\u011fini yitirdi<\/h3>\n<p style=\"text-align: left;\"><img loading=\"lazy\" decoding=\"async\" class=\"alignnone size-full wp-image-3923\" src=\"https:\/\/by-tv.co.uk\/wp-content\/uploads\/2020\/03\/kolonya-3.jpg\" alt=\"\" width=\"1200\" height=\"627\" title=\"\"><\/p>\n<h3 style=\"text-align: left;\">Kolonyan\u0131n topraklar\u0131m\u0131za ilk geli\u015fi ise II. Abd\u00fclhamid d\u00f6nemine dayan\u0131yor. O d\u00f6nemde ithal edilen \u00fcr\u00fcnler aras\u0131nda Farina&#8217;n\u0131n Eau de Cologne&#8217;u da bulunmaktayd\u0131<\/h3>\n<p style=\"text-align: left;\"><img loading=\"lazy\" decoding=\"async\" class=\"size-full wp-image-3929\" src=\"https:\/\/by-tv.co.uk\/wp-content\/uploads\/2020\/03\/osmn.jpg\" alt=\"kolonya\" width=\"720\" height=\"400\" title=\"\"><\/p>\n<p style=\"text-align: left;\">\u0130lk yerli kolonya ise ilk \u0131triyat fabrikas\u0131n\u0131 1882&#8217;de kuran Ahmet Faruki taraf\u0131ndan \u00fcretildi. Ahmet Faruki o d\u00f6nemlerde halk taraf\u0131ndan &#8220;odikolon&#8221; olarak adland\u0131r\u0131lan Eau de Cologne&#8217;a &#8220;kolonya&#8221; ad\u0131n\u0131 verdi. G\u00fcn\u00fcm\u00fczde ise pek \u00e7ok farkl\u0131 marka farkl\u0131 kolonyalar \u00fcretiyor. Kolonyalara farkl\u0131 esanslar eklenerek parf\u00fcml\u00fc hale getirildi ve pek \u00e7ok se\u00e7ene\u011fi bulunuyor.<\/p>\n<p style=\"text-align: left;\">\u0130ngiltere&#8217;de online kolonya alabilece\u011finiz site i\u00e7in <a href=\"https:\/\/bestgrocery.co.uk\/search?type=article%2Cpage%2Cproduct&amp;q=kolonya*\" target=\"_blank\" rel=\"noopener\">t\u0131klay\u0131n\u0131z!<\/a><\/p>\n<p style=\"text-align: left;\">Kaynak: <a href=\"https:\/\/tr.wikipedia.org\/wiki\/Kolonya\" target=\"_blank\" rel=\"noopener noreferrer\">1 <\/a><\/p>\n<div id=\"briti-3805329219\" class=\"briti-icerikten-sonra_2\" style=\"margin-top: 25px;margin-bottom: 25px;\"><a href=\"https:\/\/wa.me\/message\/NDZLLIOQT4H3O1\" aria-label=\"bytv reklam banner\"><img loading=\"lazy\" decoding=\"async\" src=\"https:\/\/by-tv.co.uk\/wp-content\/uploads\/2025\/12\/bytv-reklam-banner.jpg\" alt=\"\"  width=\"2376\" height=\"1008\"   \/><\/a><\/div>","protected":false},"excerpt":{"rendered":"<p>T\u00fcrk k\u00fclt\u00fcr\u00fcnde \u00f6nemli bir yeri olan Kolonya nereden geliyor? Tarih boyunca insanlar farkl\u0131 kokular elde etmek istedi. Do\u011fada deneyimledikleri \u00e7o\u011fu \u015feyin kokusunu elde etmek i\u00e7in u\u011fra\u015ft\u0131lar. Bir rivayete g\u00f6re parf\u00fcm\u00fcn ortaya \u00e7\u0131kt\u0131\u011f\u0131 Fransa&#8217;da bu kokular\u0131n \u015fehrin k\u00f6t\u00fc kokusunu bast\u0131rmak i\u00e7in \u00fcretildi\u011fi s\u00f6ylenir. Ancak tabii ki o d\u00f6nemlere tan\u0131kl\u0131k edemedi\u011fimizden bunun do\u011frulu\u011funu bilip bilmemek zor. T\u00fcrkiye&#8217;de ise \u00f6zellikle bayramlarda kolonyalar ikram edilir. Berberler tra\u015ftan sonra, kolonya verir m\u00fc\u015fterilerine ya da bir lokantada yeme\u011fin ard\u0131ndan kasada hem kolonya hem de karanfil ikram edildi\u011fini g\u00f6r\u00fcrs\u00fcn\u00fcz. Yani kolonya T\u00fcrk k\u00fclt\u00fcr\u00fcne olduk\u00e7a i\u015flemi\u015ftir. Peki bayramlar\u0131m\u0131z\u0131n, \u00e7ocuklu\u011fumuzun bu kokusu nereden geliyor? Sizler i\u00e7in kolonyan\u0131n tarihini yazd\u0131k. [&hellip;]<\/p>\n","protected":false},"author":1,"featured_media":3932,"comment_status":"open","ping_status":"open","sticky":false,"template":"","format":"standard","meta":{"ngg_post_thumbnail":0,"footnotes":""},"categories":[3],"tags":[4107,4106],"class_list":["post-3918","post","type-post","status-publish","format-standard","has-post-thumbnail","hentry","category-yasam","tag-kolonya","tag-kolonya-tarihi"],"_links":{"self":[{"href":"https:\/\/by-tv.co.uk\/en\/wp-json\/wp\/v2\/posts\/3918","targetHints":{"allow":["GET"]}}],"collection":[{"href":"https:\/\/by-tv.co.uk\/en\/wp-json\/wp\/v2\/posts"}],"about":[{"href":"https:\/\/by-tv.co.uk\/en\/wp-json\/wp\/v2\/types\/post"}],"author":[{"embeddable":true,"href":"https:\/\/by-tv.co.uk\/en\/wp-json\/wp\/v2\/users\/1"}],"replies":[{"embeddable":true,"href":"https:\/\/by-tv.co.uk\/en\/wp-json\/wp\/v2\/comments?post=3918"}],"version-history":[{"count":0,"href":"https:\/\/by-tv.co.uk\/en\/wp-json\/wp\/v2\/posts\/3918\/revisions"}],"wp:featuredmedia":[{"embeddable":true,"href":"https:\/\/by-tv.co.uk\/en\/wp-json\/wp\/v2\/media\/3932"}],"wp:attachment":[{"href":"https:\/\/by-tv.co.uk\/en\/wp-json\/wp\/v2\/media?parent=3918"}],"wp:term":[{"taxonomy":"category","embeddable":true,"href":"https:\/\/by-tv.co.uk\/en\/wp-json\/wp\/v2\/categories?post=3918"},{"taxonomy":"post_tag","embeddable":true,"href":"https:\/\/by-tv.co.uk\/en\/wp-json\/wp\/v2\/tags?post=3918"}],"curies":[{"name":"wp","href":"https:\/\/api.w.org\/{rel}","templated":true}]}}