{"id":39101,"date":"2026-05-25T14:15:13","date_gmt":"2026-05-25T13:15:13","guid":{"rendered":"https:\/\/by-tv.co.uk\/?p=39101"},"modified":"2026-05-25T14:15:13","modified_gmt":"2026-05-25T13:15:13","slug":"ingilterenin-turkiye-yatirimi-840-milyon-dolara-ulasti","status":"publish","type":"post","link":"https:\/\/by-tv.co.uk\/en\/ingilterenin-turkiye-yatirimi-840-milyon-dolara-ulasti\/","title":{"rendered":"\u0130ngiltere\u2019nin T\u00fcrkiye yat\u0131r\u0131m\u0131 840 milyon dolara ula\u015ft\u0131"},"content":{"rendered":"<p>Birle\u015fik Krall\u0131k, 2025 y\u0131l\u0131nda T\u00fcrkiye\u2019de duyurulan uluslararas\u0131 do\u011frudan yat\u0131r\u0131mlarda (UDY) \u00f6ne \u00e7\u0131kan \u00fclkelerden biri oldu. Cumhurba\u015fkanl\u0131\u011f\u0131 Yat\u0131r\u0131m ve Finans Ofisi\u2019nin yay\u0131mlad\u0131\u011f\u0131 rapora g\u00f6re \u0130ngiltere, 21 s\u0131f\u0131rdan yat\u0131r\u0131m projesi ve 840 milyon dolarl\u0131k sermaye taahh\u00fcd\u00fcyle T\u00fcrkiye\u2019nin en b\u00fcy\u00fck yat\u0131r\u0131m kaynaklar\u0131 aras\u0131nda yer ald\u0131.<\/p>\n<p>Raporda, \u00e7ok uluslu \u015firketlerin kamuoyuna a\u00e7\u0131klad\u0131\u011f\u0131 resmi yat\u0131r\u0131m duyurular\u0131 esas al\u0131narak T\u00fcrkiye\u2019nin yat\u0131r\u0131m performans\u0131 analiz edildi. Buna g\u00f6re Birle\u015fik Krall\u0131k, proje say\u0131s\u0131nda 9\u2019uncu, yat\u0131r\u0131m tutar\u0131nda ise 8\u2019inci s\u0131raya yerle\u015fti. \u0130ngiliz yat\u0131r\u0131mlar\u0131, T\u00fcrkiye\u2019nin 2025\u2019te \u00e7ekti\u011fi toplam proje say\u0131s\u0131n\u0131n y\u00fczde 4,4\u2019\u00fcn\u00fc, toplam sermaye taahh\u00fcd\u00fcn\u00fcn ise y\u00fczde 4\u2019\u00fcn\u00fc olu\u015fturdu.<\/p>\n<h4>\u0130leti\u015fim yat\u0131r\u0131mlar\u0131nda dikkat \u00e7ekici art\u0131\u015f<\/h4>\n<p>Ekonomi Gazetesi&#8217;nden Mehmet Do\u011fan Erdo\u011fan&#8217;\u0131n haberle\u015ftirdi\u011fi raporda, Birle\u015fik Krall\u0131k\u2019\u0131n \u00f6zellikle ileti\u015fim ve teknoloji alan\u0131ndaki yat\u0131r\u0131mlarda etkisini art\u0131rd\u0131\u011f\u0131 belirtildi. 2025\u2019te ileti\u015fim sekt\u00f6r\u00fcnde duyurulan 16 proje kapsam\u0131nda toplam 6,8 milyar dolarl\u0131k sermaye harcamas\u0131 taahh\u00fct edildi. Bu rakam, ge\u00e7en y\u0131la g\u00f6re yakla\u015f\u0131k 10 kat art\u0131\u015f anlam\u0131na geliyor.<\/p><div id=\"briti-1350115365\" class=\"briti-icerik\" style=\"margin-top: 5px;margin-bottom: 5px;\"><a href=\"https:\/\/piaryum.com\/services\/\" aria-label=\"piaryum banner\"><img loading=\"lazy\" decoding=\"async\" src=\"https:\/\/by-tv.co.uk\/wp-content\/uploads\/2025\/12\/Gemini_Generated_Image_g5yqr1g5yqr1g5yq.jpg\" alt=\"\"  width=\"2064\" height=\"1152\"   \/><\/a><\/div>\n<p>Veri merkezi yat\u0131r\u0131mlar\u0131 sekt\u00f6rde \u00f6ne \u00e7\u0131karken, 5G teknolojisi alan\u0131ndaki yat\u0131r\u0131mlar da dikkat \u00e7ekti. Birle\u015fik Krall\u0131k ve L\u00fcksemburg, sermaye yo\u011fun 5G yat\u0131r\u0131mlar\u0131n\u0131n ba\u015fl\u0131ca kaynak \u00fclkeleri aras\u0131nda g\u00f6sterildi.<\/p>\n<h4>Birle\u015fme ve sat\u0131n almalarda ikinci s\u0131rada<\/h4>\n<p>Rapora g\u00f6re \u0130ngiliz yat\u0131r\u0131mc\u0131lar, birle\u015fme ve sat\u0131n alma (M&amp;A) i\u015flemlerinde de g\u00fc\u00e7l\u00fc bir performans sergiledi. 2025\u2019te T\u00fcrkiye\u2019de uluslararas\u0131 yat\u0131r\u0131mc\u0131lar taraf\u0131ndan ger\u00e7ekle\u015ftirilen i\u015flem say\u0131s\u0131 y\u00fczde 33 artarak 124\u2019e y\u00fckselirken, toplam i\u015flem hacmi 6,7 milyar dolara ula\u015ft\u0131.<\/p>\n<p>Birle\u015fik Krall\u0131k, ger\u00e7ekle\u015ftirdi\u011fi 13 i\u015flemle ABD\u2019nin ard\u0131ndan ikinci s\u0131rada yer ald\u0131 ve toplam M&amp;A faaliyetlerinin y\u00fczde 10,5\u2019ini olu\u015fturdu. \u0130ngiliz yat\u0131r\u0131mc\u0131lar\u0131n a\u011f\u0131rl\u0131kl\u0131 olarak yaz\u0131l\u0131m, bilgi teknolojileri ve i\u015f hizmetleri sekt\u00f6rlerine y\u00f6neldi\u011fi belirtildi.<\/p>\n<h4>Finans merkezlerinin etkisi artt\u0131<\/h4>\n<p>Raporda ayr\u0131ca, T\u00fcrkiye\u2019nin yat\u0131r\u0131m haritas\u0131nda finans merkezlerinin etkisinin giderek artt\u0131\u011f\u0131na dikkat \u00e7ekildi. L\u00fcksemburg ve \u0130svi\u00e7re\u2019nin s\u0131f\u0131rdan yat\u0131r\u0131mlarda y\u00fckseli\u015f g\u00f6sterdi\u011fi belirtilirken, Birle\u015fik Krall\u0131k\u2019\u0131n da 21 projeyle T\u00fcrkiye\u2019deki yat\u0131r\u0131m etkinli\u011fini g\u00fc\u00e7lendirdi\u011fi vurguland\u0131.<\/p>\n<div id=\"briti-26056886\" class=\"briti-icerikten-sonra_2\" style=\"margin-top: 25px;margin-bottom: 25px;\"><a href=\"https:\/\/wa.me\/message\/NDZLLIOQT4H3O1\" aria-label=\"bytv reklam banner\"><img loading=\"lazy\" decoding=\"async\" src=\"https:\/\/by-tv.co.uk\/wp-content\/uploads\/2025\/12\/bytv-reklam-banner.jpg\" alt=\"\"  width=\"2376\" height=\"1008\"   \/><\/a><\/div>","protected":false},"excerpt":{"rendered":"<p>Birle\u015fik Krall\u0131k, 2025 y\u0131l\u0131nda T\u00fcrkiye\u2019de duyurulan uluslararas\u0131 do\u011frudan yat\u0131r\u0131mlarda (UDY) \u00f6ne \u00e7\u0131kan \u00fclkelerden biri oldu. Cumhurba\u015fkanl\u0131\u011f\u0131 Yat\u0131r\u0131m ve Finans Ofisi\u2019nin yay\u0131mlad\u0131\u011f\u0131 rapora g\u00f6re \u0130ngiltere, 21 s\u0131f\u0131rdan yat\u0131r\u0131m projesi ve 840 milyon dolarl\u0131k sermaye taahh\u00fcd\u00fcyle T\u00fcrkiye\u2019nin en b\u00fcy\u00fck yat\u0131r\u0131m kaynaklar\u0131 aras\u0131nda yer ald\u0131. Raporda, \u00e7ok uluslu \u015firketlerin kamuoyuna a\u00e7\u0131klad\u0131\u011f\u0131 resmi yat\u0131r\u0131m duyurular\u0131 esas al\u0131narak T\u00fcrkiye\u2019nin yat\u0131r\u0131m performans\u0131 analiz edildi. Buna g\u00f6re Birle\u015fik Krall\u0131k, proje say\u0131s\u0131nda 9\u2019uncu, yat\u0131r\u0131m tutar\u0131nda ise 8\u2019inci s\u0131raya yerle\u015fti. \u0130ngiliz yat\u0131r\u0131mlar\u0131, T\u00fcrkiye\u2019nin 2025\u2019te \u00e7ekti\u011fi toplam proje say\u0131s\u0131n\u0131n y\u00fczde 4,4\u2019\u00fcn\u00fc, toplam sermaye taahh\u00fcd\u00fcn\u00fcn ise y\u00fczde 4\u2019\u00fcn\u00fc olu\u015fturdu. \u0130leti\u015fim yat\u0131r\u0131mlar\u0131nda dikkat \u00e7ekici art\u0131\u015f Ekonomi Gazetesi&#8217;nden Mehmet Do\u011fan Erdo\u011fan&#8217;\u0131n haberle\u015ftirdi\u011fi raporda, [&hellip;]<\/p>\n","protected":false},"author":11,"featured_media":34886,"comment_status":"open","ping_status":"open","sticky":false,"template":"","format":"standard","meta":{"ngg_post_thumbnail":0,"footnotes":""},"categories":[5269],"tags":[],"class_list":["post-39101","post","type-post","status-publish","format-standard","has-post-thumbnail","hentry","category-birlesik-krallik"],"_links":{"self":[{"href":"https:\/\/by-tv.co.uk\/en\/wp-json\/wp\/v2\/posts\/39101","targetHints":{"allow":["GET"]}}],"collection":[{"href":"https:\/\/by-tv.co.uk\/en\/wp-json\/wp\/v2\/posts"}],"about":[{"href":"https:\/\/by-tv.co.uk\/en\/wp-json\/wp\/v2\/types\/post"}],"author":[{"embeddable":true,"href":"https:\/\/by-tv.co.uk\/en\/wp-json\/wp\/v2\/users\/11"}],"replies":[{"embeddable":true,"href":"https:\/\/by-tv.co.uk\/en\/wp-json\/wp\/v2\/comments?post=39101"}],"version-history":[{"count":2,"href":"https:\/\/by-tv.co.uk\/en\/wp-json\/wp\/v2\/posts\/39101\/revisions"}],"predecessor-version":[{"id":39103,"href":"https:\/\/by-tv.co.uk\/en\/wp-json\/wp\/v2\/posts\/39101\/revisions\/39103"}],"wp:featuredmedia":[{"embeddable":true,"href":"https:\/\/by-tv.co.uk\/en\/wp-json\/wp\/v2\/media\/34886"}],"wp:attachment":[{"href":"https:\/\/by-tv.co.uk\/en\/wp-json\/wp\/v2\/media?parent=39101"}],"wp:term":[{"taxonomy":"category","embeddable":true,"href":"https:\/\/by-tv.co.uk\/en\/wp-json\/wp\/v2\/categories?post=39101"},{"taxonomy":"post_tag","embeddable":true,"href":"https:\/\/by-tv.co.uk\/en\/wp-json\/wp\/v2\/tags?post=39101"}],"curies":[{"name":"wp","href":"https:\/\/api.w.org\/{rel}","templated":true}]}}