{"id":38988,"date":"2026-05-17T00:00:12","date_gmt":"2026-05-16T23:00:12","guid":{"rendered":"https:\/\/by-tv.co.uk\/?p=38988"},"modified":"2026-05-17T14:28:16","modified_gmt":"2026-05-17T13:28:16","slug":"photo-london-2026-sona-erdi-turk-galerileri-dikkat-cekti","status":"publish","type":"post","link":"https:\/\/by-tv.co.uk\/en\/photo-london-2026da-turk-sanat-galerileri-dikkat-cekti\/","title":{"rendered":"Photo London 2026&#8217;da T\u00fcrk sanat galerileri dikkat \u00e7ekti"},"content":{"rendered":"<p><span style=\"font-weight: 400;\">K\u00fcresel foto\u011fraf sanat\u0131n\u0131n en \u00f6nemli bulu\u015fmalar\u0131ndan biri olarak g\u00f6sterilen <\/span><b>Photo London 2026<\/b><span style=\"font-weight: 400;\">, bu sene yeni yerinde sanatseverlerle bulu\u015ftu. Bu y\u0131l 11\u2019incisi d\u00fczenlenen fuar, yaln\u0131zca uluslararas\u0131 galerileri ve sanat\u00e7\u0131lar\u0131yla de\u011fil, ta\u015f\u0131nd\u0131\u011f\u0131 yeni mekan\u0131yla da sanat d\u00fcnyas\u0131nda geni\u015f yank\u0131 uyand\u0131rd\u0131.<\/span><\/p>\n<p><span style=\"font-weight: 400;\">Uzun y\u0131llard\u0131r Somerset House\u2019da ger\u00e7ekle\u015ftirilen etkinlik, ilk kez Londra\u2019n\u0131n bat\u0131s\u0131ndaki &nbsp; <\/span><b>Olympia London<\/b><span style=\"font-weight: 400;\">\u2019da d\u00fczenlendi. Yakla\u015f\u0131k 1.3 milyar sterlinlik d\u00f6n\u00fc\u015f\u00fcm projesiyle yeniden tasarlanan Olympia, fuar\u0131n yeni merkezi oldu.<\/span><\/p>\n<div id=\"attachment_38998\" style=\"width: 1930px\" class=\"wp-caption alignnone\"><img loading=\"lazy\" decoding=\"async\" aria-describedby=\"caption-attachment-38998\" class=\"size-full wp-image-38998\" src=\"https:\/\/by-tv.co.uk\/wp-content\/uploads\/2026\/05\/Untitled-2-10.jpeg\" alt=\"\" width=\"1920\" height=\"1080\" title=\"\"><p id=\"caption-attachment-38998\" class=\"wp-caption-text\">Photo London<\/p><\/div>\n<h4><b>T\u00fcrk galerileri uluslararas\u0131 ilgi g\u00f6rd\u00fc<\/b><\/h4>\n<p><span style=\"font-weight: 400;\">Bu y\u0131l Photo London\u2019da T\u00fcrkiye\u2019den toplam alt\u0131 galeri yer ald\u0131. <\/span><b>SG Gallery, Vision Art Platform, EV\u0130N, Ambidexter, Bosfor ve ArtRedCo<\/b><span style=\"font-weight: 400;\">, \u00e7a\u011fda\u015f T\u00fcrk foto\u011fraf sanat\u0131n\u0131 uluslararas\u0131 koleksiyonerler ve sanat profesyonelleriyle bulu\u015fturdu.<\/span><\/p><div id=\"briti-2274227140\" class=\"briti-icerik\" style=\"margin-top: 5px;margin-bottom: 5px;\"><a href=\"https:\/\/piaryum.com\/services\/\" aria-label=\"piaryum banner\"><img loading=\"lazy\" decoding=\"async\" src=\"https:\/\/by-tv.co.uk\/wp-content\/uploads\/2025\/12\/Gemini_Generated_Image_g5yqr1g5yqr1g5yq.jpg\" alt=\"\"  width=\"2064\" height=\"1152\"   \/><\/a><\/div>\n<div id=\"attachment_39000\" style=\"width: 1930px\" class=\"wp-caption alignnone\"><img loading=\"lazy\" decoding=\"async\" aria-describedby=\"caption-attachment-39000\" class=\"size-full wp-image-39000\" src=\"https:\/\/by-tv.co.uk\/wp-content\/uploads\/2026\/05\/Untitled-2-8.jpeg\" alt=\"\" width=\"1920\" height=\"1080\" title=\"\"><p id=\"caption-attachment-39000\" class=\"wp-caption-text\">&nbsp;<\/p><\/div>\n<p><span style=\"font-weight: 400;\">Fuarda \u00f6zellikle EV\u0130N Gallery taraf\u0131ndan temsil edilen foto\u011fraf sanat\u00e7\u0131s\u0131 <\/span><b>Devin Oktar Yalk\u0131n<\/b><span style=\"font-weight: 400;\"> dikkat \u00e7eken isimlerden biri oldu. New York Times Magazine i\u00e7in yapt\u0131\u011f\u0131 editoryal \u00e7al\u0131\u015fmalarla tan\u0131nan sanat\u00e7\u0131, fuarda hem yeni \u00e7al\u0131\u015fmalar\u0131n\u0131 hem de \u201c<\/span><b>Alone Together (One Last Trip Around the Garden)<\/b><span style=\"font-weight: 400;\">\u201d isimli kitab\u0131n\u0131 tan\u0131tt\u0131.<\/span><\/p>\n<div id=\"attachment_39003\" style=\"width: 1930px\" class=\"wp-caption alignnone\"><img loading=\"lazy\" decoding=\"async\" aria-describedby=\"caption-attachment-39003\" class=\"size-full wp-image-39003\" src=\"https:\/\/by-tv.co.uk\/wp-content\/uploads\/2026\/05\/Untitled-2-5.jpeg\" alt=\"\" width=\"1920\" height=\"1080\" title=\"\"><p id=\"caption-attachment-39003\" class=\"wp-caption-text\">Devin Oktar Yalk\u0131n<\/p><\/div>\n<p><span style=\"font-weight: 400;\">Yalk\u0131n, eserlerinde siyah-beyaz foto\u011fraf esteti\u011fi \u00fczerinden haf\u0131za, kay\u0131p ve zamansall\u0131k temalar\u0131n\u0131 i\u015fledi\u011fini s\u00f6yledi. Sanat\u00e7\u0131n\u0131n \u00e7al\u0131\u015fmalar\u0131 daha \u00f6nce \u0130stanbul Modern\u2019in kal\u0131c\u0131 koleksiyonuna da dahil edilmi\u015fti.<\/span><\/p>\n<p><span style=\"font-weight: 400;\">Photo London\u2019a ilk kez kat\u0131ld\u0131\u011f\u0131n\u0131 belirten Yalk\u0131n, fuara ili\u015fkin de\u011ferlendirmesinde, \u201c\u0130nsanlar\u0131n ilgisi olduk\u00e7a yo\u011fun oldu. \u0130lk deneyimimiz olmas\u0131na ra\u011fmen \u00e7ok olumlu ge\u00e7ti\u201d ifadelerini kulland\u0131.<\/span><\/p>\n<h4><b>TurkishBank UK\u2019in geleneksel etkinli\u011fi yo\u011fun kat\u0131l\u0131mla ger\u00e7ekle\u015fti<\/b><\/h4>\n<p><span style=\"font-weight: 400;\">TurkishBank UK, bu y\u0131l da Photo London\u2019daki T\u00fcrk sanat\u00e7\u0131 ve galerilerinin ana sponsorlar\u0131ndan biri olarak fuardaki varl\u0131\u011f\u0131n\u0131 s\u00fcrd\u00fcrd\u00fc. Banka, \u00fc\u00e7 y\u0131ld\u0131r aral\u0131ks\u0131z \u015fekilde T\u00fcrk sanat\u0131n\u0131n uluslararas\u0131 platformlarda g\u00f6r\u00fcn\u00fcrl\u00fc\u011f\u00fcn\u00fc destekliyor.<\/span><\/p>\n<p><img loading=\"lazy\" decoding=\"async\" class=\"alignnone size-full wp-image-39006\" src=\"https:\/\/by-tv.co.uk\/wp-content\/uploads\/2026\/05\/image001-1.png\" alt=\"\" width=\"995\" height=\"773\" title=\"\"><\/p>\n<p><span style=\"font-weight: 400;\">Photo London kapsam\u0131ndaki dikkat \u00e7eken bulu\u015fmalardan biri de <\/span><b>TurkishBank UK<\/b><span style=\"font-weight: 400;\"> taraf\u0131ndan d\u00fczenlenen geleneksel networking etkinli\u011fi oldu. Bankan\u0131n ev sahipli\u011finde Olympia London\u2019da ger\u00e7ekle\u015ftirilen davette TurkishBank UK Y\u00f6netim Kurulu Ba\u015fkan\u0131 Hakan B\u00f6rte\u00e7ene&#8217;nin yan\u0131 s\u0131ra&nbsp; sanat\u00e7\u0131lar, galericiler, koleksiyonerler ve i\u015f d\u00fcnyas\u0131ndan isimler bir araya geldi.<\/span><\/p>\n<div id=\"attachment_38991\" style=\"width: 1360px\" class=\"wp-caption alignnone\"><img loading=\"lazy\" decoding=\"async\" aria-describedby=\"caption-attachment-38991\" class=\"size-full wp-image-38991\" src=\"https:\/\/by-tv.co.uk\/wp-content\/uploads\/2026\/05\/Emre-Kunduraci.jpeg\" alt=\"\" width=\"1350\" height=\"1688\" title=\"\"><p id=\"caption-attachment-38991\" class=\"wp-caption-text\">TurkishBank UK&nbsp; Genel M\u00fcd\u00fcr\u00fc Emre Kundurac\u0131<\/p><\/div>\n<p><span style=\"font-weight: 400;\">TurkishBank UK&nbsp; Genel M\u00fcd\u00fcr\u00fc <\/span><b>Emre Kundurac\u0131<\/b><span style=\"font-weight: 400;\">, etkinlik s\u0131ras\u0131nda yapt\u0131\u011f\u0131 a\u00e7\u0131klamada \u015fu ifadeleri kulland\u0131:&nbsp;<\/span><\/p>\n<blockquote><p><span style=\"font-weight: 400;\">\u201cT\u00fcrk galerilerinin Londra\u2019da b\u00f6yle prestijli ve \u00f6nemli bir fuarda temsil edilmesine yard\u0131mc\u0131 olmak bizim i\u00e7in gurur verici. Turkish Bank olarak sanat\u0131 grup d\u00fczeyinde her zaman desteklemeye devam ediyoruz.\u201d<\/span><\/p><\/blockquote>\n<p><span style=\"font-weight: 400;\">Kundurac\u0131 ayr\u0131ca bankan\u0131n Birle\u015fik Krall\u0131k\u2019taki T\u00fcrk toplumu ile T\u00fcrkiye ve Kuzey K\u0131br\u0131s merkezli birey ve \u015firketlerin finansal ihtiya\u00e7lar\u0131na destek sundu\u011funu, k\u00fclt\u00fcrel projelerin ise sosyal sorumluluk misyonlar\u0131n\u0131n \u00f6nemli bir par\u00e7as\u0131n\u0131 olu\u015fturdu\u011funu s\u00f6yledi.<\/span><\/p>\n<div id=\"attachment_38989\" style=\"width: 1090px\" class=\"wp-caption alignnone\"><img loading=\"lazy\" decoding=\"async\" aria-describedby=\"caption-attachment-38989\" class=\"size-full wp-image-38989\" src=\"https:\/\/by-tv.co.uk\/wp-content\/uploads\/2026\/05\/PASHA-Bank-Genel-Muduru-H.-Cenk-Eynehan.jpeg\" alt=\"\" width=\"1080\" height=\"1350\" title=\"\"><p id=\"caption-attachment-38989\" class=\"wp-caption-text\">Freedom Finansal Hizmetler AS CEO&#8217;su H. Cenk Eynehan<\/p><\/div>\n<p><b>Freedom Finansal Hizmetler A\u015e. CEO&#8217;su H. Cenk Eynehan<\/b><span style=\"font-weight: 400;\">, BYTV\u2019ye yapt\u0131\u011f\u0131 a\u00e7\u0131klamada, bu y\u0131lki organizasyonun \u00f6nceki y\u0131llara g\u00f6re daha geni\u015f kapsaml\u0131 oldu\u011funu belirterek \u015funlar\u0131 s\u00f6yledi:<\/span><\/p>\n<p><span style=\"font-weight: 400;\">\u201cKat\u0131l\u0131mc\u0131 say\u0131s\u0131 olduk\u00e7a fazlayd\u0131. Mek\u00e2n daha ferah olmu\u015f. \u00d6zellikle T\u00fcrk sanat\u00e7\u0131lar\u0131n eserlerini \u00e7ok be\u011fendim. Olduk\u00e7a memnun kald\u0131m. Turkish Bank UK\u2019e de sanata verdi\u011fi destek nedeniyle te\u015fekk\u00fcr etmek istiyorum.\u201d<\/span><\/p>\n<p><img loading=\"lazy\" decoding=\"async\" class=\"alignnone size-full wp-image-39002\" src=\"https:\/\/by-tv.co.uk\/wp-content\/uploads\/2026\/05\/Untitled-2-6.jpeg\" alt=\"\" width=\"1920\" height=\"1080\" title=\"\"><\/p>\n<h4><b>Uluslararas\u0131 galerilerden olumlu yorum<\/b><\/h4>\n<p><span style=\"font-weight: 400;\">Paris merkezli galerist <\/span><b>Esther Woerdehoff<\/b><span style=\"font-weight: 400;\"> da Photo London\u2019\u0131n son y\u0131llarda \u00f6nemli bir geli\u015fim g\u00f6sterdi\u011fini s\u00f6yledi. Woerdehoff, fuar\u0131n yeni direkt\u00f6r\u00fc Sophie Parker\u2019\u0131n \u00f6zellikle koleksiyoner ilgisini art\u0131rmak i\u00e7in ciddi \u00e7al\u0131\u015fmalar y\u00fcr\u00fctt\u00fc\u011f\u00fcn\u00fc belirtti.<\/span><\/p>\n<div id=\"attachment_39001\" style=\"width: 1930px\" class=\"wp-caption alignnone\"><img loading=\"lazy\" decoding=\"async\" aria-describedby=\"caption-attachment-39001\" class=\"size-full wp-image-39001\" src=\"https:\/\/by-tv.co.uk\/wp-content\/uploads\/2026\/05\/Untitled-2-7.jpeg\" alt=\"\" width=\"1920\" height=\"1080\" title=\"\"><p id=\"caption-attachment-39001\" class=\"wp-caption-text\">Esther Woerdehoff<\/p><\/div>\n<p><span style=\"font-weight: 400;\">Foto\u011fraf sanat\u0131n\u0131n Londra\u2019da giderek daha g\u00fc\u00e7l\u00fc bir piyasa olu\u015fturdu\u011funu ifade eden Woerdehoff, Photo London\u2019\u0131n art\u0131k Avrupa\u2019daki en \u00f6nemli sanat fuarlar\u0131ndan biri haline geldi\u011fini s\u00f6yledi.<\/span><\/p>\n<p>&nbsp;<\/p>\n<div id=\"briti-492097414\" class=\"briti-icerikten-sonra_2\" style=\"margin-top: 25px;margin-bottom: 25px;\"><a href=\"https:\/\/wa.me\/message\/NDZLLIOQT4H3O1\" aria-label=\"bytv reklam banner\"><img loading=\"lazy\" decoding=\"async\" src=\"https:\/\/by-tv.co.uk\/wp-content\/uploads\/2025\/12\/bytv-reklam-banner.jpg\" alt=\"\"  width=\"2376\" height=\"1008\"   \/><\/a><\/div>","protected":false},"excerpt":{"rendered":"<p>K\u00fcresel foto\u011fraf sanat\u0131n\u0131n en \u00f6nemli bulu\u015fmalar\u0131ndan biri olarak g\u00f6sterilen Photo London 2026, bu sene yeni yerinde sanatseverlerle bulu\u015ftu. Bu y\u0131l 11\u2019incisi d\u00fczenlenen fuar, yaln\u0131zca uluslararas\u0131 galerileri ve sanat\u00e7\u0131lar\u0131yla de\u011fil, ta\u015f\u0131nd\u0131\u011f\u0131 yeni mekan\u0131yla da sanat d\u00fcnyas\u0131nda geni\u015f yank\u0131 uyand\u0131rd\u0131. Uzun y\u0131llard\u0131r Somerset House\u2019da ger\u00e7ekle\u015ftirilen etkinlik, ilk kez Londra\u2019n\u0131n bat\u0131s\u0131ndaki &nbsp; Olympia London\u2019da d\u00fczenlendi. Yakla\u015f\u0131k 1.3 milyar sterlinlik d\u00f6n\u00fc\u015f\u00fcm projesiyle yeniden tasarlanan Olympia, fuar\u0131n yeni merkezi oldu. T\u00fcrk galerileri uluslararas\u0131 ilgi g\u00f6rd\u00fc Bu y\u0131l Photo London\u2019da T\u00fcrkiye\u2019den toplam alt\u0131 galeri yer ald\u0131. SG Gallery, Vision Art Platform, EV\u0130N, Ambidexter, Bosfor ve ArtRedCo, \u00e7a\u011fda\u015f T\u00fcrk foto\u011fraf sanat\u0131n\u0131 uluslararas\u0131 koleksiyonerler ve sanat profesyonelleriyle bulu\u015fturdu. [&hellip;]<\/p>\n","protected":false},"author":11,"featured_media":38999,"comment_status":"open","ping_status":"open","sticky":false,"template":"","format":"standard","meta":{"ngg_post_thumbnail":0,"footnotes":""},"categories":[5269,1487],"tags":[],"class_list":["post-38988","post","type-post","status-publish","format-standard","has-post-thumbnail","hentry","category-birlesik-krallik","category-sanat"],"_links":{"self":[{"href":"https:\/\/by-tv.co.uk\/en\/wp-json\/wp\/v2\/posts\/38988","targetHints":{"allow":["GET"]}}],"collection":[{"href":"https:\/\/by-tv.co.uk\/en\/wp-json\/wp\/v2\/posts"}],"about":[{"href":"https:\/\/by-tv.co.uk\/en\/wp-json\/wp\/v2\/types\/post"}],"author":[{"embeddable":true,"href":"https:\/\/by-tv.co.uk\/en\/wp-json\/wp\/v2\/users\/11"}],"replies":[{"embeddable":true,"href":"https:\/\/by-tv.co.uk\/en\/wp-json\/wp\/v2\/comments?post=38988"}],"version-history":[{"count":5,"href":"https:\/\/by-tv.co.uk\/en\/wp-json\/wp\/v2\/posts\/38988\/revisions"}],"predecessor-version":[{"id":39005,"href":"https:\/\/by-tv.co.uk\/en\/wp-json\/wp\/v2\/posts\/38988\/revisions\/39005"}],"wp:featuredmedia":[{"embeddable":true,"href":"https:\/\/by-tv.co.uk\/en\/wp-json\/wp\/v2\/media\/38999"}],"wp:attachment":[{"href":"https:\/\/by-tv.co.uk\/en\/wp-json\/wp\/v2\/media?parent=38988"}],"wp:term":[{"taxonomy":"category","embeddable":true,"href":"https:\/\/by-tv.co.uk\/en\/wp-json\/wp\/v2\/categories?post=38988"},{"taxonomy":"post_tag","embeddable":true,"href":"https:\/\/by-tv.co.uk\/en\/wp-json\/wp\/v2\/tags?post=38988"}],"curies":[{"name":"wp","href":"https:\/\/api.w.org\/{rel}","templated":true}]}}