{"id":38834,"date":"2026-05-05T23:16:11","date_gmt":"2026-05-05T22:16:11","guid":{"rendered":"https:\/\/by-tv.co.uk\/?p=38834"},"modified":"2026-05-05T23:16:11","modified_gmt":"2026-05-05T22:16:11","slug":"bristolda-patlayiciyla-eve-giren-sahis-eski-partnerini-ve-kendisini-oldurdu","status":"publish","type":"post","link":"https:\/\/by-tv.co.uk\/en\/bristolda-patlayiciyla-eve-giren-sahis-eski-partnerini-ve-kendisini-oldurdu\/","title":{"rendered":"Bristol&#8217;da patlay\u0131c\u0131yla eve giren \u015fah\u0131s eski partnerini ve kendisini \u00f6ld\u00fcrd\u00fc"},"content":{"rendered":"<div id=\"model-response-message-contentr_40c1d4aaef5898f1\" class=\"markdown markdown-main-panel stronger enable-updated-hr-color\" dir=\"ltr\" aria-live=\"polite\" aria-busy=\"false\">\n<p data-path-to-node=\"2\">Birle\u015fik Krall\u0131k&#8217;\u0131n Bristol \u015fehrine ba\u011fl\u0131 Frenchay b\u00f6lgesinde Pazar sabah\u0131 trajik bir olay ya\u015fand\u0131. <b data-path-to-node=\"2\" data-index-in-node=\"100\">Jo Shaw<\/b> (35) ve eski partneri <b data-path-to-node=\"2\" data-index-in-node=\"130\">Ryan Kelly<\/b> (41), Kelly&#8217;nin bir patlay\u0131c\u0131 d\u00fczenekle eve girmesinin ard\u0131ndan meydana gelen patlamada can verdi.<\/p>\n<p data-path-to-node=\"3\"><b data-path-to-node=\"3\" data-index-in-node=\"0\">Avon ve Somerset Polisi<\/b>, olay yerinde yap\u0131lan ilk incelemeler sonucunda patlaman\u0131n kas\u0131tl\u0131 olarak ger\u00e7ekle\u015ftirildi\u011fine inand\u0131klar\u0131n\u0131 a\u00e7\u0131klad\u0131. Patlama s\u0131ras\u0131nda evde bulunan biri \u00e7ocuk \u00fc\u00e7 ki\u015fi hafif yaraland\u0131 ancak hastanede tedaviye ihtiya\u00e7 duyulmad\u0131.<\/p>\n<p data-path-to-node=\"4\"><b data-path-to-node=\"4\" data-index-in-node=\"0\">Polis kendisini denetleme kuruluna sevk etti<\/b><\/p><div id=\"briti-1825218783\" class=\"briti-icerik\" style=\"margin-top: 5px;margin-bottom: 5px;\"><a href=\"https:\/\/piaryum.com\/services\/\" aria-label=\"piaryum banner\"><img loading=\"lazy\" decoding=\"async\" src=\"https:\/\/by-tv.co.uk\/wp-content\/uploads\/2025\/12\/Gemini_Generated_Image_g5yqr1g5yqr1g5yq.jpg\" alt=\"\"  width=\"2064\" height=\"1152\"   \/><\/a><\/div>\n<p data-path-to-node=\"5\">Emniyet yetkilileri, hayat\u0131n\u0131 kaybeden Shaw ile olaydan \u00f6nce &#8220;di\u011fer aile i\u00e7i vakalar&#8221; nedeniyle temas kuruldu\u011funu belirtti. Bu ge\u00e7mi\u015f ileti\u015fim sebebiyle emniyet te\u015fkilat\u0131, yasal zorunluluk gere\u011fi vakay\u0131 ba\u011f\u0131ms\u0131z polis denetleme kurulu olan <b data-path-to-node=\"5\" data-index-in-node=\"240\">IOPC<\/b>&#8216;ye sevk etti.<\/p>\n<p data-path-to-node=\"6\">Su\u00e7 mahalli ve \u00e7evresinde orduya ba\u011fl\u0131 bomba imha ekipleri ile uzman polisler detayl\u0131 arama yapt\u0131. G\u00fcvenlik \u00f6nlemleri kapsam\u0131nda Sterncourt Road \u00fczerinde kurulan kordon Pazar gecesi daralt\u0131l\u0131rken, tahliye edilen mahalle sakinlerinin evlerine d\u00f6nmelerine izin verildi.<\/p>\n<p data-path-to-node=\"7\"><b data-path-to-node=\"7\" data-index-in-node=\"0\">Ter\u00f6r ba\u011flant\u0131s\u0131 bulunmuyor<\/b><\/p>\n<p data-path-to-node=\"8\">Emniyet Amiri <b data-path-to-node=\"8\" data-index-in-node=\"14\">Matt Ebbs<\/b>, patlaman\u0131n bir ter\u00f6r eylemi olarak de\u011ferlendirilmedi\u011fini vurgulad\u0131. Olay yerindeki teknik incelemelerin s\u00fcrd\u00fc\u011f\u00fcn\u00fc belirten Ebbs, patlay\u0131c\u0131 d\u00fczene\u011fin analizinin hen\u00fcz tamamlanmad\u0131\u011f\u0131n\u0131 ifade etti.<\/p>\n<p data-path-to-node=\"9\">Soru\u015fturman\u0131n karma\u015f\u0131k ve zorlu bir s\u00fcre\u00e7 oldu\u011funu kaydeden polis, aileye \u00f6zel e\u011fitimli memurlar arac\u0131l\u0131\u011f\u0131yla destek sa\u011fl\u0131yor. Kesin \u00f6l\u00fcm nedenlerinin, adli t\u0131p incelemelerinin ard\u0131ndan bir koroner taraf\u0131ndan belirlenmesi bekleniyor.<\/p>\n<\/div>\n<div id=\"briti-495191136\" class=\"briti-icerikten-sonra_2\" style=\"margin-top: 25px;margin-bottom: 25px;\"><a href=\"https:\/\/wa.me\/message\/NDZLLIOQT4H3O1\" aria-label=\"bytv reklam banner\"><img loading=\"lazy\" decoding=\"async\" src=\"https:\/\/by-tv.co.uk\/wp-content\/uploads\/2025\/12\/bytv-reklam-banner.jpg\" alt=\"\"  width=\"2376\" height=\"1008\"   \/><\/a><\/div>","protected":false},"excerpt":{"rendered":"<p>Birle\u015fik Krall\u0131k&#8217;\u0131n Bristol \u015fehrine ba\u011fl\u0131 Frenchay b\u00f6lgesinde Pazar sabah\u0131 trajik bir olay ya\u015fand\u0131. Jo Shaw (35) ve eski partneri Ryan Kelly (41), Kelly&#8217;nin bir patlay\u0131c\u0131 d\u00fczenekle eve girmesinin ard\u0131ndan meydana gelen patlamada can verdi. Avon ve Somerset Polisi, olay yerinde yap\u0131lan ilk incelemeler sonucunda patlaman\u0131n kas\u0131tl\u0131 olarak ger\u00e7ekle\u015ftirildi\u011fine inand\u0131klar\u0131n\u0131 a\u00e7\u0131klad\u0131. Patlama s\u0131ras\u0131nda evde bulunan biri \u00e7ocuk \u00fc\u00e7 ki\u015fi hafif yaraland\u0131 ancak hastanede tedaviye ihtiya\u00e7 duyulmad\u0131. Polis kendisini denetleme kuruluna sevk etti Emniyet yetkilileri, hayat\u0131n\u0131 kaybeden Shaw ile olaydan \u00f6nce &#8220;di\u011fer aile i\u00e7i vakalar&#8221; nedeniyle temas kuruldu\u011funu belirtti. Bu ge\u00e7mi\u015f ileti\u015fim sebebiyle emniyet te\u015fkilat\u0131, yasal zorunluluk gere\u011fi vakay\u0131 ba\u011f\u0131ms\u0131z polis denetleme [&hellip;]<\/p>\n","protected":false},"author":11,"featured_media":38835,"comment_status":"open","ping_status":"open","sticky":false,"template":"","format":"standard","meta":{"ngg_post_thumbnail":0,"footnotes":""},"categories":[5269],"tags":[],"class_list":["post-38834","post","type-post","status-publish","format-standard","has-post-thumbnail","hentry","category-birlesik-krallik"],"_links":{"self":[{"href":"https:\/\/by-tv.co.uk\/en\/wp-json\/wp\/v2\/posts\/38834","targetHints":{"allow":["GET"]}}],"collection":[{"href":"https:\/\/by-tv.co.uk\/en\/wp-json\/wp\/v2\/posts"}],"about":[{"href":"https:\/\/by-tv.co.uk\/en\/wp-json\/wp\/v2\/types\/post"}],"author":[{"embeddable":true,"href":"https:\/\/by-tv.co.uk\/en\/wp-json\/wp\/v2\/users\/11"}],"replies":[{"embeddable":true,"href":"https:\/\/by-tv.co.uk\/en\/wp-json\/wp\/v2\/comments?post=38834"}],"version-history":[{"count":1,"href":"https:\/\/by-tv.co.uk\/en\/wp-json\/wp\/v2\/posts\/38834\/revisions"}],"predecessor-version":[{"id":38836,"href":"https:\/\/by-tv.co.uk\/en\/wp-json\/wp\/v2\/posts\/38834\/revisions\/38836"}],"wp:featuredmedia":[{"embeddable":true,"href":"https:\/\/by-tv.co.uk\/en\/wp-json\/wp\/v2\/media\/38835"}],"wp:attachment":[{"href":"https:\/\/by-tv.co.uk\/en\/wp-json\/wp\/v2\/media?parent=38834"}],"wp:term":[{"taxonomy":"category","embeddable":true,"href":"https:\/\/by-tv.co.uk\/en\/wp-json\/wp\/v2\/categories?post=38834"},{"taxonomy":"post_tag","embeddable":true,"href":"https:\/\/by-tv.co.uk\/en\/wp-json\/wp\/v2\/tags?post=38834"}],"curies":[{"name":"wp","href":"https:\/\/api.w.org\/{rel}","templated":true}]}}