{"id":3883,"date":"2020-03-11T04:52:32","date_gmt":"2020-03-11T01:52:32","guid":{"rendered":"https:\/\/by-tv.co.uk\/?p=3883"},"modified":"2020-03-11T05:08:32","modified_gmt":"2020-03-11T02:08:32","slug":"ingiltere-saglik-bakan-yardimcisi-nadine-dorrieste-koronavirus-covid-19-tespit-edildi","status":"publish","type":"post","link":"https:\/\/by-tv.co.uk\/en\/ingiltere-saglik-bakan-yardimcisi-nadine-dorrieste-koronavirus-covid-19-tespit-edildi\/","title":{"rendered":"\u0130ngiltere Sa\u011fl\u0131k Bakan Yard\u0131mc\u0131s\u0131 Nadine Dorries&#8217;te\u00a0 Koronavir\u00fcs tespit edildi."},"content":{"rendered":"<p>Kendisini evinde karantinaya ald\u0131\u011f\u0131n\u0131 s\u00f6yleyen Nadine Dorriesevinde kendisiyle birlikte ya\u015fayan 84 ya\u015f\u0131ndaki annesinin sa\u011fl\u0131\u011f\u0131yla ilgili kayg\u0131lar\u0131 oldu\u011funu dile getirdi.<\/p>\n<p>\u0130ngiltere Sa\u011fl\u0131k Bakan\u0131 Matt Hancock ise Twitter hesab\u0131ndan bir a\u00e7\u0131klama yaparak Dorries&#8217;in kendisini evinde karantinaya alarak &#8220;do\u011fru olan\u0131 yapt\u0131\u011f\u0131n\u0131&#8221; belirtti.<\/p>\n<p>Twitter&#8217;da a\u00e7\u0131klama yapan Matt Hancock, Nadine Dorries&#8217;in en k\u0131sa s\u00fcrede sa\u011fl\u0131\u011f\u0131na kavu\u015fmas\u0131n\u0131 diledi. Hancock, &#8220;\u0130nsanlar\u0131n neden bu hastal\u0131kla ilgili olarak kayg\u0131l\u0131 olduklar\u0131n\u0131 anl\u0131yorum. Bilimden m\u00fcmk\u00fcn olan en \u00fcst d\u00fczeyde yararlanarak insanlar\u0131n g\u00fcvenli\u011fini sa\u011flamak i\u00e7in elimizden geleni yapaca\u011f\u0131z&#8221; dedi.<\/p><div id=\"briti-249060153\" class=\"briti-icerik\" style=\"margin-top: 5px;margin-bottom: 5px;\"><a href=\"https:\/\/piaryum.com\/services\/\" aria-label=\"piaryum banner\"><img loading=\"lazy\" decoding=\"async\" src=\"https:\/\/by-tv.co.uk\/wp-content\/uploads\/2025\/12\/Gemini_Generated_Image_g5yqr1g5yqr1g5yq.jpg\" alt=\"\"  width=\"2064\" height=\"1152\"   \/><\/a><\/div>\n<p>BBC T\u00fcrk\u00e7e&#8217;nin haberine g\u00f6re Nadine Dorries, Per\u015fembe g\u00fcn\u00fc Ba\u015fbakanl\u0131k konutunda \u0130ngiltere Ba\u015fbakan\u0131 Boris Johnson taraf\u0131ndan verilen bir resepsiyona kat\u0131lm\u0131\u015ft\u0131.<\/p>\n<p>Dorries, iktidardaki Muahazakar Parti&#8217;nin milletvekillerinden ve 2005 y\u0131l\u0131ndan bu yana Avam Kamaras\u0131&#8217;nda g\u00f6rev yap\u0131yor. Ge\u00e7en y\u0131l Ba\u015fbakan Johnson taraf\u0131ndan ak\u0131l sa\u011fl\u0131\u011f\u0131, intihar\u0131n \u00f6nlenmesi ve hastalar\u0131n g\u00fcvenli\u011finden sorumlu Sa\u011fl\u0131k Bakan Yard\u0131mc\u0131s\u0131 olarak atanm\u0131\u015ft\u0131.<\/p>\n<p><strong>6 \u00f6l\u00fc, 382 vaka<\/strong><br \/>\n\u0130ngiltere&#8217;de \u015fu ana kadar Sa\u011fl\u0131k Bakan Yard\u0131mc\u0131s\u0131 Nadine Dorries dahil 382 ki\u015fide koronavir\u00fcs tespit edildi.<\/p>\n<p><strong>\u00dclkede vir\u00fcs sonucu 6 ki\u015fi hayat\u0131n\u0131 kaybetti.<\/strong><\/p>\n<p>Ya\u015fam\u0131n\u0131 yitiren son ki\u015finin ba\u015fka sa\u011fl\u0131k sorunlar\u0131 da olan 80&#8217;li ya\u015flarda bir erkek oldu\u011fu a\u00e7\u0131kland\u0131.<\/p>\n<p>\u0130ngiltere&#8217;de aile hekimleri, koronavir\u00fcs vakalar\u0131n\u0131n say\u0131s\u0131n\u0131n artt\u0131\u011f\u0131na dikkat \u00e7ekerek, vatanda\u015flardan zorunlu olmad\u0131k\u00e7a kendilerinden randevu talebinde bulunmamalar\u0131n\u0131 istiyor.<\/p>\n<p>\u00c7in&#8217;in Vuhan kentinde Aral\u0131k ay\u0131nda ortaya \u00e7\u0131kan koronavir\u00fcs\u00fcn tespit edildi\u011fi ki\u015filerin say\u0131s\u0131 119 bini, vir\u00fcs\u00fcn yol a\u00e7t\u0131\u011f\u0131 Covid-19 hastal\u0131\u011f\u0131 y\u00fcz\u00fcnden \u00f6lenlerin say\u0131s\u0131 4 bin 200&#8217;\u00fc a\u015ft\u0131.<\/p>\n<p>Vir\u00fcs \u015fu an d\u00fcnyada T\u00fcrkiye dahil 118 \u00fclkeye yay\u0131lm\u0131\u015f durumda.<\/p>\n<div id=\"briti-4116016274\" class=\"briti-icerikten-sonra_2\" style=\"margin-top: 25px;margin-bottom: 25px;\"><a href=\"https:\/\/wa.me\/message\/NDZLLIOQT4H3O1\" aria-label=\"bytv reklam banner\"><img loading=\"lazy\" decoding=\"async\" src=\"https:\/\/by-tv.co.uk\/wp-content\/uploads\/2025\/12\/bytv-reklam-banner.jpg\" alt=\"\"  width=\"2376\" height=\"1008\"   \/><\/a><\/div>","protected":false},"excerpt":{"rendered":"<p>Kendisini evinde karantinaya ald\u0131\u011f\u0131n\u0131 s\u00f6yleyen Nadine Dorriesevinde kendisiyle birlikte ya\u015fayan 84 ya\u015f\u0131ndaki annesinin sa\u011fl\u0131\u011f\u0131yla ilgili kayg\u0131lar\u0131 oldu\u011funu dile getirdi. \u0130ngiltere Sa\u011fl\u0131k Bakan\u0131 Matt Hancock ise Twitter hesab\u0131ndan bir a\u00e7\u0131klama yaparak Dorries&#8217;in kendisini evinde karantinaya alarak &#8220;do\u011fru olan\u0131 yapt\u0131\u011f\u0131n\u0131&#8221; belirtti. Twitter&#8217;da a\u00e7\u0131klama yapan Matt Hancock, Nadine Dorries&#8217;in en k\u0131sa s\u00fcrede sa\u011fl\u0131\u011f\u0131na kavu\u015fmas\u0131n\u0131 diledi. Hancock, &#8220;\u0130nsanlar\u0131n neden bu hastal\u0131kla ilgili olarak kayg\u0131l\u0131 olduklar\u0131n\u0131 anl\u0131yorum. Bilimden m\u00fcmk\u00fcn olan en \u00fcst d\u00fczeyde yararlanarak insanlar\u0131n g\u00fcvenli\u011fini sa\u011flamak i\u00e7in elimizden geleni yapaca\u011f\u0131z&#8221; dedi. BBC T\u00fcrk\u00e7e&#8217;nin haberine g\u00f6re Nadine Dorries, Per\u015fembe g\u00fcn\u00fc Ba\u015fbakanl\u0131k konutunda \u0130ngiltere Ba\u015fbakan\u0131 Boris Johnson taraf\u0131ndan verilen bir resepsiyona kat\u0131lm\u0131\u015ft\u0131. Dorries, iktidardaki Muahazakar Parti&#8217;nin [&hellip;]<\/p>\n","protected":false},"author":1,"featured_media":0,"comment_status":"open","ping_status":"open","sticky":false,"template":"","format":"standard","meta":{"ngg_post_thumbnail":0,"footnotes":""},"categories":[13],"tags":[787,588,786],"class_list":["post-3883","post","type-post","status-publish","format-standard","hentry","category-saglik","tag-ingiltere-saglik-bakani","tag-koronavirus","tag-nadine-dorries"],"_links":{"self":[{"href":"https:\/\/by-tv.co.uk\/en\/wp-json\/wp\/v2\/posts\/3883","targetHints":{"allow":["GET"]}}],"collection":[{"href":"https:\/\/by-tv.co.uk\/en\/wp-json\/wp\/v2\/posts"}],"about":[{"href":"https:\/\/by-tv.co.uk\/en\/wp-json\/wp\/v2\/types\/post"}],"author":[{"embeddable":true,"href":"https:\/\/by-tv.co.uk\/en\/wp-json\/wp\/v2\/users\/1"}],"replies":[{"embeddable":true,"href":"https:\/\/by-tv.co.uk\/en\/wp-json\/wp\/v2\/comments?post=3883"}],"version-history":[{"count":0,"href":"https:\/\/by-tv.co.uk\/en\/wp-json\/wp\/v2\/posts\/3883\/revisions"}],"wp:attachment":[{"href":"https:\/\/by-tv.co.uk\/en\/wp-json\/wp\/v2\/media?parent=3883"}],"wp:term":[{"taxonomy":"category","embeddable":true,"href":"https:\/\/by-tv.co.uk\/en\/wp-json\/wp\/v2\/categories?post=3883"},{"taxonomy":"post_tag","embeddable":true,"href":"https:\/\/by-tv.co.uk\/en\/wp-json\/wp\/v2\/tags?post=3883"}],"curies":[{"name":"wp","href":"https:\/\/api.w.org\/{rel}","templated":true}]}}