{"id":38791,"date":"2026-05-01T14:27:41","date_gmt":"2026-05-01T13:27:41","guid":{"rendered":"https:\/\/by-tv.co.uk\/?p=38791"},"modified":"2026-05-01T14:27:41","modified_gmt":"2026-05-01T13:27:41","slug":"ingilterede-teror-tehdidi-seviyesi-ciddiye-yukseltildi","status":"publish","type":"post","link":"https:\/\/by-tv.co.uk\/en\/ingilterede-teror-tehdidi-seviyesi-ciddiye-yukseltildi\/","title":{"rendered":"\u0130ngiltere&#8217;de ter\u00f6r tehdidi seviyesi &#8220;ciddi&#8221;ye y\u00fckseltildi"},"content":{"rendered":"<div id=\"model-response-message-contentr_b7378131565eaafa\" class=\"markdown markdown-main-panel stronger enable-updated-hr-color\" dir=\"ltr\" aria-live=\"polite\" aria-busy=\"false\">\n<p data-path-to-node=\"2\">\u0130ngiltere genelinde g\u00fcvenlik \u00f6nlemleri en \u00fcst d\u00fczeye \u00e7\u0131kar\u0131ld\u0131. <b data-path-to-node=\"2\" data-index-in-node=\"71\">M\u00fc\u015fterek Ter\u00f6rizm Analiz Merkezi (JTAC)<\/b>, ter\u00f6r tehdidi seviyesini &#8220;\u00f6nemli&#8221;den, sald\u0131r\u0131 olas\u0131l\u0131\u011f\u0131n\u0131n \u00e7ok y\u00fcksek oldu\u011fu anlam\u0131na gelen <b data-path-to-node=\"2\" data-index-in-node=\"204\">&#8220;ciddi&#8221;<\/b> (substantial) kademesine y\u00fckseltti.<\/p>\n<p data-path-to-node=\"3\"><b data-path-to-node=\"3\" data-index-in-node=\"0\">\u0130ngiltere \u0130\u00e7i\u015fleri Bakanl\u0131\u011f\u0131<\/b> taraf\u0131ndan yap\u0131lan a\u00e7\u0131klamada, karar\u0131n ba\u011f\u0131ms\u0131z analizler sonucunda verildi\u011fi belirtildi. Bakanl\u0131k, tehdit seviyesindeki bu de\u011fi\u015fikli\u011fin \u00f6zellikle devlet ba\u011flant\u0131l\u0131 fiziksel tehditlerin ve \u015fiddet eylemlerinin art\u0131\u015f\u0131yla do\u011frudan ili\u015fkili oldu\u011funu vurgulad\u0131.<\/p>\n<h4 data-path-to-node=\"4\"><b data-path-to-node=\"4\" data-index-in-node=\"0\">Sald\u0131r\u0131 sonras\u0131 g\u00fcvenlik alarm\u0131<\/b><\/h4>\n<p data-path-to-node=\"5\">G\u00fcvenlik alarm\u0131n\u0131n y\u00fckseltilmesinde, 29 Nisan&#8217;da Londra&#8217;n\u0131n kuzeyindeki <b data-path-to-node=\"5\" data-index-in-node=\"72\">Golders Green<\/b> semtinde ger\u00e7ekle\u015fen b\u0131\u00e7akl\u0131 sald\u0131r\u0131 belirleyici oldu. \u0130ki ki\u015finin yaraland\u0131\u011f\u0131 bu olay, h\u00fck\u00fcmet ve istihbarat birimleri taraf\u0131ndan yak\u0131ndan takip edilen radikalle\u015fme riskini tekrar g\u00fcndeme ta\u015f\u0131d\u0131.<\/p><div id=\"briti-3080978232\" class=\"briti-icerik\" style=\"margin-top: 5px;margin-bottom: 5px;\"><a href=\"https:\/\/piaryum.com\/services\/\" aria-label=\"piaryum banner\"><img loading=\"lazy\" decoding=\"async\" src=\"https:\/\/by-tv.co.uk\/wp-content\/uploads\/2025\/12\/Gemini_Generated_Image_g5yqr1g5yqr1g5yq.jpg\" alt=\"\"  width=\"2064\" height=\"1152\"   \/><\/a><\/div>\n<p data-path-to-node=\"6\">Ba\u015fbakan <b data-path-to-node=\"6\" data-index-in-node=\"9\">Keir Starmer<\/b>, sald\u0131r\u0131y\u0131 sert bir dille k\u0131nayarak olay\u0131 &#8220;antisemitik&#8221; bir eylem olarak tan\u0131mlad\u0131. Starmer, &#8220;Yahudi toplulu\u011funa yap\u0131lan sald\u0131r\u0131lar Birle\u015fik Krall\u0131k\u2019\u0131n tamam\u0131na yap\u0131lm\u0131\u015f say\u0131l\u0131r&#8221; diyerek g\u00fcvenlik birimlerinin sorumlular\u0131 adalete teslim etmek i\u00e7in tam yetkiyle \u00e7al\u0131\u015ft\u0131\u011f\u0131n\u0131 ifade etti.<\/p>\n<h4 data-path-to-node=\"7\"><b data-path-to-node=\"7\" data-index-in-node=\"0\">Tehdit seviyesinin anlam\u0131<\/b><\/h4>\n<p data-path-to-node=\"8\">Birle\u015fik Krall\u0131k&#8217;ta uygulanan be\u015f a\u015famal\u0131 sistemde <b data-path-to-node=\"8\" data-index-in-node=\"51\">&#8220;ciddi&#8221;<\/b> seviyesi, d\u00f6rd\u00fcnc\u00fc en y\u00fcksek kademeyi temsil ediyor. Bu durum, somut bir sald\u0131r\u0131 istihbarat\u0131 olmasa bile genel ortam\u0131n bir ter\u00f6r eylemine olduk\u00e7a elveri\u015fli ve eylemin ger\u00e7ekle\u015fme ihtimalinin y\u00fcksek oldu\u011funu g\u00f6steriyor.<\/p>\n<p data-path-to-node=\"9\"><b data-path-to-node=\"9\" data-index-in-node=\"0\">MI5<\/b> b\u00fcnyesinde faaliyet g\u00f6steren JTAC, bu de\u011ferlendirmeyi yaparken polis ve h\u00fck\u00fcmetle e\u015f g\u00fcd\u00fcml\u00fc \u00e7al\u0131\u015f\u0131yor. Tehdit seviyesi en son Kas\u0131m 2021\u2019de milletvekili <b data-path-to-node=\"9\" data-index-in-node=\"158\">David Amess<\/b> suikast\u0131 sonras\u0131 bu d\u00fczeye \u00e7\u0131kar\u0131lm\u0131\u015f, ard\u0131ndan 2022 y\u0131l\u0131n\u0131n ba\u015f\u0131nda tekrar d\u00fc\u015f\u00fcr\u00fclm\u00fc\u015ft\u00fc.<\/p>\n<h4 data-path-to-node=\"10\"><b data-path-to-node=\"10\" data-index-in-node=\"0\">Toplumda artan endi\u015fe<\/b><\/h4>\n<p data-path-to-node=\"11\">G\u00fcvenlik birimleri, halk\u0131n g\u00fcnl\u00fck ya\u015fam\u0131na devam etmesini ancak \u015f\u00fcpheli durumlara kar\u015f\u0131 her zamankinden daha dikkatli olmas\u0131n\u0131 istiyor. \u00d6zellikle dini merkezler ve kalabal\u0131k kamusal alanlarda polis g\u00f6r\u00fcn\u00fcrl\u00fc\u011f\u00fcn\u00fcn art\u0131r\u0131lmas\u0131 hedefleniyor.<\/p>\n<p data-path-to-node=\"12\">\u0130\u00e7i\u015fleri Bakanl\u0131\u011f\u0131, ter\u00f6r eylemlerini te\u015fvik eden gruplara kar\u015f\u0131 operasyonlar\u0131n derinle\u015ftirilece\u011fini a\u00e7\u0131klad\u0131. Uzmanlar, \u00f6n\u00fcm\u00fczdeki <b data-path-to-node=\"12\" data-index-in-node=\"132\">6 ayl\u0131k s\u00fcrecin<\/b> g\u00fcvenlik a\u00e7\u0131s\u0131ndan kritik bir e\u015fik olaca\u011f\u0131na ve tehdit seviyesinin periyodik olarak yeniden de\u011ferlendirilece\u011fine dikkat \u00e7ekiyor.<\/p>\n<\/div>\n<div id=\"briti-2453493157\" class=\"briti-icerikten-sonra_2\" style=\"margin-top: 25px;margin-bottom: 25px;\"><a href=\"https:\/\/wa.me\/message\/NDZLLIOQT4H3O1\" aria-label=\"bytv reklam banner\"><img loading=\"lazy\" decoding=\"async\" src=\"https:\/\/by-tv.co.uk\/wp-content\/uploads\/2025\/12\/bytv-reklam-banner.jpg\" alt=\"\"  width=\"2376\" height=\"1008\"   \/><\/a><\/div>","protected":false},"excerpt":{"rendered":"<p>\u0130ngiltere genelinde g\u00fcvenlik \u00f6nlemleri en \u00fcst d\u00fczeye \u00e7\u0131kar\u0131ld\u0131. M\u00fc\u015fterek Ter\u00f6rizm Analiz Merkezi (JTAC), ter\u00f6r tehdidi seviyesini &#8220;\u00f6nemli&#8221;den, sald\u0131r\u0131 olas\u0131l\u0131\u011f\u0131n\u0131n \u00e7ok y\u00fcksek oldu\u011fu anlam\u0131na gelen &#8220;ciddi&#8221; (substantial) kademesine y\u00fckseltti. \u0130ngiltere \u0130\u00e7i\u015fleri Bakanl\u0131\u011f\u0131 taraf\u0131ndan yap\u0131lan a\u00e7\u0131klamada, karar\u0131n ba\u011f\u0131ms\u0131z analizler sonucunda verildi\u011fi belirtildi. Bakanl\u0131k, tehdit seviyesindeki bu de\u011fi\u015fikli\u011fin \u00f6zellikle devlet ba\u011flant\u0131l\u0131 fiziksel tehditlerin ve \u015fiddet eylemlerinin art\u0131\u015f\u0131yla do\u011frudan ili\u015fkili oldu\u011funu vurgulad\u0131. Sald\u0131r\u0131 sonras\u0131 g\u00fcvenlik alarm\u0131 G\u00fcvenlik alarm\u0131n\u0131n y\u00fckseltilmesinde, 29 Nisan&#8217;da Londra&#8217;n\u0131n kuzeyindeki Golders Green semtinde ger\u00e7ekle\u015fen b\u0131\u00e7akl\u0131 sald\u0131r\u0131 belirleyici oldu. \u0130ki ki\u015finin yaraland\u0131\u011f\u0131 bu olay, h\u00fck\u00fcmet ve istihbarat birimleri taraf\u0131ndan yak\u0131ndan takip edilen radikalle\u015fme riskini tekrar g\u00fcndeme ta\u015f\u0131d\u0131. Ba\u015fbakan Keir Starmer, sald\u0131r\u0131y\u0131 sert [&hellip;]<\/p>\n","protected":false},"author":11,"featured_media":34276,"comment_status":"open","ping_status":"open","sticky":false,"template":"","format":"standard","meta":{"ngg_post_thumbnail":0,"footnotes":""},"categories":[5269],"tags":[],"class_list":["post-38791","post","type-post","status-publish","format-standard","has-post-thumbnail","hentry","category-birlesik-krallik"],"_links":{"self":[{"href":"https:\/\/by-tv.co.uk\/en\/wp-json\/wp\/v2\/posts\/38791","targetHints":{"allow":["GET"]}}],"collection":[{"href":"https:\/\/by-tv.co.uk\/en\/wp-json\/wp\/v2\/posts"}],"about":[{"href":"https:\/\/by-tv.co.uk\/en\/wp-json\/wp\/v2\/types\/post"}],"author":[{"embeddable":true,"href":"https:\/\/by-tv.co.uk\/en\/wp-json\/wp\/v2\/users\/11"}],"replies":[{"embeddable":true,"href":"https:\/\/by-tv.co.uk\/en\/wp-json\/wp\/v2\/comments?post=38791"}],"version-history":[{"count":2,"href":"https:\/\/by-tv.co.uk\/en\/wp-json\/wp\/v2\/posts\/38791\/revisions"}],"predecessor-version":[{"id":38793,"href":"https:\/\/by-tv.co.uk\/en\/wp-json\/wp\/v2\/posts\/38791\/revisions\/38793"}],"wp:featuredmedia":[{"embeddable":true,"href":"https:\/\/by-tv.co.uk\/en\/wp-json\/wp\/v2\/media\/34276"}],"wp:attachment":[{"href":"https:\/\/by-tv.co.uk\/en\/wp-json\/wp\/v2\/media?parent=38791"}],"wp:term":[{"taxonomy":"category","embeddable":true,"href":"https:\/\/by-tv.co.uk\/en\/wp-json\/wp\/v2\/categories?post=38791"},{"taxonomy":"post_tag","embeddable":true,"href":"https:\/\/by-tv.co.uk\/en\/wp-json\/wp\/v2\/tags?post=38791"}],"curies":[{"name":"wp","href":"https:\/\/api.w.org\/{rel}","templated":true}]}}