{"id":38687,"date":"2026-04-20T19:43:17","date_gmt":"2026-04-20T18:43:17","guid":{"rendered":"https:\/\/by-tv.co.uk\/?p=38687"},"modified":"2026-04-20T19:43:17","modified_gmt":"2026-04-20T18:43:17","slug":"ingiltereden-radikal-karar-islam-karsiti-abdli-fenomenin-ulkeye-girisi-yasaklandi","status":"publish","type":"post","link":"https:\/\/by-tv.co.uk\/en\/ingiltereden-radikal-karar-islam-karsiti-abdli-fenomenin-ulkeye-girisi-yasaklandi\/","title":{"rendered":"\u0130ngiltere&#8217;den Radikal Karar: \u0130slam Kar\u015f\u0131t\u0131 ABD&#8217;L\u0130 Fenomenin \u00dclkeye Giri\u015fi Yasakland\u0131"},"content":{"rendered":"<div id=\"model-response-message-contentr_2a28e55526855b1e\" class=\"markdown markdown-main-panel stronger enable-updated-hr-color\" dir=\"ltr\" aria-live=\"polite\" aria-busy=\"false\">\n<p data-path-to-node=\"0\">\u0130ngiltere \u0130\u00e7i\u015fleri Bakanl\u0131\u011f\u0131 (Home Office), a\u015f\u0131r\u0131 sa\u011fc\u0131 kimli\u011fiyle tan\u0131nan Tommy Robinson taraf\u0131ndan May\u0131s ay\u0131nda organize edilecek olan &#8220;Unite the Kingdom&#8221; (Krall\u0131\u011f\u0131 Birle\u015ftirin) y\u00fcr\u00fcy\u00fc\u015f\u00fcne kat\u0131lmak \u00fczere \u00fclkeye gelmeyi planlayan Amerikal\u0131 sosyal medya fenomeni Valentina Gomez&#8217;in vizesini iptal etti. Daha \u00f6nce Elektronik Seyahat Belgesi (ETA) ald\u0131\u011f\u0131na dair bir ekran g\u00f6r\u00fcnt\u00fcs\u00fcn\u00fc sosyal medya hesaplar\u0131ndan payla\u015farak \u0130ngiltere&#8217;ye gelece\u011fini duyuran Gomez&#8217;in durumu, milletvekilleri ve sivil toplum kurulu\u015flar\u0131 aras\u0131nda b\u00fcy\u00fck bir infiale yol a\u00e7m\u0131\u015ft\u0131. Artan kamuoyu bask\u0131s\u0131n\u0131n ard\u0131ndan \u0130\u00e7i\u015fleri Bakan\u0131 Shabana Mahmood&#8217;un onay\u0131yla h\u00fck\u00fcmet, Gomez&#8217;in Birle\u015fik Krall\u0131k&#8217;ta bulunmas\u0131n\u0131n &#8220;kamu yarar\u0131na uygun olmad\u0131\u011f\u0131&#8221; gerek\u00e7esiyle \u00fclkeye giri\u015fine resmi olarak yasak getirdi.<\/p>\n<h4 data-path-to-node=\"6\"><b data-path-to-node=\"6\" data-index-in-node=\"0\">\u0130fade \u00d6zg\u00fcrl\u00fc\u011f\u00fc ve Nefret S\u00f6ylemi \u00c7izgisi<\/b><\/h4>\n<p data-path-to-node=\"7\">\u0130\u00e7i\u015fleri Bakanl\u0131\u011f\u0131&#8217;n\u0131n ald\u0131\u011f\u0131 bu karar\u0131n temelinde, demokratik bir hak olan ifade \u00f6zg\u00fcrl\u00fc\u011f\u00fcn\u00fcn nefret ve a\u015f\u0131r\u0131l\u0131k\u00e7\u0131l\u0131\u011f\u0131 te\u015fvik etme noktas\u0131na ula\u015fmamas\u0131 ilkesi yat\u0131yor. Instagram&#8217;da 540 binden fazla takip\u00e7isi bulunan Valentina Gomez, daha \u00f6nce Kuran-\u0131 Kerim ve LGBTQ+ i\u00e7erikli kitaplar\u0131 alev makinesiyle yakmak gibi eylemleriyle ve provokatif s\u00f6ylemleriyle tan\u0131n\u0131yor. Ge\u00e7ti\u011fimiz y\u0131l yine Tommy Robinson ile birlikte g\u00f6\u00e7men kar\u015f\u0131t\u0131 bir y\u00fcr\u00fcy\u00fc\u015fte sahne alan Amerikal\u0131 fenomen, \u0130ngiltere&#8217;nin M\u00fcsl\u00fcmanlar\u0131 &#8220;kendi \u015feriat \u00fclkelerine geri g\u00f6nderecek&#8221; bir ba\u015fbakan se\u00e7mesi gerekti\u011fi y\u00f6n\u00fcnde k\u0131\u015fk\u0131rt\u0131c\u0131 ifadeler kullanm\u0131\u015ft\u0131. H\u00fck\u00fcmet yetkilileri, toplumsal bar\u0131\u015f\u0131 do\u011frudan hedef alan bu t\u00fcr eylemlerin Birle\u015fik Krall\u0131k s\u0131n\u0131rlar\u0131 i\u00e7inde kabul edilemez oldu\u011funu vurguluyor.<\/p>\n<h4 data-path-to-node=\"8\"><b data-path-to-node=\"8\" data-index-in-node=\"0\">Sivil Toplum Kurulu\u015flar\u0131ndan Karara Destek<\/b><\/h4>\n<p data-path-to-node=\"9\">\u0130ngiltere M\u00fcsl\u00fcman Konseyi (Muslim Council of Britain), \u0130\u00e7i\u015fleri Bakan\u0131 Shabana Mahmood&#8217;a bir mektup yazarak, Gomez&#8217;e ba\u015flang\u0131\u00e7ta vize verilmesinin derin bir \u00e7ifte standart yarataca\u011f\u0131na dikkat \u00e7ekmi\u015fti. Yasa\u011f\u0131n resmile\u015fmesinin ard\u0131ndan konseyden yap\u0131lan a\u00e7\u0131klamada, nefret s\u00f6ylemi ve b\u00f6l\u00fcnme propagandas\u0131 yapan ki\u015filere \u0130ngiltere&#8217;de serbest dola\u015f\u0131m hakk\u0131 verilmemesi gerekti\u011fi belirtildi. A\u00e7\u0131klamada, &#8220;\u0130ngiliz h\u00fck\u00fcmetinin ald\u0131\u011f\u0131 bu karar son derece do\u011fru bir ad\u0131md\u0131r ve dezenformasyon ile nefreti k\u00f6r\u00fcklemeyi se\u00e7en di\u011fer ki\u015filer i\u00e7in de cayd\u0131r\u0131c\u0131 bir emsal te\u015fkil etmelidir&#8221; denildi. Ayr\u0131ca Lordlar Kamaras\u0131 \u00fcyesi Baroness Shaista Gohir&#8217;in Gomez&#8217;e y\u00f6nelik tepkisine, fenomenin sosyal medyadan verdi\u011fi &#8220;E\u011fer konu\u015fmadan duram\u0131yorsan, kocan Muhammed&#8217;e seni terbiye etmesini s\u00f6ylerim&#8221; \u015feklindeki hakaretamiz yan\u0131t, barda\u011f\u0131 ta\u015f\u0131ran son damlalardan biri oldu.<\/p><div id=\"briti-1535428336\" class=\"briti-icerik\" style=\"margin-top: 5px;margin-bottom: 5px;\"><a href=\"https:\/\/piaryum.com\/services\/\" aria-label=\"piaryum banner\"><img loading=\"lazy\" decoding=\"async\" src=\"https:\/\/by-tv.co.uk\/wp-content\/uploads\/2025\/12\/Gemini_Generated_Image_g5yqr1g5yqr1g5yq.jpg\" alt=\"\"  width=\"2064\" height=\"1152\"   \/><\/a><\/div>\n<h4 data-path-to-node=\"10\"><b data-path-to-node=\"10\" data-index-in-node=\"0\">Kanye West Karar\u0131 Emsal Te\u015fkil Etti<\/b><\/h4>\n<p data-path-to-node=\"11\">Valentina Gomez&#8217;in \u00fclkeye giri\u015finin engellenmesinde kullan\u0131lan yasal dayanak, yak\u0131n zamanda bir ba\u015fka \u00fcnl\u00fc isim i\u00e7in de i\u015fletilmi\u015fti. Antisemitik (Yahudi kar\u015f\u0131t\u0131) s\u00f6ylemleri ve Adolf Hitler&#8217;e y\u00f6nelik \u00f6v\u00fcc\u00fc ifadeleri nedeniyle k\u00fcresel \u00e7apta tepki \u00e7eken Amerikal\u0131 rap\u00e7i Kanye West&#8217;in de bu ay i\u00e7inde Londra&#8217;daki Wireless festivalinde sahne almas\u0131 planlan\u0131yordu. Ancak \u0130\u00e7i\u015fleri Bakanl\u0131\u011f\u0131, ayn\u0131 &#8220;kamu yarar\u0131na uygun olmama&#8221; gerek\u00e7esine dayanarak West&#8217;in de \u00fclkeye giri\u015fini engellemi\u015fti. M\u00fcsl\u00fcman sivil toplum kurulu\u015flar\u0131, West&#8217;e uygulanan bu hakl\u0131 yasa\u011f\u0131n, \u0130slam kar\u015f\u0131t\u0131 s\u00f6ylemlerde bulunan Gomez i\u00e7in de istisnas\u0131z uygulanmas\u0131 gerekti\u011fini savunarak h\u00fck\u00fcmetin karar alma mekanizmas\u0131ndaki tutarl\u0131l\u0131\u011f\u0131 h\u0131zland\u0131rm\u0131\u015f oldu.<\/p>\n<h4 data-path-to-node=\"12\"><b data-path-to-node=\"12\" data-index-in-node=\"0\">May\u0131s Ay\u0131ndaki Y\u00fcr\u00fcy\u00fc\u015f \u00d6ncesi Tansiyon Y\u00fcksek<\/b><\/h4>\n<p data-path-to-node=\"13\">Tommy Robinson taraf\u0131ndan organize edilen ve ge\u00e7ti\u011fimiz Eyl\u00fcl ay\u0131nda y\u00fcz binden fazla ki\u015finin kat\u0131ld\u0131\u011f\u0131 iddia edilen g\u00f6\u00e7men kar\u015f\u0131t\u0131 &#8220;Unite the Kingdom&#8221; y\u00fcr\u00fcy\u00fc\u015flerinin May\u0131s ay\u0131ndaki aya\u011f\u0131 \u00f6ncesinde \u00fclkede tansiyon giderek y\u00fckseliyor. \u0130ngiltere&#8217;de ya\u015fayan az\u0131nl\u0131k topluluklar\u0131, bu t\u00fcr organizasyonlar\u0131n sokaklarda a\u015f\u0131r\u0131 sa\u011fc\u0131 \u015fiddet olaylar\u0131n\u0131 k\u00f6r\u00fckleyebilece\u011finden endi\u015fe duyuyor. H\u00fck\u00fcmetin Valentina Gomez gibi d\u0131\u015far\u0131dan gelen k\u0131\u015fk\u0131rt\u0131c\u0131 fig\u00fcrlerin \u00fclkeye giri\u015fini engelleyerek tansiyonu d\u00fc\u015f\u00fcrme \u00e7abas\u0131, kamu g\u00fcvenli\u011fini sa\u011flama y\u00f6n\u00fcnde at\u0131lm\u0131\u015f proaktif bir ad\u0131m olarak de\u011ferlendiriliyor. Gurbet\u00e7i toplumumuzun, yakla\u015fan bu tarihlerde kalabal\u0131k protesto alanlar\u0131ndan uzak durarak sa\u011fduyulu bir duru\u015f sergilemesi \u00f6nem ta\u015f\u0131yor.&nbsp;<\/p>\n<\/div>\n<div id=\"briti-3099675072\" class=\"briti-icerikten-sonra_2\" style=\"margin-top: 25px;margin-bottom: 25px;\"><a href=\"https:\/\/wa.me\/message\/NDZLLIOQT4H3O1\" aria-label=\"bytv reklam banner\"><img loading=\"lazy\" decoding=\"async\" src=\"https:\/\/by-tv.co.uk\/wp-content\/uploads\/2025\/12\/bytv-reklam-banner.jpg\" alt=\"\"  width=\"2376\" height=\"1008\"   \/><\/a><\/div>","protected":false},"excerpt":{"rendered":"<p>\u0130ngiltere \u0130\u00e7i\u015fleri Bakanl\u0131\u011f\u0131 (Home Office), a\u015f\u0131r\u0131 sa\u011fc\u0131 kimli\u011fiyle tan\u0131nan Tommy Robinson taraf\u0131ndan May\u0131s ay\u0131nda organize edilecek olan &#8220;Unite the Kingdom&#8221; (Krall\u0131\u011f\u0131 Birle\u015ftirin) y\u00fcr\u00fcy\u00fc\u015f\u00fcne kat\u0131lmak \u00fczere \u00fclkeye gelmeyi planlayan Amerikal\u0131 sosyal medya fenomeni Valentina Gomez&#8217;in vizesini iptal etti. Daha \u00f6nce Elektronik Seyahat Belgesi (ETA) ald\u0131\u011f\u0131na dair bir ekran g\u00f6r\u00fcnt\u00fcs\u00fcn\u00fc sosyal medya hesaplar\u0131ndan payla\u015farak \u0130ngiltere&#8217;ye gelece\u011fini duyuran Gomez&#8217;in durumu, milletvekilleri ve sivil toplum kurulu\u015flar\u0131 aras\u0131nda b\u00fcy\u00fck bir infiale yol a\u00e7m\u0131\u015ft\u0131. Artan kamuoyu bask\u0131s\u0131n\u0131n ard\u0131ndan \u0130\u00e7i\u015fleri Bakan\u0131 Shabana Mahmood&#8217;un onay\u0131yla h\u00fck\u00fcmet, Gomez&#8217;in Birle\u015fik Krall\u0131k&#8217;ta bulunmas\u0131n\u0131n &#8220;kamu yarar\u0131na uygun olmad\u0131\u011f\u0131&#8221; gerek\u00e7esiyle \u00fclkeye giri\u015fine resmi olarak yasak getirdi. \u0130fade \u00d6zg\u00fcrl\u00fc\u011f\u00fc ve Nefret S\u00f6ylemi \u00c7izgisi \u0130\u00e7i\u015fleri [&hellip;]<\/p>\n","protected":false},"author":11,"featured_media":38688,"comment_status":"open","ping_status":"open","sticky":false,"template":"","format":"standard","meta":{"ngg_post_thumbnail":0,"footnotes":""},"categories":[11],"tags":[],"class_list":["post-38687","post","type-post","status-publish","format-standard","has-post-thumbnail","hentry","category-dunya"],"_links":{"self":[{"href":"https:\/\/by-tv.co.uk\/en\/wp-json\/wp\/v2\/posts\/38687","targetHints":{"allow":["GET"]}}],"collection":[{"href":"https:\/\/by-tv.co.uk\/en\/wp-json\/wp\/v2\/posts"}],"about":[{"href":"https:\/\/by-tv.co.uk\/en\/wp-json\/wp\/v2\/types\/post"}],"author":[{"embeddable":true,"href":"https:\/\/by-tv.co.uk\/en\/wp-json\/wp\/v2\/users\/11"}],"replies":[{"embeddable":true,"href":"https:\/\/by-tv.co.uk\/en\/wp-json\/wp\/v2\/comments?post=38687"}],"version-history":[{"count":1,"href":"https:\/\/by-tv.co.uk\/en\/wp-json\/wp\/v2\/posts\/38687\/revisions"}],"predecessor-version":[{"id":38689,"href":"https:\/\/by-tv.co.uk\/en\/wp-json\/wp\/v2\/posts\/38687\/revisions\/38689"}],"wp:featuredmedia":[{"embeddable":true,"href":"https:\/\/by-tv.co.uk\/en\/wp-json\/wp\/v2\/media\/38688"}],"wp:attachment":[{"href":"https:\/\/by-tv.co.uk\/en\/wp-json\/wp\/v2\/media?parent=38687"}],"wp:term":[{"taxonomy":"category","embeddable":true,"href":"https:\/\/by-tv.co.uk\/en\/wp-json\/wp\/v2\/categories?post=38687"},{"taxonomy":"post_tag","embeddable":true,"href":"https:\/\/by-tv.co.uk\/en\/wp-json\/wp\/v2\/tags?post=38687"}],"curies":[{"name":"wp","href":"https:\/\/api.w.org\/{rel}","templated":true}]}}