{"id":38611,"date":"2026-04-13T20:31:11","date_gmt":"2026-04-13T19:31:11","guid":{"rendered":"https:\/\/by-tv.co.uk\/?p=38611"},"modified":"2026-04-13T20:31:11","modified_gmt":"2026-04-13T19:31:11","slug":"starmer-ab-ile-yakinlasma-kacinilmaz","status":"publish","type":"post","link":"https:\/\/by-tv.co.uk\/en\/starmer-ab-ile-yakinlasma-kacinilmaz\/","title":{"rendered":"Starmer: AB ile yak\u0131nla\u015fma ka\u00e7\u0131n\u0131lmaz"},"content":{"rendered":"<p>Birle\u015fik Krall\u0131k Ba\u015fbakan\u0131 <strong>Keir Starmer<\/strong>, \u00fclkenin g\u00fcvenli\u011fi ve ekonomik istikrar\u0131 i\u00e7in Avrupa Birli\u011fi (AB) ile daha yak\u0131n ili\u015fkilerin \u201cg\u00f6z ard\u0131 edilemeyecek kadar \u00f6nemli\u201d oldu\u011funu s\u00f6yledi. <b>H<\/b>\u00fck\u00fcmet AB kurallar\u0131yla daha h\u0131zl\u0131 uyum sa\u011flamay\u0131 hedefleyen yeni bir yakla\u015f\u0131m \u00fczerinde \u00e7al\u0131\u015f\u0131yor.<\/p>\n<h4>K\u00fcresel krizler politika de\u011fi\u015fimini h\u0131zland\u0131rd\u0131<\/h4>\n<p>Parlamentoda konu\u015fan Starmer, \u0130ran krizi, Brexit, Covid-19 pandemisi ve Ukrayna sava\u015f\u0131 gibi geli\u015fmelerin Birle\u015fik Krall\u0131k ekonomisi \u00fczerindeki etkilerine dikkat \u00e7ekti. Ya\u015fam maliyetinde ya\u015fanan dalgalanmalar\u0131n art\u0131k \u201cistisnai bir durum olmad\u0131\u011f\u0131n\u0131\u201d belirten Starmer, yeni d\u00f6nemde farkl\u0131 bir ekonomik yakla\u015f\u0131m izlenece\u011fini ifade etti.<\/p>\n<p>Starmer, enerji maliyetlerini d\u00fc\u015f\u00fcrme hedefinin yan\u0131 s\u0131ra Avrupa ile ekonomik ili\u015fkilerin g\u00fc\u00e7lendirilmesinin de \u00f6ncelikler aras\u0131nda oldu\u011funu vurgulayarak, <strong>\u201cBrexit ekonomiye ciddi zarar verdi\u201d<\/strong> dedi.<\/p><div id=\"briti-158531630\" class=\"briti-icerik\" style=\"margin-top: 5px;margin-bottom: 5px;\"><a href=\"https:\/\/piaryum.com\/services\/\" aria-label=\"piaryum banner\"><img loading=\"lazy\" decoding=\"async\" src=\"https:\/\/by-tv.co.uk\/wp-content\/uploads\/2025\/12\/Gemini_Generated_Image_g5yqr1g5yqr1g5yq.jpg\" alt=\"\"  width=\"2064\" height=\"1152\"   \/><\/a><\/div>\n<h4>AB kurallar\u0131na uyum plan\u0131<\/h4>\n<p>H\u00fck\u00fcmetin, AB d\u00fczenlemelerine \u201cvarsay\u0131lan olarak uyum\u201d sa\u011flayacak bir yasa \u00fczerinde \u00e7al\u0131\u015ft\u0131\u011f\u0131 belirtiliyor. Bu kapsamda, AB tek pazar kurallar\u0131ndaki de\u011fi\u015fikliklerin her seferinde tam parlamento denetimi olmadan i\u00e7 hukuka aktar\u0131labilece\u011fi ifade ediliyor.<\/p>\n<p>Plan\u0131n yasala\u015fmas\u0131 halinde otomotivden tar\u0131ma kadar bir\u00e7ok alanda AB standartlar\u0131n\u0131n ikincil mevzuat yoluyla benimsenmesi g\u00fcndeme gelebilir. Bu durum, parlamentonun d\u00fczenlemeler \u00fczerinde de\u011fi\u015fiklik yapma yetkisini s\u0131n\u0131rlayabilece\u011fi gerek\u00e7esiyle ele\u015ftiriliyor.<\/p>\n<h4>D\u0131\u015f politika ve \u0130ran krizi mesajlar\u0131<\/h4>\n<p>Starmer, konu\u015fmas\u0131nda \u0130srail\u2019in L\u00fcbnan\u2019a y\u00f6nelik sald\u0131r\u0131lar\u0131n\u0131 ate\u015fkese ra\u011fmen s\u00fcrd\u00fcrmesini \u201cyanl\u0131\u015f\u201d olarak nitelendirdi. \u0130ran\u2019\u0131n H\u00fcrm\u00fcz Bo\u011faz\u0131\u2019n\u0131 bloke etmesinin ise k\u00fcresel ekonomi \u00fczerinde ciddi etkiler yaratt\u0131\u011f\u0131n\u0131 belirtti.<\/p>\n<p>ABD Ba\u015fkan\u0131 Donald Trump\u2019\u0131n \u0130ran\u2019a y\u00f6nelik sert a\u00e7\u0131klamalar\u0131n\u0131 da ele\u015ftiren Starmer, <strong>\u201cSivillere y\u00f6nelik bu t\u00fcr tehditler yanl\u0131\u015ft\u0131r\u201d<\/strong> ifadelerini kulland\u0131.<\/p>\n<p>Muhalefetten sert tepki<\/p>\n<p>Muhafazak\u00e2r Parti ve Reform UK, h\u00fck\u00fcmetin AB ile uyum planlar\u0131na tepki g\u00f6sterdi. G\u00f6lge \u00e7al\u0131\u015fma bakan\u0131 <strong>Andrew Griffith<\/strong>, plan\u0131n Brexit referandumu sonucunu g\u00f6z ard\u0131 etti\u011fini savundu.<\/p>\n<p>Reform UK lideri <strong>Nigel Farage<\/strong> ise AB ile daha yak\u0131n ili\u015fkilerin ekonomik ve demokratik a\u00e7\u0131dan \u201cyanl\u0131\u015f bir y\u00f6n\u201d oldu\u011funu ileri s\u00fcrd\u00fc.<\/p>\n<h4>Kamuoyu deste\u011fi art\u0131yor<\/h4>\n<p>Ara\u015ft\u0131rma \u015firketi <strong>More in Common<\/strong> taraf\u0131ndan yap\u0131lan ankete g\u00f6re, Britanyal\u0131lar\u0131n \u00f6nemli bir k\u0131sm\u0131 AB ile ili\u015fkilerin yeniden de\u011ferlendirilmesini destekliyor. Ankete kat\u0131lanlar\u0131n y\u00fczde 66\u2019s\u0131 ticarette, y\u00fczde 63\u2019\u00fc ise g\u00fcvenlik ve savunmada daha yak\u0131n i\u015f birli\u011finden yana g\u00f6r\u00fc\u015f bildirdi.<\/p>\n<p>Ayn\u0131 ara\u015ft\u0131rmaya g\u00f6re, bug\u00fcn bir referandum yap\u0131lsa kat\u0131l\u0131mc\u0131lar\u0131n y\u00fczde 50\u2019si AB\u2019de kalma y\u00f6n\u00fcnde oy kullanaca\u011f\u0131n\u0131 ifade ederken, y\u00fczde 27\u2019si ayr\u0131lma y\u00f6n\u00fcnde g\u00f6r\u00fc\u015f belirtti.<\/p>\n<div id=\"briti-3087659116\" class=\"briti-icerikten-sonra_2\" style=\"margin-top: 25px;margin-bottom: 25px;\"><a href=\"https:\/\/wa.me\/message\/NDZLLIOQT4H3O1\" aria-label=\"bytv reklam banner\"><img loading=\"lazy\" decoding=\"async\" src=\"https:\/\/by-tv.co.uk\/wp-content\/uploads\/2025\/12\/bytv-reklam-banner.jpg\" alt=\"\"  width=\"2376\" height=\"1008\"   \/><\/a><\/div>","protected":false},"excerpt":{"rendered":"<p>Birle\u015fik Krall\u0131k Ba\u015fbakan\u0131 Keir Starmer, \u00fclkenin g\u00fcvenli\u011fi ve ekonomik istikrar\u0131 i\u00e7in Avrupa Birli\u011fi (AB) ile daha yak\u0131n ili\u015fkilerin \u201cg\u00f6z ard\u0131 edilemeyecek kadar \u00f6nemli\u201d oldu\u011funu s\u00f6yledi. H\u00fck\u00fcmet AB kurallar\u0131yla daha h\u0131zl\u0131 uyum sa\u011flamay\u0131 hedefleyen yeni bir yakla\u015f\u0131m \u00fczerinde \u00e7al\u0131\u015f\u0131yor. K\u00fcresel krizler politika de\u011fi\u015fimini h\u0131zland\u0131rd\u0131 Parlamentoda konu\u015fan Starmer, \u0130ran krizi, Brexit, Covid-19 pandemisi ve Ukrayna sava\u015f\u0131 gibi geli\u015fmelerin Birle\u015fik Krall\u0131k ekonomisi \u00fczerindeki etkilerine dikkat \u00e7ekti. Ya\u015fam maliyetinde ya\u015fanan dalgalanmalar\u0131n art\u0131k \u201cistisnai bir durum olmad\u0131\u011f\u0131n\u0131\u201d belirten Starmer, yeni d\u00f6nemde farkl\u0131 bir ekonomik yakla\u015f\u0131m izlenece\u011fini ifade etti. Starmer, enerji maliyetlerini d\u00fc\u015f\u00fcrme hedefinin yan\u0131 s\u0131ra Avrupa ile ekonomik ili\u015fkilerin g\u00fc\u00e7lendirilmesinin de \u00f6ncelikler aras\u0131nda oldu\u011funu vurgulayarak, [&hellip;]<\/p>\n","protected":false},"author":11,"featured_media":23242,"comment_status":"open","ping_status":"open","sticky":false,"template":"","format":"standard","meta":{"ngg_post_thumbnail":0,"footnotes":""},"categories":[5269,4386],"tags":[],"class_list":["post-38611","post","type-post","status-publish","format-standard","has-post-thumbnail","hentry","category-birlesik-krallik","category-birlesik-kralllik-avrupa-birligi"],"_links":{"self":[{"href":"https:\/\/by-tv.co.uk\/en\/wp-json\/wp\/v2\/posts\/38611","targetHints":{"allow":["GET"]}}],"collection":[{"href":"https:\/\/by-tv.co.uk\/en\/wp-json\/wp\/v2\/posts"}],"about":[{"href":"https:\/\/by-tv.co.uk\/en\/wp-json\/wp\/v2\/types\/post"}],"author":[{"embeddable":true,"href":"https:\/\/by-tv.co.uk\/en\/wp-json\/wp\/v2\/users\/11"}],"replies":[{"embeddable":true,"href":"https:\/\/by-tv.co.uk\/en\/wp-json\/wp\/v2\/comments?post=38611"}],"version-history":[{"count":2,"href":"https:\/\/by-tv.co.uk\/en\/wp-json\/wp\/v2\/posts\/38611\/revisions"}],"predecessor-version":[{"id":38613,"href":"https:\/\/by-tv.co.uk\/en\/wp-json\/wp\/v2\/posts\/38611\/revisions\/38613"}],"wp:featuredmedia":[{"embeddable":true,"href":"https:\/\/by-tv.co.uk\/en\/wp-json\/wp\/v2\/media\/23242"}],"wp:attachment":[{"href":"https:\/\/by-tv.co.uk\/en\/wp-json\/wp\/v2\/media?parent=38611"}],"wp:term":[{"taxonomy":"category","embeddable":true,"href":"https:\/\/by-tv.co.uk\/en\/wp-json\/wp\/v2\/categories?post=38611"},{"taxonomy":"post_tag","embeddable":true,"href":"https:\/\/by-tv.co.uk\/en\/wp-json\/wp\/v2\/tags?post=38611"}],"curies":[{"name":"wp","href":"https:\/\/api.w.org\/{rel}","templated":true}]}}