{"id":38609,"date":"2026-04-13T20:21:23","date_gmt":"2026-04-13T19:21:23","guid":{"rendered":"https:\/\/by-tv.co.uk\/?p=38609"},"modified":"2026-04-13T20:21:23","modified_gmt":"2026-04-13T19:21:23","slug":"ingilteredeki-gocmenler-ilr-surecinde-seyahat-kisitlamalarina-karsi-imza-kampanyasi-baslatti","status":"publish","type":"post","link":"https:\/\/by-tv.co.uk\/en\/ingilteredeki-gocmenler-ilr-surecinde-seyahat-kisitlamalarina-karsi-imza-kampanyasi-baslatti\/","title":{"rendered":"\u0130ngiltere&#8217;deki g\u00f6\u00e7menler, ILR s\u00fcrecinde seyahat k\u0131s\u0131tlamalar\u0131na kar\u015f\u0131 imza kampanyas\u0131 ba\u015flatt\u0131"},"content":{"rendered":"<p>Birle\u015fik Krall\u0131k\u2019ta s\u00fcresiz oturum izni (<strong>ILR<\/strong>) ba\u015fvurusu yapan g\u00f6\u00e7menler, ba\u015fvuru s\u00fcrecinde ya\u015fanan gecikmeler ve seyahat k\u0131s\u0131tlamalar\u0131na kar\u015f\u0131 imza kampanyas\u0131 ba\u015flatt\u0131. Parlamento\u2019nun resmi dilek\u00e7e platformunda yay\u0131mlanan kampanya, uygulamalar\u0131n hem insan haklar\u0131na hem de seyahat \u00f6zg\u00fcrl\u00fc\u011f\u00fcne ayk\u0131r\u0131 oldu\u011funu savunuyor.<\/p>\n<p><a href=\"https:\/\/petition.parliament.uk\/petitions\/763631\" target=\"_blank\" rel=\"noopener\"><strong>https:\/\/petition.parliament.uk\/petitions\/763631&nbsp;<\/strong><\/a><\/p>\n<h4>Ba\u015fvuru s\u00fcreci ve k\u0131s\u0131tlamalar<\/h4>\n<p>Mevcut d\u00fczenlemelere g\u00f6re, ILR ba\u015fvurusu sonu\u00e7lanmadan \u00fclke d\u0131\u015f\u0131na \u00e7\u0131kan ki\u015filerin ba\u015fvurular\u0131 otomatik olarak geri \u00e7ekilmi\u015f say\u0131l\u0131yor. Bu durum, ba\u015fvuru sahiplerinin \u00fclke i\u00e7inde kalmas\u0131n\u0131 zorunlu hale getiriyor. \u00d6zellikle standart ba\u015fvuru s\u00fcre\u00e7lerinin uzun s\u00fcrmesi ve baz\u0131 vize kategorilerinde h\u0131zland\u0131r\u0131lm\u0131\u015f hizmetlerin bulunmamas\u0131, ma\u011fduriyetleri art\u0131r\u0131yor.<\/p><div id=\"briti-579843817\" class=\"briti-icerik\" style=\"margin-top: 5px;margin-bottom: 5px;\"><a href=\"https:\/\/piaryum.com\/services\/\" aria-label=\"piaryum banner\"><img loading=\"lazy\" decoding=\"async\" src=\"https:\/\/by-tv.co.uk\/wp-content\/uploads\/2025\/12\/Gemini_Generated_Image_g5yqr1g5yqr1g5yq.jpg\" alt=\"\"  width=\"2064\" height=\"1152\"   \/><\/a><\/div>\n<p>Ba\u015fvuru sahipleri, bu s\u00fcrecin yaln\u0131zca b\u00fcrokratik bir engel olmad\u0131\u011f\u0131n\u0131, ayn\u0131 zamanda ciddi insani sonu\u00e7lar do\u011furdu\u011funu ifade ediyor. Aile \u00fcyelerinin hastalanmas\u0131 veya hayat\u0131n\u0131 kaybetmesi gibi durumlarda \u00fclkelerine d\u00f6nemeyen bireylerin psikolojik olarak zorland\u0131\u011f\u0131 belirtiliyor. Ayr\u0131ca yurt d\u0131\u015f\u0131ndaki i\u015f ve e\u011fitim f\u0131rsatlar\u0131n\u0131n ka\u00e7\u0131r\u0131lmas\u0131 da ekonomik kay\u0131plara yol a\u00e7\u0131yor.<\/p>\n<h4>\u201cSeyahat \u00f6zg\u00fcrl\u00fc\u011f\u00fcm\u00fcz engelleniyor\u201d<\/h4>\n<p>\u00d6zellikle Ankara Anla\u015fmas\u0131 kapsam\u0131nda Birle\u015fik Krall\u0131k\u2019a gelen ve uzun s\u00fcredir ILR ba\u015fvurusu bekleyen ki\u015filerin ciddi k\u0131s\u0131tlamalarla kar\u015f\u0131 kar\u015f\u0131ya kald\u0131. Bu ki\u015filerin hem i\u015flerini s\u00fcrd\u00fcrmekte zorland\u0131\u011f\u0131 hem de seyahat edememelerinin g\u00fcnl\u00fck ya\u015famlar\u0131n\u0131 olumsuz etkiledi\u011fi ifade ediliyor.<\/p>\n<p>\u0130mza kampanyas\u0131nda, ILR ba\u015fvurusu devam eden ki\u015filerin seyahat etmesinin, ba\u015fvurular\u0131n\u0131n geri \u00e7ekilmesiyle sonu\u00e7lanmamas\u0131 ve uluslararas\u0131 seyahat edebilmelerine izin verilmesi talep ediliyor. Ayr\u0131ca vize sisteminde yap\u0131lacak d\u00fczenlemelerle bireysel ma\u011fduriyetlerin azalt\u0131lmas\u0131 gerekti\u011fi belirtiliyor.<\/p>\n<h4>Parlamentoya \u00e7a\u011fr\u0131<\/h4>\n<p>Birle\u015fik Krall\u0131k Parlamentosu\u2019nun resmi platformunda yay\u0131mlanan dilek\u00e7eye g\u00f6re, kampanyan\u0131n 10 bin imzaya ula\u015fmas\u0131 halinde h\u00fck\u00fcmetin resmi yan\u0131t vermesi gerekiyor. 100 bin imzaya ula\u015f\u0131lmas\u0131 durumunda ise konunun parlamentoda tart\u0131\u015fmaya a\u00e7\u0131lmas\u0131 m\u00fcmk\u00fcn oluyor.<\/p>\n<p>Kampanya sahipleri, hem g\u00f6\u00e7men topluluklar\u0131n\u0131 hem de kamuoyunu destek vermeye \u00e7a\u011f\u0131r\u0131yor. Dilek\u00e7eye, <strong>Birle\u015fik Krall\u0131k Parlamentosu\u2019nun resmi internet sitesi<\/strong> \u00fczerinden eri\u015filebiliyor.<\/p>\n<div id=\"briti-3176270397\" class=\"briti-icerikten-sonra_2\" style=\"margin-top: 25px;margin-bottom: 25px;\"><a href=\"https:\/\/wa.me\/message\/NDZLLIOQT4H3O1\" aria-label=\"bytv reklam banner\"><img loading=\"lazy\" decoding=\"async\" src=\"https:\/\/by-tv.co.uk\/wp-content\/uploads\/2025\/12\/bytv-reklam-banner.jpg\" alt=\"\"  width=\"2376\" height=\"1008\"   \/><\/a><\/div>","protected":false},"excerpt":{"rendered":"<p>Birle\u015fik Krall\u0131k\u2019ta s\u00fcresiz oturum izni (ILR) ba\u015fvurusu yapan g\u00f6\u00e7menler, ba\u015fvuru s\u00fcrecinde ya\u015fanan gecikmeler ve seyahat k\u0131s\u0131tlamalar\u0131na kar\u015f\u0131 imza kampanyas\u0131 ba\u015flatt\u0131. Parlamento\u2019nun resmi dilek\u00e7e platformunda yay\u0131mlanan kampanya, uygulamalar\u0131n hem insan haklar\u0131na hem de seyahat \u00f6zg\u00fcrl\u00fc\u011f\u00fcne ayk\u0131r\u0131 oldu\u011funu savunuyor. https:\/\/petition.parliament.uk\/petitions\/763631&nbsp; Ba\u015fvuru s\u00fcreci ve k\u0131s\u0131tlamalar Mevcut d\u00fczenlemelere g\u00f6re, ILR ba\u015fvurusu sonu\u00e7lanmadan \u00fclke d\u0131\u015f\u0131na \u00e7\u0131kan ki\u015filerin ba\u015fvurular\u0131 otomatik olarak geri \u00e7ekilmi\u015f say\u0131l\u0131yor. Bu durum, ba\u015fvuru sahiplerinin \u00fclke i\u00e7inde kalmas\u0131n\u0131 zorunlu hale getiriyor. \u00d6zellikle standart ba\u015fvuru s\u00fcre\u00e7lerinin uzun s\u00fcrmesi ve baz\u0131 vize kategorilerinde h\u0131zland\u0131r\u0131lm\u0131\u015f hizmetlerin bulunmamas\u0131, ma\u011fduriyetleri art\u0131r\u0131yor. Ba\u015fvuru sahipleri, bu s\u00fcrecin yaln\u0131zca b\u00fcrokratik bir engel olmad\u0131\u011f\u0131n\u0131, ayn\u0131 zamanda ciddi insani sonu\u00e7lar do\u011furdu\u011funu ifade ediyor. [&hellip;]<\/p>\n","protected":false},"author":11,"featured_media":35229,"comment_status":"open","ping_status":"open","sticky":false,"template":"","format":"standard","meta":{"ngg_post_thumbnail":0,"footnotes":""},"categories":[5269],"tags":[],"class_list":["post-38609","post","type-post","status-publish","format-standard","has-post-thumbnail","hentry","category-birlesik-krallik"],"_links":{"self":[{"href":"https:\/\/by-tv.co.uk\/en\/wp-json\/wp\/v2\/posts\/38609","targetHints":{"allow":["GET"]}}],"collection":[{"href":"https:\/\/by-tv.co.uk\/en\/wp-json\/wp\/v2\/posts"}],"about":[{"href":"https:\/\/by-tv.co.uk\/en\/wp-json\/wp\/v2\/types\/post"}],"author":[{"embeddable":true,"href":"https:\/\/by-tv.co.uk\/en\/wp-json\/wp\/v2\/users\/11"}],"replies":[{"embeddable":true,"href":"https:\/\/by-tv.co.uk\/en\/wp-json\/wp\/v2\/comments?post=38609"}],"version-history":[{"count":1,"href":"https:\/\/by-tv.co.uk\/en\/wp-json\/wp\/v2\/posts\/38609\/revisions"}],"predecessor-version":[{"id":38610,"href":"https:\/\/by-tv.co.uk\/en\/wp-json\/wp\/v2\/posts\/38609\/revisions\/38610"}],"wp:featuredmedia":[{"embeddable":true,"href":"https:\/\/by-tv.co.uk\/en\/wp-json\/wp\/v2\/media\/35229"}],"wp:attachment":[{"href":"https:\/\/by-tv.co.uk\/en\/wp-json\/wp\/v2\/media?parent=38609"}],"wp:term":[{"taxonomy":"category","embeddable":true,"href":"https:\/\/by-tv.co.uk\/en\/wp-json\/wp\/v2\/categories?post=38609"},{"taxonomy":"post_tag","embeddable":true,"href":"https:\/\/by-tv.co.uk\/en\/wp-json\/wp\/v2\/tags?post=38609"}],"curies":[{"name":"wp","href":"https:\/\/api.w.org\/{rel}","templated":true}]}}