{"id":38562,"date":"2026-04-10T19:08:13","date_gmt":"2026-04-10T18:08:13","guid":{"rendered":"https:\/\/by-tv.co.uk\/?p=38562"},"modified":"2026-04-10T18:31:14","modified_gmt":"2026-04-10T17:31:14","slug":"ucus-iptalleri-kapida-yakit-krizi-buyuyor","status":"publish","type":"post","link":"https:\/\/by-tv.co.uk\/en\/ucus-iptalleri-kapida-yakit-krizi-buyuyor\/","title":{"rendered":"U\u00e7u\u015f \u0130ptalleri Kap\u0131da: Yak\u0131t Krizi B\u00fcy\u00fcyor"},"content":{"rendered":"<div id=\"model-response-message-contentr_1446414d15ea21b8\" class=\"markdown markdown-main-panel stronger enable-updated-hr-color\" dir=\"ltr\" aria-live=\"polite\" aria-busy=\"false\">\n<h4 data-path-to-node=\"1\"><b data-path-to-node=\"1\" data-index-in-node=\"0\">Jet Yak\u0131t\u0131nda Kritik \u00dc\u00e7 Hafta<\/b><\/h4>\n<p data-path-to-node=\"2\">Avrupa ve Birle\u015fik Krall\u0131k\u2019taki havalimanlar\u0131, petrol sevkiyat\u0131n\u0131n <b data-path-to-node=\"2\" data-index-in-node=\"67\">\u00fc\u00e7 hafta<\/b> i\u00e7inde normale d\u00f6nmemesi durumunda jet yak\u0131t\u0131 stoklar\u0131n\u0131n t\u00fckenece\u011fi konusunda uyar\u0131da bulundu. Stoklar\u0131n bitmesi, yaz tatili sezonu \u00f6ncesinde milyonlarca yolcuyu etkileyecek kitlesel u\u00e7u\u015f iptallerini ka\u00e7\u0131n\u0131lmaz hale getirebilir.<\/p>\n<p data-path-to-node=\"3\"><b data-path-to-node=\"3\" data-index-in-node=\"0\">The Guardian\u2019\u0131n haberine g\u00f6re<\/b>, <b data-path-to-node=\"3\" data-index-in-node=\"31\">Airports Council International (ACI) Europe<\/b>, <b data-path-to-node=\"3\" data-index-in-node=\"76\">Avrupa Birli\u011fi<\/b> enerji ve ula\u015ft\u0131rma komisyonerlerine g\u00f6nderdi\u011fi mektupta, H\u00fcrm\u00fcz Bo\u011faz\u0131&#8217;ndaki t\u0131kan\u0131kl\u0131\u011f\u0131n devam etmesi halinde sistemik bir yak\u0131t k\u0131tl\u0131\u011f\u0131n\u0131n ger\u00e7e\u011fe d\u00f6n\u00fc\u015fece\u011fini bildirdi. <b data-path-to-node=\"3\" data-index-in-node=\"264\">ABD<\/b> ve <b data-path-to-node=\"3\" data-index-in-node=\"271\">\u0130srail<\/b> ile <b data-path-to-node=\"3\" data-index-in-node=\"282\">\u0130ran<\/b> aras\u0131ndaki gerilim nedeniyle H\u00fcrm\u00fcz Bo\u011faz\u0131\u2019n\u0131n kapanmas\u0131, k\u00fcresel arz zincirini k\u0131r\u0131lma noktas\u0131na getirdi.<\/p>\n<h4 data-path-to-node=\"4\"><b data-path-to-node=\"4\" data-index-in-node=\"0\">Akaryak\u0131t Fiyatlar\u0131 Rekor Seviyede<\/b><\/h4>\n<p data-path-to-node=\"5\">Sava\u015f \u00f6ncesinde <b data-path-to-node=\"5\" data-index-in-node=\"16\">72 dolar<\/b> seviyesinde seyreden <b data-path-to-node=\"5\" data-index-in-node=\"46\">Brent petrol<\/b> fiyatlar\u0131, ilan edilen ate\u015fkes \u00e7abalar\u0131na ra\u011fmen <b data-path-to-node=\"5\" data-index-in-node=\"108\">96 dolar<\/b> seviyelerinde tutunmaya devam ediyor. <b data-path-to-node=\"5\" data-index-in-node=\"155\">Iata<\/b> verilerine g\u00f6re, jet yak\u0131t\u0131 fiyatlar\u0131 ge\u00e7en y\u0131la oranla iki kat\u0131ndan fazla artarak ton ba\u015f\u0131na <b data-path-to-node=\"5\" data-index-in-node=\"254\">1.650 dolara<\/b> ula\u015ft\u0131.<\/p><div id=\"briti-2700610765\" class=\"briti-icerik\" style=\"margin-top: 5px;margin-bottom: 5px;\"><a href=\"https:\/\/piaryum.com\/services\/\" aria-label=\"piaryum banner\"><img loading=\"lazy\" decoding=\"async\" src=\"https:\/\/by-tv.co.uk\/wp-content\/uploads\/2025\/12\/Gemini_Generated_Image_g5yqr1g5yqr1g5yq.jpg\" alt=\"\"  width=\"2064\" height=\"1152\"   \/><\/a><\/div>\n<p data-path-to-node=\"6\">Krizden en \u00e7ok etkilenen b\u00f6lge <b data-path-to-node=\"6\" data-index-in-node=\"31\">%163<\/b> art\u0131\u015fla <b data-path-to-node=\"6\" data-index-in-node=\"44\">Asya<\/b> olurken, <b data-path-to-node=\"6\" data-index-in-node=\"58\">Avrupa<\/b>\u2019daki fiyat art\u0131\u015f\u0131 <b data-path-to-node=\"6\" data-index-in-node=\"83\">%138<\/b> olarak kaydedildi. <b data-path-to-node=\"6\" data-index-in-node=\"107\">ING<\/b> k\u0131demli ekonomisti <b data-path-to-node=\"6\" data-index-in-node=\"130\">Rico Luman<\/b>, b\u00fcy\u00fck merkezlerden uzak olan k\u00fc\u00e7\u00fck havalimanlar\u0131n\u0131n sadece <b data-path-to-node=\"6\" data-index-in-node=\"201\">4-5 haftal\u0131k<\/b> rezerve sahip oldu\u011funu ve ilk iptallerin bu noktalarda ba\u015flayaca\u011f\u0131n\u0131 vurgulad\u0131.<\/p>\n<h4 data-path-to-node=\"7\"><b data-path-to-node=\"7\" data-index-in-node=\"0\">Havayolu \u015eirketleri Sefer Azalt\u0131yor<\/b><\/h4>\n<p data-path-to-node=\"8\">Birle\u015fik Krall\u0131k merkezli <b data-path-to-node=\"8\" data-index-in-node=\"26\">Skybus<\/b> ve <b data-path-to-node=\"8\" data-index-in-node=\"36\">Aurigny<\/b> gibi k\u00fc\u00e7\u00fck havayolu \u015firketleri baz\u0131 rotalar\u0131n\u0131 kapatmak zorunda kald\u0131. Avrupa\u2019n\u0131n en b\u00fcy\u00fck havayolu \u015firketi <b data-path-to-node=\"8\" data-index-in-node=\"152\">Ryanair<\/b>&#8216;in CEO&#8217;su <b data-path-to-node=\"8\" data-index-in-node=\"170\">Michael O\u2019Leary<\/b>, u\u00e7u\u015flar\u0131n\u0131n <b data-path-to-node=\"8\" data-index-in-node=\"199\">%10<\/b>\u2019unu kesmeyi d\u00fc\u015f\u00fcnd\u00fcklerini a\u00e7\u0131klad\u0131.<\/p>\n<p data-path-to-node=\"9\"><b data-path-to-node=\"9\" data-index-in-node=\"0\">Air New Zealand<\/b>, <b data-path-to-node=\"9\" data-index-in-node=\"17\">AirAsia X<\/b>, <b data-path-to-node=\"9\" data-index-in-node=\"28\">Vietnam Airlines<\/b> ve <b data-path-to-node=\"9\" data-index-in-node=\"48\">SAS<\/b> gibi dev \u015firketler de artan maliyetler ve arz s\u0131k\u0131nt\u0131s\u0131 nedeniyle sefer say\u0131lar\u0131nda k\u0131s\u0131tlamaya gitti. <b data-path-to-node=\"9\" data-index-in-node=\"155\">Iata<\/b> Genel Direkt\u00f6r\u00fc <b data-path-to-node=\"9\" data-index-in-node=\"176\">Willie Walsh<\/b>, bo\u011fazlar a\u00e7\u0131lsa dahi rafineri kapasitelerindeki aksamalar nedeniyle arz\u0131n normale d\u00f6nmesinin aylar alabilece\u011fi uyar\u0131s\u0131nda bulundu.<\/p>\n<\/div>\n<div id=\"briti-837735513\" class=\"briti-icerikten-sonra_2\" style=\"margin-top: 25px;margin-bottom: 25px;\"><a href=\"https:\/\/wa.me\/message\/NDZLLIOQT4H3O1\" aria-label=\"bytv reklam banner\"><img loading=\"lazy\" decoding=\"async\" src=\"https:\/\/by-tv.co.uk\/wp-content\/uploads\/2025\/12\/bytv-reklam-banner.jpg\" alt=\"\"  width=\"2376\" height=\"1008\"   \/><\/a><\/div>","protected":false},"excerpt":{"rendered":"<p>Jet Yak\u0131t\u0131nda Kritik \u00dc\u00e7 Hafta Avrupa ve Birle\u015fik Krall\u0131k\u2019taki havalimanlar\u0131, petrol sevkiyat\u0131n\u0131n \u00fc\u00e7 hafta i\u00e7inde normale d\u00f6nmemesi durumunda jet yak\u0131t\u0131 stoklar\u0131n\u0131n t\u00fckenece\u011fi konusunda uyar\u0131da bulundu. Stoklar\u0131n bitmesi, yaz tatili sezonu \u00f6ncesinde milyonlarca yolcuyu etkileyecek kitlesel u\u00e7u\u015f iptallerini ka\u00e7\u0131n\u0131lmaz hale getirebilir. The Guardian\u2019\u0131n haberine g\u00f6re, Airports Council International (ACI) Europe, Avrupa Birli\u011fi enerji ve ula\u015ft\u0131rma komisyonerlerine g\u00f6nderdi\u011fi mektupta, H\u00fcrm\u00fcz Bo\u011faz\u0131&#8217;ndaki t\u0131kan\u0131kl\u0131\u011f\u0131n devam etmesi halinde sistemik bir yak\u0131t k\u0131tl\u0131\u011f\u0131n\u0131n ger\u00e7e\u011fe d\u00f6n\u00fc\u015fece\u011fini bildirdi. ABD ve \u0130srail ile \u0130ran aras\u0131ndaki gerilim nedeniyle H\u00fcrm\u00fcz Bo\u011faz\u0131\u2019n\u0131n kapanmas\u0131, k\u00fcresel arz zincirini k\u0131r\u0131lma noktas\u0131na getirdi. Akaryak\u0131t Fiyatlar\u0131 Rekor Seviyede Sava\u015f \u00f6ncesinde 72 dolar seviyesinde seyreden Brent petrol fiyatlar\u0131, [&hellip;]<\/p>\n","protected":false},"author":11,"featured_media":35292,"comment_status":"open","ping_status":"open","sticky":false,"template":"","format":"standard","meta":{"ngg_post_thumbnail":0,"footnotes":""},"categories":[5269,11],"tags":[],"class_list":["post-38562","post","type-post","status-publish","format-standard","has-post-thumbnail","hentry","category-birlesik-krallik","category-dunya"],"_links":{"self":[{"href":"https:\/\/by-tv.co.uk\/en\/wp-json\/wp\/v2\/posts\/38562","targetHints":{"allow":["GET"]}}],"collection":[{"href":"https:\/\/by-tv.co.uk\/en\/wp-json\/wp\/v2\/posts"}],"about":[{"href":"https:\/\/by-tv.co.uk\/en\/wp-json\/wp\/v2\/types\/post"}],"author":[{"embeddable":true,"href":"https:\/\/by-tv.co.uk\/en\/wp-json\/wp\/v2\/users\/11"}],"replies":[{"embeddable":true,"href":"https:\/\/by-tv.co.uk\/en\/wp-json\/wp\/v2\/comments?post=38562"}],"version-history":[{"count":1,"href":"https:\/\/by-tv.co.uk\/en\/wp-json\/wp\/v2\/posts\/38562\/revisions"}],"predecessor-version":[{"id":38564,"href":"https:\/\/by-tv.co.uk\/en\/wp-json\/wp\/v2\/posts\/38562\/revisions\/38564"}],"wp:featuredmedia":[{"embeddable":true,"href":"https:\/\/by-tv.co.uk\/en\/wp-json\/wp\/v2\/media\/35292"}],"wp:attachment":[{"href":"https:\/\/by-tv.co.uk\/en\/wp-json\/wp\/v2\/media?parent=38562"}],"wp:term":[{"taxonomy":"category","embeddable":true,"href":"https:\/\/by-tv.co.uk\/en\/wp-json\/wp\/v2\/categories?post=38562"},{"taxonomy":"post_tag","embeddable":true,"href":"https:\/\/by-tv.co.uk\/en\/wp-json\/wp\/v2\/tags?post=38562"}],"curies":[{"name":"wp","href":"https:\/\/api.w.org\/{rel}","templated":true}]}}