{"id":38548,"date":"2026-04-10T16:08:20","date_gmt":"2026-04-10T15:08:20","guid":{"rendered":"https:\/\/by-tv.co.uk\/?p=38548"},"modified":"2026-04-10T15:34:20","modified_gmt":"2026-04-10T14:34:20","slug":"starmer-natoya-uyelik-abdnin-cikarlari-icin-gereklidir","status":"publish","type":"post","link":"https:\/\/by-tv.co.uk\/en\/starmer-natoya-uyelik-abdnin-cikarlari-icin-gereklidir\/","title":{"rendered":"Starmer: NATO\u2019ya \u00dcyelik ABD\u2019nin \u00c7\u0131karlar\u0131 \u0130\u00e7in Gereklidir"},"content":{"rendered":"<div id=\"model-response-message-contentr_8fe935180e288b5c\" class=\"markdown markdown-main-panel enable-updated-hr-color\" dir=\"ltr\" aria-live=\"polite\" aria-busy=\"false\">\n<h4 data-path-to-node=\"1\"><b data-path-to-node=\"1\" data-index-in-node=\"0\">NATO\u2019nun \u00d6nemi ve Avrupa\u2019n\u0131n Rol\u00fc<\/b><\/h4>\n<p data-path-to-node=\"2\">\u0130ngiltere Ba\u015fbakan\u0131 <b data-path-to-node=\"2\" data-index-in-node=\"20\">Sir Keir Starmer<\/b>, Orta Do\u011fu ziyareti s\u0131ras\u0131nda yapt\u0131\u011f\u0131 a\u00e7\u0131klamada, <b data-path-to-node=\"2\" data-index-in-node=\"87\">Donald Trump<\/b>&#8216;\u0131n ittifaktan \u00e7ekilme tehditlerine ra\u011fmen <b data-path-to-node=\"2\" data-index-in-node=\"142\">NATO<\/b> \u00fcyeli\u011finin <b data-path-to-node=\"2\" data-index-in-node=\"158\">ABD<\/b>&#8216;nin \u00e7\u0131karlar\u0131na hizmet etti\u011fini belirtti. <b data-path-to-node=\"2\" data-index-in-node=\"204\">ITV News<\/b>&#8216;in haberine g\u00f6re Starmer, Avrupa \u00fclkelerinin ve \u0130ngiltere&#8217;nin ittifak\u0131 g\u00fc\u00e7l\u00fc tutmak ad\u0131na daha fazla \u00e7aba g\u00f6stermesi gerekti\u011fini ifade etti.<\/p>\n<p data-path-to-node=\"3\">Ba\u015fbakan <b data-path-to-node=\"3\" data-index-in-node=\"9\">Starmer<\/b>, <b data-path-to-node=\"3\" data-index-in-node=\"18\">NATO<\/b>&#8216;nun d\u00fcnyan\u0131n g\u00f6rd\u00fc\u011f\u00fc en etkili askeri ittifak oldu\u011funu belirterek \u015funlar\u0131 s\u00f6yledi: &#8220;<b data-path-to-node=\"3\" data-index-in-node=\"107\">NATO<\/b> hem Amerika&#8217;n\u0131n hem de Avrupa&#8217;n\u0131n \u00e7\u0131karlar\u0131nad\u0131r. Bu ittifak, onlarca y\u0131ld\u0131r bizi her zamankinden \u00e7ok daha g\u00fcvenli bir durumda tutan savunma ama\u00e7l\u0131 bir birliktir.&#8221;<\/p>\n<h4 data-path-to-node=\"4\"><b data-path-to-node=\"4\" data-index-in-node=\"0\">H\u00fcrm\u00fcz Bo\u011faz\u0131 ve Sevkiyat Plan\u0131<\/b><\/h4>\n<p data-path-to-node=\"5\"><b data-path-to-node=\"5\" data-index-in-node=\"0\">Starmer<\/b> ve <b data-path-to-node=\"5\" data-index-in-node=\"11\">Trump<\/b> aras\u0131nda Per\u015fembe gecesi ger\u00e7ekle\u015fen telefon g\u00f6r\u00fc\u015fmesinde, <b data-path-to-node=\"5\" data-index-in-node=\"76\">\u0130ran<\/b>&#8216;\u0131n fiili kapatma karar\u0131n\u0131n ard\u0131ndan <b data-path-to-node=\"5\" data-index-in-node=\"117\">H\u00fcrm\u00fcz Bo\u011faz\u0131<\/b> \u00fczerinden gemi ge\u00e7i\u015flerini yeniden ba\u015flatmak i\u00e7in &#8220;<b data-path-to-node=\"5\" data-index-in-node=\"182\">pratik bir plan<\/b>&#8221; ihtiyac\u0131 ele al\u0131nd\u0131. Ba\u015fbakan, b\u00f6lge \u00fclkelerinin g\u00f6r\u00fc\u015flerini <b data-path-to-node=\"5\" data-index-in-node=\"260\">Trump<\/b>&#8216;a iletti\u011fini ve ate\u015fkesin kal\u0131c\u0131 olmas\u0131 i\u00e7in kom\u015fu K\u00f6rfez devletlerinin s\u00fcrece dahil edilmesi gerekti\u011fini vurgulad\u0131.<\/p><div id=\"briti-3483239095\" class=\"briti-icerik\" style=\"margin-top: 5px;margin-bottom: 5px;\"><a href=\"https:\/\/piaryum.com\/services\/\" aria-label=\"piaryum banner\"><img loading=\"lazy\" decoding=\"async\" src=\"https:\/\/by-tv.co.uk\/wp-content\/uploads\/2025\/12\/Gemini_Generated_Image_g5yqr1g5yqr1g5yq.jpg\" alt=\"\"  width=\"2064\" height=\"1152\"   \/><\/a><\/div>\n<p data-path-to-node=\"6\">\u0130ngiltere, <b data-path-to-node=\"6\" data-index-in-node=\"11\">H\u00fcrm\u00fcz Bo\u011faz\u0131<\/b> rotas\u0131n\u0131 yeniden a\u00e7mak ve sevkiyatlar\u0131 ba\u015flatmak ad\u0131na \u00fclkeleri bir araya getiren bir koalisyon \u00fczerinde \u00e7al\u0131\u015f\u0131yor. Bu \u00e7al\u0131\u015fmalar\u0131n sadece diplomatik \u00e7abalar\u0131 de\u011fil, ayn\u0131 zamanda <b data-path-to-node=\"6\" data-index-in-node=\"204\">askeri kapasitelerin ve lojistik imkanlar\u0131n<\/b> incelenmesini de kapsad\u0131\u011f\u0131 belirtiliyor.<\/p>\n<h4 data-path-to-node=\"7\"><b data-path-to-node=\"7\" data-index-in-node=\"0\">Ate\u015fkes S\u00fcreci ve Ekonomik Etkiler<\/b><\/h4>\n<p data-path-to-node=\"8\"><b data-path-to-node=\"8\" data-index-in-node=\"0\">ABD<\/b> ve <b data-path-to-node=\"8\" data-index-in-node=\"7\">\u0130ran<\/b>, ge\u00e7ti\u011fimiz \u00c7ar\u015famba g\u00fcn\u00fc <b data-path-to-node=\"8\" data-index-in-node=\"38\">iki haftal\u0131k bir ate\u015fkes<\/b> \u00fczerinde anla\u015fmaya vard\u0131. Hafta sonu <b data-path-to-node=\"8\" data-index-in-node=\"100\">Pakistan<\/b>&#8216;\u0131n ba\u015fkenti <b data-path-to-node=\"8\" data-index-in-node=\"121\">\u0130slamabad<\/b>&#8216;da yap\u0131lacak g\u00f6r\u00fc\u015fmelerle s\u00fcrecin devam etmesi bekleniyor. Ancak Ba\u015fbakan <b data-path-to-node=\"8\" data-index-in-node=\"205\">Starmer<\/b>, bu ate\u015fkesin hen\u00fcz &#8220;<b data-path-to-node=\"8\" data-index-in-node=\"234\">k\u0131r\u0131lgan<\/b>&#8221; oldu\u011funu ve b\u00f6lgedeki m\u00fcttefiklere yard\u0131m etmek i\u00e7in daha fazla \u00e7al\u0131\u015fmaya ihtiya\u00e7 duyuldu\u011funu hat\u0131rlatt\u0131.<\/p>\n<p data-path-to-node=\"9\">K\u00f6rfez b\u00f6lgesindeki gerilimler nedeniyle enerji faturalar\u0131ndaki dalgalanmalardan rahats\u0131z oldu\u011funu dile getiren Ba\u015fbakan, &#8220;<b data-path-to-node=\"9\" data-index-in-node=\"123\">Putin<\/b> veya <b data-path-to-node=\"9\" data-index-in-node=\"134\">Trump<\/b>&#8216;\u0131n eylemleri nedeniyle Birle\u015fik Krall\u0131k&#8217;taki ailelerin faturalar\u0131n\u0131n y\u00fckselip al\u00e7almas\u0131ndan b\u0131kt\u0131m,&#8221; diyerek durumun ekonomik yans\u0131malar\u0131na dikkat \u00e7ekti. <b data-path-to-node=\"9\" data-index-in-node=\"294\">Starmer<\/b>, bu \u00e7at\u0131\u015fman\u0131n bir nesli tan\u0131mlayaca\u011f\u0131n\u0131 ve \u0130ngiltere&#8217;nin bu s\u00fcrece <b data-path-to-node=\"9\" data-index-in-node=\"370\">g\u00fc\u00e7l\u00fc bir \u015fekilde yan\u0131t verece\u011fini<\/b> ekledi.<\/p>\n<\/div>\n<div id=\"briti-1826544894\" class=\"briti-icerikten-sonra_2\" style=\"margin-top: 25px;margin-bottom: 25px;\"><a href=\"https:\/\/wa.me\/message\/NDZLLIOQT4H3O1\" aria-label=\"bytv reklam banner\"><img loading=\"lazy\" decoding=\"async\" src=\"https:\/\/by-tv.co.uk\/wp-content\/uploads\/2025\/12\/bytv-reklam-banner.jpg\" alt=\"\"  width=\"2376\" height=\"1008\"   \/><\/a><\/div>","protected":false},"excerpt":{"rendered":"<p>NATO\u2019nun \u00d6nemi ve Avrupa\u2019n\u0131n Rol\u00fc \u0130ngiltere Ba\u015fbakan\u0131 Sir Keir Starmer, Orta Do\u011fu ziyareti s\u0131ras\u0131nda yapt\u0131\u011f\u0131 a\u00e7\u0131klamada, Donald Trump&#8216;\u0131n ittifaktan \u00e7ekilme tehditlerine ra\u011fmen NATO \u00fcyeli\u011finin ABD&#8216;nin \u00e7\u0131karlar\u0131na hizmet etti\u011fini belirtti. ITV News&#8216;in haberine g\u00f6re Starmer, Avrupa \u00fclkelerinin ve \u0130ngiltere&#8217;nin ittifak\u0131 g\u00fc\u00e7l\u00fc tutmak ad\u0131na daha fazla \u00e7aba g\u00f6stermesi gerekti\u011fini ifade etti. Ba\u015fbakan Starmer, NATO&#8216;nun d\u00fcnyan\u0131n g\u00f6rd\u00fc\u011f\u00fc en etkili askeri ittifak oldu\u011funu belirterek \u015funlar\u0131 s\u00f6yledi: &#8220;NATO hem Amerika&#8217;n\u0131n hem de Avrupa&#8217;n\u0131n \u00e7\u0131karlar\u0131nad\u0131r. Bu ittifak, onlarca y\u0131ld\u0131r bizi her zamankinden \u00e7ok daha g\u00fcvenli bir durumda tutan savunma ama\u00e7l\u0131 bir birliktir.&#8221; H\u00fcrm\u00fcz Bo\u011faz\u0131 ve Sevkiyat Plan\u0131 Starmer ve Trump aras\u0131nda Per\u015fembe gecesi ger\u00e7ekle\u015fen telefon g\u00f6r\u00fc\u015fmesinde, [&hellip;]<\/p>\n","protected":false},"author":11,"featured_media":37448,"comment_status":"open","ping_status":"open","sticky":false,"template":"","format":"standard","meta":{"ngg_post_thumbnail":0,"footnotes":""},"categories":[5269,11,15],"tags":[],"class_list":["post-38548","post","type-post","status-publish","format-standard","has-post-thumbnail","hentry","category-birlesik-krallik","category-dunya","category-ingiltere"],"_links":{"self":[{"href":"https:\/\/by-tv.co.uk\/en\/wp-json\/wp\/v2\/posts\/38548","targetHints":{"allow":["GET"]}}],"collection":[{"href":"https:\/\/by-tv.co.uk\/en\/wp-json\/wp\/v2\/posts"}],"about":[{"href":"https:\/\/by-tv.co.uk\/en\/wp-json\/wp\/v2\/types\/post"}],"author":[{"embeddable":true,"href":"https:\/\/by-tv.co.uk\/en\/wp-json\/wp\/v2\/users\/11"}],"replies":[{"embeddable":true,"href":"https:\/\/by-tv.co.uk\/en\/wp-json\/wp\/v2\/comments?post=38548"}],"version-history":[{"count":2,"href":"https:\/\/by-tv.co.uk\/en\/wp-json\/wp\/v2\/posts\/38548\/revisions"}],"predecessor-version":[{"id":38553,"href":"https:\/\/by-tv.co.uk\/en\/wp-json\/wp\/v2\/posts\/38548\/revisions\/38553"}],"wp:featuredmedia":[{"embeddable":true,"href":"https:\/\/by-tv.co.uk\/en\/wp-json\/wp\/v2\/media\/37448"}],"wp:attachment":[{"href":"https:\/\/by-tv.co.uk\/en\/wp-json\/wp\/v2\/media?parent=38548"}],"wp:term":[{"taxonomy":"category","embeddable":true,"href":"https:\/\/by-tv.co.uk\/en\/wp-json\/wp\/v2\/categories?post=38548"},{"taxonomy":"post_tag","embeddable":true,"href":"https:\/\/by-tv.co.uk\/en\/wp-json\/wp\/v2\/tags?post=38548"}],"curies":[{"name":"wp","href":"https:\/\/api.w.org\/{rel}","templated":true}]}}