{"id":38528,"date":"2026-04-10T10:58:22","date_gmt":"2026-04-10T09:58:22","guid":{"rendered":"https:\/\/by-tv.co.uk\/?p=38528"},"modified":"2026-04-10T10:38:51","modified_gmt":"2026-04-10T09:38:51","slug":"ab-seyahatlerinde-yeni-donem-parmak-izi-ve-fotograf-devri","status":"publish","type":"post","link":"https:\/\/by-tv.co.uk\/en\/ab-seyahatlerinde-yeni-donem-parmak-izi-ve-fotograf-devri\/","title":{"rendered":"AB Seyahatlerinde Yeni D\u00f6nem: Parmak \u0130zi ve Foto\u011fraf Devri"},"content":{"rendered":"<div id=\"model-response-message-contentr_1d9dbd78ff7415a4\" class=\"markdown markdown-main-panel enable-updated-hr-color\" dir=\"ltr\" aria-live=\"polite\" aria-busy=\"false\">\n<h4 data-path-to-node=\"1\"><b data-path-to-node=\"1\" data-index-in-node=\"0\">EES Sistemi Nedir ve Nerelerde Uygulanacak?<\/b><\/h4>\n<p id=\"p-rc_4e84e2ae30002019-25\" data-path-to-node=\"3\"><span data-path-to-node=\"3,0\"><b data-path-to-node=\"3,0\" data-index-in-node=\"23\"><span class=\"citation-92\">Giri\u015f-\u00c7\u0131k\u0131\u015f Sistemi (EES)<\/span><\/b><span class=\"citation-92\">, Birle\u015fik Krall\u0131k vatanda\u015flar\u0131 dahil AB d\u0131\u015f\u0131ndan gelen yolcular\u0131n Schengen B\u00f6lgesi\u2019ne giri\u015f ve \u00e7\u0131k\u0131\u015flar\u0131n\u0131 takip etmek i\u00e7in tasarlanm\u0131\u015f dijital bir kay\u0131t sistemidir<\/span><\/span><span data-path-to-node=\"3,2\">. <\/span><span data-path-to-node=\"3,4\"><b data-path-to-node=\"3,4\" data-index-in-node=\"0\"><span class=\"citation-91\">Fransa<\/span><\/b><span class=\"citation-91\">, <\/span><b data-path-to-node=\"3,4\" data-index-in-node=\"8\"><span class=\"citation-91\">\u0130spanya<\/span><\/b><span class=\"citation-91\">, <\/span><b data-path-to-node=\"3,4\" data-index-in-node=\"17\"><span class=\"citation-91\">\u0130talya<\/span><\/b><span class=\"citation-91\"> ve <\/span><b data-path-to-node=\"3,4\" data-index-in-node=\"27\"><span class=\"citation-91\">Yunanistan<\/span><\/b><span class=\"citation-91\"> gibi pop\u00fcler destinasyonlar\u0131n dahil oldu\u011fu <\/span><b data-path-to-node=\"3,4\" data-index-in-node=\"81\"><span class=\"citation-91\">29 Avrupa \u00fclkesinde<\/span><\/b><span class=\"citation-91\"> ge\u00e7erli olacak bu sistem, pasaportlara fiziksel damga vurulmas\u0131 d\u00f6nemini sona erdirecek<\/span><\/span><span data-path-to-node=\"3,6\">. <b data-path-to-node=\"3,0\" data-index-in-node=\"0\"><span class=\"citation-92\">BBC<\/span><\/b><span class=\"citation-92\">\u2019nin haberine g\u00f6re, <\/span><\/span><span data-path-to-node=\"3,8\"><span class=\"citation-90\">yolcular\u0131n pasaport taramas\u0131n\u0131n yan\u0131 s\u0131ra <\/span><b data-path-to-node=\"3,8\" data-index-in-node=\"42\"><span class=\"citation-90\">parmak izi<\/span><\/b><span class=\"citation-90\"> vermesi ve <\/span><b data-path-to-node=\"3,8\" data-index-in-node=\"64\"><span class=\"citation-90\">y\u00fcz biyometrisi<\/span><\/b><span class=\"citation-90\"> i\u00e7in foto\u011fraflar\u0131n\u0131n \u00e7ekilmesi zorunlu hale getiriliyor<\/span><\/span><span data-path-to-node=\"3,10\">.<\/span><\/p>\n<h4 data-path-to-node=\"4\"><b data-path-to-node=\"4\" data-index-in-node=\"0\">Yolcular\u0131 Neler Bekliyor?<\/b><\/h4>\n<p id=\"p-rc_4e84e2ae30002019-26\" data-path-to-node=\"5\"><span data-path-to-node=\"5,1\"><span class=\"citation-89\">Yeni sistemi ilk kez kullanacak yolcular, havalimanlar\u0131nda veya s\u0131n\u0131r noktalar\u0131ndaki \u00f6zel kiosk cihazlar\u0131nda biyometrik verilerini kaydetmek zorunda kalacaklar<\/span><\/span><span data-path-to-node=\"5,3\">. <\/span><span data-path-to-node=\"5,5\"><b data-path-to-node=\"5,5\" data-index-in-node=\"0\"><span class=\"citation-88\">Dover Liman\u0131<\/span><\/b><span class=\"citation-88\">, <\/span><b data-path-to-node=\"5,5\" data-index-in-node=\"14\"><span class=\"citation-88\">Eurotunnel<\/span><\/b><span class=\"citation-88\"> veya <\/span><b data-path-to-node=\"5,5\" data-index-in-node=\"30\"><span class=\"citation-88\">Eurostar<\/span><\/b><span class=\"citation-88\"> treniyle seyahat edenler, Birle\u015fik Krall\u0131k\u2019tan ayr\u0131lmadan \u00f6nce bu kontrollerden ge\u00e7ecek<\/span><\/span><span data-path-to-node=\"5,7\">. <\/span><span data-path-to-node=\"5,9\"><b data-path-to-node=\"5,9\" data-index-in-node=\"0\"><span class=\"citation-87\">12 ya\u015f alt\u0131ndaki \u00e7ocuklar<\/span><\/b><span class=\"citation-87\"> parmak izi verme zorunlulu\u011fundan muaf tutulurken, yap\u0131lan kay\u0131tlar <\/span><b data-path-to-node=\"5,9\" data-index-in-node=\"93\"><span class=\"citation-87\">3 y\u0131l boyunca<\/span><\/b><span class=\"citation-87\"> ge\u00e7erlili\u011fini koruyacak<\/span><\/span><span data-path-to-node=\"5,11\">.<\/span><\/p>\n<h4 data-path-to-node=\"6\"><b data-path-to-node=\"6\" data-index-in-node=\"0\">Havalimanlar\u0131nda Yo\u011funluk Uyar\u0131s\u0131<\/b><\/h4>\n<p id=\"p-rc_4e84e2ae30002019-27\" data-path-to-node=\"7\"><span data-path-to-node=\"7,1\"><span class=\"citation-86\">Sistemin kademeli olarak devreye al\u0131nmas\u0131na ra\u011fmen, teknolojik aksakl\u0131klar ve kay\u0131t s\u00fcreleri nedeniyle baz\u0131 noktalarda saatlerce s\u00fcren kuyruklar olu\u015ftu<\/span><\/span><span data-path-to-node=\"7,3\">. <\/span><span data-path-to-node=\"7,5\"><b data-path-to-node=\"7,5\" data-index-in-node=\"0\"><span class=\"citation-85\">Avrupa Komisyonu<\/span><\/b><span class=\"citation-85\">, yo\u011fun tatil d\u00f6nemlerinde kuyruklar\u0131 eritmek amac\u0131yla <\/span><b data-path-to-node=\"7,5\" data-index-in-node=\"71\"><span class=\"citation-85\">EES<\/span><\/b><span class=\"citation-85\"> kontrollerinin ge\u00e7ici olarak ask\u0131ya al\u0131nmas\u0131na <\/span><b data-path-to-node=\"7,5\" data-index-in-node=\"122\"><span class=\"citation-85\">Eyl\u00fcl<\/span><\/b><span class=\"citation-85\"> ay\u0131na kadar izin verilebilece\u011fini bildirdi<\/span><\/span><span data-path-to-node=\"7,7\">. <\/span><span data-path-to-node=\"7,9\"><b data-path-to-node=\"7,9\" data-index-in-node=\"0\"><span class=\"citation-84\">Milan<\/span><\/b><span class=\"citation-84\"> ve <\/span><b data-path-to-node=\"7,9\" data-index-in-node=\"9\"><span class=\"citation-84\">Lizbon<\/span><\/b><span class=\"citation-84\"> gibi baz\u0131 havalimanlar\u0131n\u0131n sistemi hen\u00fcz tamamen aktif etmedi\u011fi belirtiliyor.<\/span><\/span><\/p><div id=\"briti-3361770491\" class=\"briti-icerik\" style=\"margin-top: 5px;margin-bottom: 5px;\"><a href=\"https:\/\/piaryum.com\/services\/\" aria-label=\"piaryum banner\"><img loading=\"lazy\" decoding=\"async\" src=\"https:\/\/by-tv.co.uk\/wp-content\/uploads\/2025\/12\/Gemini_Generated_Image_g5yqr1g5yqr1g5yq.jpg\" alt=\"\"  width=\"2064\" height=\"1152\"   \/><\/a><\/div>\n<h4 data-path-to-node=\"8\"><b data-path-to-node=\"8\" data-index-in-node=\"0\">Gelecek Ad\u0131m: ETIAS Vize Muafiyet Sistemi<\/b><\/h4>\n<p id=\"p-rc_4e84e2ae30002019-28\" data-path-to-node=\"9\"><span data-path-to-node=\"9,1\"><span class=\"citation-83\">AB, <\/span><b data-path-to-node=\"9,1\" data-index-in-node=\"4\"><span class=\"citation-83\">2026<\/span><\/b><span class=\"citation-83\"> y\u0131l\u0131n\u0131n sonundan itibaren <\/span><b data-path-to-node=\"9,1\" data-index-in-node=\"35\"><span class=\"citation-83\">EES<\/span><\/b><span class=\"citation-83\"> \u00fczerine in\u015fa edilecek olan <\/span><b data-path-to-node=\"9,1\" data-index-in-node=\"66\"><span class=\"citation-83\">ETIAS<\/span><\/b><span class=\"citation-83\"> sistemini de ba\u015flatmay\u0131 planl\u0131yor<\/span><\/span><span data-path-to-node=\"9,3\">. <\/span><span data-path-to-node=\"9,5\"><span class=\"citation-82\">Birle\u015fik Krall\u0131k vatanda\u015flar\u0131 dahil vizesiz seyahat edenlerin seyahat \u00f6ncesi online yetkilendirme almas\u0131 gerekecek<\/span><\/span><span data-path-to-node=\"9,7\">. <\/span><span data-path-to-node=\"9,9\"><span class=\"citation-81\">Ba\u015fvuru \u00fccreti <\/span><b data-path-to-node=\"9,9\" data-index-in-node=\"15\"><span class=\"citation-81\">7 Euro<\/span><\/b><span class=\"citation-81\"> olarak belirlenirken, <\/span><b data-path-to-node=\"9,9\" data-index-in-node=\"44\"><span class=\"citation-81\">18 ya\u015f alt\u0131<\/span><\/b><span class=\"citation-81\"> ve <\/span><b data-path-to-node=\"9,9\" data-index-in-node=\"59\"><span class=\"citation-81\">70 ya\u015f \u00fcst\u00fc<\/span><\/b><span class=\"citation-81\"> yolcular bu \u00fccretten muaf tutulacak<\/span><\/span><span data-path-to-node=\"9,11\">.<\/span><\/p>\n<\/div>\n<div id=\"briti-1027170684\" class=\"briti-icerikten-sonra_2\" style=\"margin-top: 25px;margin-bottom: 25px;\"><a href=\"https:\/\/wa.me\/message\/NDZLLIOQT4H3O1\" aria-label=\"bytv reklam banner\"><img loading=\"lazy\" decoding=\"async\" src=\"https:\/\/by-tv.co.uk\/wp-content\/uploads\/2025\/12\/bytv-reklam-banner.jpg\" alt=\"\"  width=\"2376\" height=\"1008\"   \/><\/a><\/div>","protected":false},"excerpt":{"rendered":"<p>EES Sistemi Nedir ve Nerelerde Uygulanacak? Giri\u015f-\u00c7\u0131k\u0131\u015f Sistemi (EES), Birle\u015fik Krall\u0131k vatanda\u015flar\u0131 dahil AB d\u0131\u015f\u0131ndan gelen yolcular\u0131n Schengen B\u00f6lgesi\u2019ne giri\u015f ve \u00e7\u0131k\u0131\u015flar\u0131n\u0131 takip etmek i\u00e7in tasarlanm\u0131\u015f dijital bir kay\u0131t sistemidir. Fransa, \u0130spanya, \u0130talya ve Yunanistan gibi pop\u00fcler destinasyonlar\u0131n dahil oldu\u011fu 29 Avrupa \u00fclkesinde ge\u00e7erli olacak bu sistem, pasaportlara fiziksel damga vurulmas\u0131 d\u00f6nemini sona erdirecek. BBC\u2019nin haberine g\u00f6re, yolcular\u0131n pasaport taramas\u0131n\u0131n yan\u0131 s\u0131ra parmak izi vermesi ve y\u00fcz biyometrisi i\u00e7in foto\u011fraflar\u0131n\u0131n \u00e7ekilmesi zorunlu hale getiriliyor. Yolcular\u0131 Neler Bekliyor? Yeni sistemi ilk kez kullanacak yolcular, havalimanlar\u0131nda veya s\u0131n\u0131r noktalar\u0131ndaki \u00f6zel kiosk cihazlar\u0131nda biyometrik verilerini kaydetmek zorunda kalacaklar. Dover Liman\u0131, Eurotunnel veya Eurostar [&hellip;]<\/p>\n","protected":false},"author":11,"featured_media":34807,"comment_status":"open","ping_status":"open","sticky":false,"template":"","format":"standard","meta":{"ngg_post_thumbnail":0,"footnotes":""},"categories":[5269,4386,11],"tags":[],"class_list":["post-38528","post","type-post","status-publish","format-standard","has-post-thumbnail","hentry","category-birlesik-krallik","category-birlesik-kralllik-avrupa-birligi","category-dunya"],"_links":{"self":[{"href":"https:\/\/by-tv.co.uk\/en\/wp-json\/wp\/v2\/posts\/38528","targetHints":{"allow":["GET"]}}],"collection":[{"href":"https:\/\/by-tv.co.uk\/en\/wp-json\/wp\/v2\/posts"}],"about":[{"href":"https:\/\/by-tv.co.uk\/en\/wp-json\/wp\/v2\/types\/post"}],"author":[{"embeddable":true,"href":"https:\/\/by-tv.co.uk\/en\/wp-json\/wp\/v2\/users\/11"}],"replies":[{"embeddable":true,"href":"https:\/\/by-tv.co.uk\/en\/wp-json\/wp\/v2\/comments?post=38528"}],"version-history":[{"count":2,"href":"https:\/\/by-tv.co.uk\/en\/wp-json\/wp\/v2\/posts\/38528\/revisions"}],"predecessor-version":[{"id":38532,"href":"https:\/\/by-tv.co.uk\/en\/wp-json\/wp\/v2\/posts\/38528\/revisions\/38532"}],"wp:featuredmedia":[{"embeddable":true,"href":"https:\/\/by-tv.co.uk\/en\/wp-json\/wp\/v2\/media\/34807"}],"wp:attachment":[{"href":"https:\/\/by-tv.co.uk\/en\/wp-json\/wp\/v2\/media?parent=38528"}],"wp:term":[{"taxonomy":"category","embeddable":true,"href":"https:\/\/by-tv.co.uk\/en\/wp-json\/wp\/v2\/categories?post=38528"},{"taxonomy":"post_tag","embeddable":true,"href":"https:\/\/by-tv.co.uk\/en\/wp-json\/wp\/v2\/tags?post=38528"}],"curies":[{"name":"wp","href":"https:\/\/api.w.org\/{rel}","templated":true}]}}